{"id":10511,"date":"2020-06-09T18:26:47","date_gmt":"2020-06-09T16:26:47","guid":{"rendered":"http:\/\/agora.xtec.cat\/ceiprieraderibes\/?p=10511"},"modified":"2020-06-09T18:26:47","modified_gmt":"2020-06-09T16:26:47","slug":"una-finestra-plena-dart","status":"publish","type":"post","link":"https:\/\/agora.xtec.cat\/ceiprieraderibes\/general\/una-finestra-plena-dart\/","title":{"rendered":"Una finestra plena D&#8217;ART"},"content":{"rendered":"<p>Durant el confinament, ens heu demostrat que els nens i nenes de Primer Cicle esteu fets uns\/es ARTISTES!! Heu creat danses, hist\u00f2ries, heu fet dibuixos meravellosos, fotografies art\u00edstiques&#8230; Un munt de coses! A m\u00e9s, cadasc\u00fa ha pogut treballar en aquell tipus d&#8217;art que m\u00e9s li ha agradat! Voleu veure els resultats??<\/p>\n<div class=\"padlet-embed\" style=\"border:1px solid rgba(0,0,0,0.1);border-radius:2px;box-sizing:border-box;overflow:hidden;position:relative;width:100%;background:#F4F4F4\">\n<p style=\"padding:0;margin:0\"><iframe src=\"https:\/\/padlet.com\/embed\/ed5q1aem8fe1v3ji\" frameborder=\"0\" allow=\"camera;microphone;geolocation\" style=\"width:100%;height:608px;display:block;padding:0;margin:0\"><\/iframe><\/p>\n<div style=\"padding:8px;text-align:right;margin:0;\"><a href=\"https:\/\/padlet.com?ref=embed\" style=\"padding:0;margin:0;border:none;display:block;line-height:1;height:16px\" target=\"_blank\" rel=\"noopener noreferrer\"><img loading=\"lazy\" decoding=\"async\" src=\"https:\/\/padlet.net\/embeds\/made_with_padlet.png\" width=\"86\" height=\"16\" style=\"padding:0;margin:0;background:none;border:none;display:inline;box-shadow:none\" alt=\"Fet amb Padlet\"><\/a><\/div>\n<\/div>\n<p>No us oblideu de deixar aqu\u00ed baix un comentari si voleu!<\/p>\n","protected":false},"excerpt":{"rendered":"<p>Durant el confinament, ens heu demostrat que els nens i nenes de Primer Cicle esteu fets uns\/es ARTISTES!! Heu creat danses, hist\u00f2ries, heu fet dibuixos meravellosos, fotografies art\u00edstiques&#8230; Un munt de coses! A m\u00e9s, cadasc\u00fa ha pogut treballar en aquell tipus d&#8217;art que m\u00e9s li&hellip;  <a href=\"https:\/\/agora.xtec.cat\/ceiprieraderibes\/general\/una-finestra-plena-dart\/\" title=\"Read Una finestra plena D&#8217;ART\">Llegeix m\u00e9s\u00bb<\/a><\/p>\n","protected":false},"author":175,"featured_media":0,"comment_status":"open","ping_status":"closed","sticky":false,"template":"","format":"standard","meta":{"_bbp_topic_count":0,"_bbp_reply_count":0,"_bbp_total_topic_count":0,"_bbp_total_reply_count":0,"_bbp_voice_count":0,"_bbp_anonymous_reply_count":0,"_bbp_topic_count_hidden":0,"_bbp_reply_count_hidden":0,"_bbp_forum_subforum_count":0,"footnotes":""},"categories":[48,47,157,1],"tags":[],"class_list":["post-10511","post","type-post","status-publish","format-standard","hentry","category-generacio-2011","category-generacio-2012","category-generacio-2013","category-general"],"post_mailing_queue_ids":[],"_links":{"self":[{"href":"https:\/\/agora.xtec.cat\/ceiprieraderibes\/wp-json\/wp\/v2\/posts\/10511","targetHints":{"allow":["GET"]}}],"collection":[{"href":"https:\/\/agora.xtec.cat\/ceiprieraderibes\/wp-json\/wp\/v2\/posts"}],"about":[{"href":"https:\/\/agora.xtec.cat\/ceiprieraderibes\/wp-json\/wp\/v2\/types\/post"}],"author":[{"embeddable":true,"href":"https:\/\/agora.xtec.cat\/ceiprieraderibes\/wp-json\/wp\/v2\/users\/175"}],"replies":[{"embeddable":true,"href":"https:\/\/agora.xtec.cat\/ceiprieraderibes\/wp-json\/wp\/v2\/comments?post=10511"}],"version-history":[{"count":1,"href":"https:\/\/agora.xtec.cat\/ceiprieraderibes\/wp-json\/wp\/v2\/posts\/10511\/revisions"}],"predecessor-version":[{"id":10512,"href":"https:\/\/agora.xtec.cat\/ceiprieraderibes\/wp-json\/wp\/v2\/posts\/10511\/revisions\/10512"}],"wp:attachment":[{"href":"https:\/\/agora.xtec.cat\/ceiprieraderibes\/wp-json\/wp\/v2\/media?parent=10511"}],"wp:term":[{"taxonomy":"category","embeddable":true,"href":"https:\/\/agora.xtec.cat\/ceiprieraderibes\/wp-json\/wp\/v2\/categories?post=10511"},{"taxonomy":"post_tag","embeddable":true,"href":"https:\/\/agora.xtec.cat\/ceiprieraderibes\/wp-json\/wp\/v2\/tags?post=10511"}],"curies":[{"name":"wp","href":"https:\/\/api.w.org\/{rel}","templated":true}]}}