{"id":10490,"date":"2020-06-08T09:00:54","date_gmt":"2020-06-08T07:00:54","guid":{"rendered":"http:\/\/agora.xtec.cat\/ceiprieraderibes\/?p=10490"},"modified":"2020-06-09T08:47:16","modified_gmt":"2020-06-09T06:47:16","slug":"segon-cicle-proposta-del-8-al-16-de-juny","status":"publish","type":"post","link":"https:\/\/agora.xtec.cat\/ceiprieraderibes\/portada\/segon-cicle-proposta-del-8-al-16-de-juny\/","title":{"rendered":"Segon Cicle: Proposta del 8 al 16 de juny"},"content":{"rendered":"<p style=\"text-align: justify\"><span style=\"font-weight: 400\">Benvolgudes fam\u00edlies i nois i noies!<\/span><\/p>\n<p style=\"text-align: justify\"><span style=\"font-weight: 400\">Estem arribant a aquest final de curs tan particular i us fem una proposta d\u2019activitats que esperem que us agradi! Voleu caminar, veure una peli, menjar\u2026? Doncs endavant amb les propostes!<\/span><\/p>\n<p style=\"text-align: justify\"><span style=\"font-weight: 400\">Aqu\u00ed teniu la proposta per la setmana <\/span><b>del 8 de juny i que anir\u00e0 fins el 16<\/b><span style=\"font-weight: 400\">.<\/span><\/p>\n<p style=\"text-align: justify\"><span style=\"font-weight: 400\">Les activitats que cal que faci tothom aquesta setmana s\u00f3n:<\/span><\/p>\n<ul style=\"text-align: justify\">\n<li><b>Dins\/fora: <span style=\"font-weight: 400\">El curs s\u2019est\u00e0 acabant, aquesta \u00e9s l\u2019\u00faltima proposta del Dins\/Fora d\u2019aquest curs i, qu\u00e8 millor per a acabar que recordar all\u00f2 que <\/span>m\u00e9s us ha agradat<span style=\"font-weight: 400\"> des de que va comen\u00e7ar? <a href=\"https:\/\/agora.xtec.cat\/ceiprieraderibes\/wp-content\/uploads\/usu901\/2020\/06\/DINS_FORA_-A-recordar-bons-moments.pdf\">DINS_FORA_ A recordar bons moments!<\/a><\/span><\/b><\/li>\n<li><b style=\"font-family: inherit;font-size: 1em\">Grup de lectura: <span style=\"font-weight: 400\">les vacances ja s\u00f3n a prop, aix\u00ed que continuarem parlant dels llibres que esteu llegint perqu\u00e8 us pugueu recomanar entre vosaltres lectures per a l&#8217;estiu.\u00a0 <\/span><\/b>At\u00e8s que aquesta proposta \u00e9s l&#8217;\u00faltima que us enviem, cada tutor o mestre referent us dir\u00e0 exactament quin dia fareu el tancament. \u00c9s a dir, no us preocupeu pel grup de lectura de l&#8217;\u00faltima setmana, els vostres mestres us faran saber qu\u00e8 \u00e9s el que heu de fer.<\/li>\n<\/ul>\n<p style=\"text-align: justify\"><span style=\"font-weight: 400\">I d\u2019aquestes quatre propostes n\u2019haureu de triar dues. Recomanem als nois i noies de sis\u00e8 fer-les totes.\u00a0<\/span><\/p>\n<ol>\n<li><b><i>La Cova del Gegant, Sitges:<\/i> <span style=\"font-weight: 400\">Cada any, veiem que el mar s\u2019emporta sorra de les platges i, tamb\u00e9 veiem com nosaltres, els humans, aboquem sorra a la platja per a reposar la p\u00e8rdua. Per qu\u00e8 fem aix\u00f2? Qu\u00e8 est\u00e0 passant? <\/span><\/b>Si vols saber-ne m\u00e9s i descobrir un lloc de Sitges clau en la Prehist\u00f2ria, t\u2019animem a fer aquesta proposta!<\/li>\n<li><b style=\"font-family: inherit;font-size: 1em\"><i>Frases impactants: <span style=\"font-weight: 400\">Podem transmetre i rebre informaci\u00f3 nom\u00e9s amb una imatge? I amb una frase curta? Us convidem a investigar les vostres eines comunicatives i visuals.<\/span><\/i><\/b><\/li>\n<li><b><b><i>Cinema a casa: <\/i><\/b><\/b>Aquesta setmana et portem dues propostes per reflexionar sobre el m\u00f3n qu\u00e8 vivim. Trieu-ne una.<\/li>\n<li><b style=\"font-family: inherit;font-size: 1em\"><i>Explorant la cuina: <span style=\"font-weight: 400\">Recordeu que fa unes setmanes us vam demanar que escriv\u00edssiu una recepta de cuina? Ara, el que us proposem \u00e9s\u2026 PASSAR A L\u2019ACCI\u00d3!! Entra en la proposta per a saber-ne m\u00e9s!<\/span><\/i><\/b><\/li>\n<li><strong>Cinema en curs:<\/strong> <span style=\"text-decoration: underline\"><span style=\"font-weight: 400\">nom\u00e9s l\u2019han de fer els alumnes d\u2019aquest projecte.<\/span><\/span><\/li>\n<\/ol>\n<p style=\"text-align: justify\"><a href=\"https:\/\/agora.xtec.cat\/ceiprieraderibes\/wp-content\/uploads\/usu901\/2020\/06\/LA-COVA-DEL-GEGANT-1.pdf\">LA COVA DEL GEGANT <\/a><\/p>\n<p><a href=\"https:\/\/agora.xtec.cat\/ceiprieraderibes\/wp-content\/uploads\/usu901\/2020\/06\/FRASES-IMPACTANTS-1.pdf\">FRASES IMPACTANTS! <\/a><\/p>\n<p><a href=\"https:\/\/agora.xtec.cat\/ceiprieraderibes\/wp-content\/uploads\/usu901\/2020\/06\/Cine-a-casa.pdf\">CINEMA A CASA<\/a><\/p>\n<p><a href=\"https:\/\/agora.xtec.cat\/ceiprieraderibes\/wp-content\/uploads\/usu901\/2020\/06\/EXPLORANT-LA-CUINA.pdf\">EXPLORANT LA CUINA<\/a><\/p>\n<p><a href=\"https:\/\/agora.xtec.cat\/ceiprieraderibes\/wp-content\/uploads\/usu901\/2020\/06\/Tasques-cinema-en-curs-setmana-del-8-de-juny-de-2020.pdf\">CINEMA EN CURS <\/a><\/p>\n<p style=\"text-align: justify\">Recordar-vos tamb\u00e9 que quan feu una activitat ja la podeu enviar a l\u2019adre\u00e7a e-mail:\u00a0 segoncicleriera@gmail.com. Envieu-les una per una, no cal esperar a tenir-les totes fetes. Tamb\u00e9 recordeu posar el nom de l\u2019alumne i el nivell (4t, 5\u00e8 o 6\u00e8) a l\u2019assumpte i el nom de la proposta.<\/p>\n<p style=\"text-align: justify\"><b>CONFER\u00c8NCIES:<\/b><\/p>\n<p style=\"text-align: justify\">Aquestes dues \u00faltimes setmanes en tenim dues:<\/p>\n<ul style=\"text-align: justify\">\n<li><b>Laia Moreno (5\u00e8): <span style=\"font-weight: 400\"><em>Joana Biarn\u00e8s: una entre tots, la primera dona fotoperiodista<\/em>. <\/span><span style=\"text-decoration: underline\"><span style=\"font-weight: 400\">Dimarts, 9 de juny a les 16:00h<\/span><\/span><\/b><\/li>\n<\/ul>\n<ul>\n<li><strong>Lucas Roca (5\u00e8):<\/strong><i><span style=\"font-weight: 400\"> Aus migrat\u00f2ries. <\/span><\/i><span style=\"text-decoration: underline\"><span style=\"font-weight: 400\">Dilluns, 15 de juny a les 10:00h<\/span><\/span><\/li>\n<li><strong>Jan Bernad\u00f3 (6\u00e8):<\/strong> <em>Els esports per discapacitats.<\/em> <span style=\"text-decoration: underline\">Dilluns, 15 de juny a les 10:00h<\/span><\/li>\n<\/ul>\n<p style=\"text-align: justify\">Via APP us passarem les dades i normes d\u2019acc\u00e9s.<\/p>\n<p>Gr\u00e0cies i endavant amb la feina!!!<\/p>\n<p>Equip docent de Segon Cicle Riera de Ribes<\/p>\n","protected":false},"excerpt":{"rendered":"<p>Benvolgudes fam\u00edlies i nois i noies!<br \/>\nEstem arribant a aquest final de curs tan particular i us fem una proposta d\u2019activitats que esperem que us agradi! Voleu caminar, veure una peli, menjar\u2026? Doncs endavant amb les propostes!<br \/>\nAqu\u00ed teniu la proposta per la setmana del 8 de&hellip;  <a href=\"https:\/\/agora.xtec.cat\/ceiprieraderibes\/portada\/segon-cicle-proposta-del-8-al-16-de-juny\/\" title=\"Read Segon Cicle: Proposta del 8 al 16 de juny\">Llegeix m\u00e9s\u00bb<\/a><\/p>\n","protected":false},"author":1,"featured_media":0,"comment_status":"open","ping_status":"closed","sticky":false,"template":"","format":"standard","meta":{"_bbp_topic_count":0,"_bbp_reply_count":0,"_bbp_total_topic_count":0,"_bbp_total_reply_count":0,"_bbp_voice_count":0,"_bbp_anonymous_reply_count":0,"_bbp_topic_count_hidden":0,"_bbp_reply_count_hidden":0,"_bbp_forum_subforum_count":0,"footnotes":""},"categories":[51,50,49,4],"tags":[],"class_list":["post-10490","post","type-post","status-publish","format-standard","hentry","category-generacio-2008","category-generacio-2009","category-generacio-2010","category-portada"],"post_mailing_queue_ids":[],"_links":{"self":[{"href":"https:\/\/agora.xtec.cat\/ceiprieraderibes\/wp-json\/wp\/v2\/posts\/10490","targetHints":{"allow":["GET"]}}],"collection":[{"href":"https:\/\/agora.xtec.cat\/ceiprieraderibes\/wp-json\/wp\/v2\/posts"}],"about":[{"href":"https:\/\/agora.xtec.cat\/ceiprieraderibes\/wp-json\/wp\/v2\/types\/post"}],"author":[{"embeddable":true,"href":"https:\/\/agora.xtec.cat\/ceiprieraderibes\/wp-json\/wp\/v2\/users\/1"}],"replies":[{"embeddable":true,"href":"https:\/\/agora.xtec.cat\/ceiprieraderibes\/wp-json\/wp\/v2\/comments?post=10490"}],"version-history":[{"count":4,"href":"https:\/\/agora.xtec.cat\/ceiprieraderibes\/wp-json\/wp\/v2\/posts\/10490\/revisions"}],"predecessor-version":[{"id":10504,"href":"https:\/\/agora.xtec.cat\/ceiprieraderibes\/wp-json\/wp\/v2\/posts\/10490\/revisions\/10504"}],"wp:attachment":[{"href":"https:\/\/agora.xtec.cat\/ceiprieraderibes\/wp-json\/wp\/v2\/media?parent=10490"}],"wp:term":[{"taxonomy":"category","embeddable":true,"href":"https:\/\/agora.xtec.cat\/ceiprieraderibes\/wp-json\/wp\/v2\/categories?post=10490"},{"taxonomy":"post_tag","embeddable":true,"href":"https:\/\/agora.xtec.cat\/ceiprieraderibes\/wp-json\/wp\/v2\/tags?post=10490"}],"curies":[{"name":"wp","href":"https:\/\/api.w.org\/{rel}","templated":true}]}}