{"id":10469,"date":"2020-06-02T17:30:59","date_gmt":"2020-06-02T15:30:59","guid":{"rendered":"http:\/\/agora.xtec.cat\/ceiprieraderibes\/?p=10469"},"modified":"2020-06-03T00:27:32","modified_gmt":"2020-06-02T22:27:32","slug":"propostes-per-primer-cicle-setmana-del-2-al-8-de-juny","status":"publish","type":"post","link":"https:\/\/agora.xtec.cat\/ceiprieraderibes\/portada\/propostes-per-primer-cicle-setmana-del-2-al-8-de-juny\/","title":{"rendered":"Propostes per Primer Cicle: setmana del 2 al 8 de juny"},"content":{"rendered":"<h4><span style=\"color: #ff6600;\">Propostes per Primer Cicle: setmana del 2 al 8 de juny<\/span><\/h4>\n<p><span style=\"font-weight: 400;\">Aqu\u00ed us deixem les propostes d\u2019aquesta setmana!! Les estem dissenyant a partir de les respostes que vareu donar a l\u2019enquesta on ens d\u00e8ieu sobre qu\u00e8 us agradaria treballar i aprendre..\u00a0<\/span><\/p>\n<p><span style=\"font-weight: 400;\">Recorda que pots fer tantes com vulguis!! Et recomanem que var\u00efis el tipus de feines que fas. Ah! I no passa res si aquesta setmana ens envies propostes de la setmana passada, la intenci\u00f3 \u00e9s estar connectats i connectades!!<\/span><\/p>\n<p style=\"text-align: justify;\"><span style=\"font-weight: 400;\">Quan les tinguis, envia-les per correu electr\u00f2nic en forma de foto, petit video, document&#8230; El email \u00e9s <\/span><a href=\"mailto:primercicleriera@gmail.com\"><span style=\"font-weight: 400;\">primercicleriera@gmail.com<\/span><\/a><span style=\"font-weight: 400;\">. Veur\u00e0s que despr\u00e9s de cada proposta hi ha una petita reflexi\u00f3 a fer sobre la feina feta. Ja saps! Reflexionar ens ajuda a millorar. Si et cal, demana ajuda per fer-la<\/span><\/p>\n<ul>\n<li style=\"text-align: justify;\"><em><span style=\"font-weight: 400;\">Fes clic <\/span><span style=\"font-weight: 400;\"><a href=\"https:\/\/drive.google.com\/open?id=1-tB3m2Q-8s1nA42cz7qfj6nIyEa00XgXNswZZ_auu-4\">a<em>qu<\/em>\u00ed<\/a> <\/span><span style=\"font-weight: 400;\">per accedir al document amb lletra de PAL.<\/span><\/em><\/li>\n<li style=\"text-align: justify;\"><em><span style=\"font-weight: 400;\">Fes clic <\/span><a href=\"https:\/\/drive.google.com\/open?id=1_e5UlIITvtpW3qQY_2VdRtziuMIT-UjZ1J_HIfexFnA\"><span style=\"font-weight: 400;\">aqu\u00ed <\/span><\/a><span style=\"font-weight: 400;\">per accedir al document amb lletra d&#8217;impremta.<\/span><\/em><\/li>\n<\/ul>\n<pre><i><span style=\"font-weight: 400;\">Si vas a \u201cArchivo\u201d, i busques \u201cDescargar\u201d, podr\u00e0s descarregar-te el document al teu dispositiu.<\/span><\/i><\/pre>\n<p>&nbsp;<\/p>\n<p><strong>Fam\u00edlies, recordeu respondre el q\u00fcestionari per les entrevistes telef\u00f2niques abans de dimecres 3 de juny.\u00a0 Trobareu els enlla\u00e7os a l\u2019App de l\u2019escola. <\/strong><\/p>\n","protected":false},"excerpt":{"rendered":"<p>Propostes per Primer Cicle: setmana del 2 al 8 de juny<br \/>\nAqu\u00ed us deixem les propostes d\u2019aquesta setmana!! Les estem dissenyant a partir de les respostes que vareu donar a l\u2019enquesta on ens d\u00e8ieu sobre qu\u00e8 us agradaria treballar i aprendre..\u00a0<br \/>\nRecorda que pots fer tantes com&hellip;  <a href=\"https:\/\/agora.xtec.cat\/ceiprieraderibes\/portada\/propostes-per-primer-cicle-setmana-del-2-al-8-de-juny\/\" title=\"Read Propostes per Primer Cicle: setmana del 2 al 8 de juny\">Llegeix m\u00e9s\u00bb<\/a><\/p>\n","protected":false},"author":175,"featured_media":10470,"comment_status":"open","ping_status":"closed","sticky":false,"template":"","format":"standard","meta":{"_bbp_topic_count":0,"_bbp_reply_count":0,"_bbp_total_topic_count":0,"_bbp_total_reply_count":0,"_bbp_voice_count":0,"_bbp_anonymous_reply_count":0,"_bbp_topic_count_hidden":0,"_bbp_reply_count_hidden":0,"_bbp_forum_subforum_count":0,"footnotes":""},"categories":[48,47,157,4],"tags":[],"class_list":["post-10469","post","type-post","status-publish","format-standard","has-post-thumbnail","hentry","category-generacio-2011","category-generacio-2012","category-generacio-2013","category-portada"],"post_mailing_queue_ids":[],"_links":{"self":[{"href":"https:\/\/agora.xtec.cat\/ceiprieraderibes\/wp-json\/wp\/v2\/posts\/10469","targetHints":{"allow":["GET"]}}],"collection":[{"href":"https:\/\/agora.xtec.cat\/ceiprieraderibes\/wp-json\/wp\/v2\/posts"}],"about":[{"href":"https:\/\/agora.xtec.cat\/ceiprieraderibes\/wp-json\/wp\/v2\/types\/post"}],"author":[{"embeddable":true,"href":"https:\/\/agora.xtec.cat\/ceiprieraderibes\/wp-json\/wp\/v2\/users\/175"}],"replies":[{"embeddable":true,"href":"https:\/\/agora.xtec.cat\/ceiprieraderibes\/wp-json\/wp\/v2\/comments?post=10469"}],"version-history":[{"count":3,"href":"https:\/\/agora.xtec.cat\/ceiprieraderibes\/wp-json\/wp\/v2\/posts\/10469\/revisions"}],"predecessor-version":[{"id":10474,"href":"https:\/\/agora.xtec.cat\/ceiprieraderibes\/wp-json\/wp\/v2\/posts\/10469\/revisions\/10474"}],"wp:featuredmedia":[{"embeddable":true,"href":"https:\/\/agora.xtec.cat\/ceiprieraderibes\/wp-json\/wp\/v2\/media\/10470"}],"wp:attachment":[{"href":"https:\/\/agora.xtec.cat\/ceiprieraderibes\/wp-json\/wp\/v2\/media?parent=10469"}],"wp:term":[{"taxonomy":"category","embeddable":true,"href":"https:\/\/agora.xtec.cat\/ceiprieraderibes\/wp-json\/wp\/v2\/categories?post=10469"},{"taxonomy":"post_tag","embeddable":true,"href":"https:\/\/agora.xtec.cat\/ceiprieraderibes\/wp-json\/wp\/v2\/tags?post=10469"}],"curies":[{"name":"wp","href":"https:\/\/api.w.org\/{rel}","templated":true}]}}