{"id":10435,"date":"2020-06-01T08:50:56","date_gmt":"2020-06-01T06:50:56","guid":{"rendered":"http:\/\/agora.xtec.cat\/ceiprieraderibes\/?p=10435"},"modified":"2020-06-01T16:33:53","modified_gmt":"2020-06-01T14:33:53","slug":"segon-cicle-proposta-setmanal-de-l1-al-5-de-juny","status":"publish","type":"post","link":"https:\/\/agora.xtec.cat\/ceiprieraderibes\/portada\/segon-cicle-proposta-setmanal-de-l1-al-5-de-juny\/","title":{"rendered":"Segon Cicle: Proposta setmanal de l&#8217;1 al 5 de juny"},"content":{"rendered":"<p style=\"text-align: justify\"><span style=\"font-weight: 400\">Estimades fam\u00edlies,\u00a0<\/span><\/p>\n<p style=\"text-align: justify\"><span style=\"font-weight: 400\">Us informem de les activitats a realitzar la setmana de l\u20191 al 5 de juny.<\/span><\/p>\n<p style=\"text-align: justify\"><span style=\"font-weight: 400\">Les activitats que cal que faci tothom aquesta setmana s\u00f3n:<\/span><\/p>\n<ul style=\"text-align: justify\">\n<li><b>Dins\/Fora: <i>Els h\u00e0bits saludables: <\/i><span style=\"font-weight: 400\">Estem acabant el curs i sempre va b\u00e9 reflexionar sobre els nostres h\u00e0bits saludables; Estic en forma? Descanso i dormo les hores que em fan falta? Tinc en compte la meva alimentaci\u00f3? S\u00f3c conscient i porto un estil de vida saludable? He de millorar en algun aspecte? En aquesta activitat coneixereu quins h\u00e0bits teniu i quins podeu millorar. <a href=\"https:\/\/agora.xtec.cat\/ceiprieraderibes\/wp-content\/uploads\/usu901\/2020\/05\/Dins_Fora_-ELS-HA\u0300BITS-SALUDABLES.pdf\">Dins_Fora_ ELS HA\u0300BITS SALUDABLES<\/a><\/span><\/b><\/li>\n<\/ul>\n<ul>\n<li style=\"text-align: justify\"><strong>Tert\u00falia liter\u00e0ria:<\/strong> <span style=\"font-weight: 400\">prepareu un petit comentari dels llibres que esteu llegint.<\/span><\/li>\n<\/ul>\n<p style=\"text-align: justify\"><span style=\"font-weight: 400\">I d\u2019aquestes quatre propostes n\u2019haureu de triar dues. <\/span><span style=\"font-weight: 400\">Recomanem als nois i noies de sis\u00e8 fer-les totes:<\/span><\/p>\n<ol style=\"text-align: justify\">\n<li><b><i>Els fant\u00e0stics llibres voladors<\/i><\/b><span style=\"font-weight: 400\">. Et proposem visionar un curtmetratge d\u2019animaci\u00f3 en el que podr\u00e0s reflexionar sobre el perqu\u00e8 llegir.<\/span><\/li>\n<li><b><i>Comarques\/regions sanit\u00e0ries. <\/i><\/b><span style=\"font-weight: 400\">Fins ara quan mir\u00e0vem un mapa de Catalunya sovint el veiem dividit en comarques. Darrerament el veiem dividit en regions sanit\u00e0ries. En aquesta activitat podem comparar aquests mapes i con\u00e8ixer una mica m\u00e9s el nostre pa\u00eds.\u00a0<\/span><\/li>\n<li><b><i>Desconfinament: canvi de fase?. <\/i><\/b><span style=\"font-weight: 400\">Sentim molt a parlar de les regions sanit\u00e0ries, de fet s\u00f3n la clau per decidir quin territori es desconfina i quin no. Amb aquesta activitat podr\u00e0s pensar quins s\u00f3n els motius que fan que no tothom es desconfini en el mateix moment.<\/span><\/li>\n<li><b><i>Descrivim un lloc en angl\u00e8s. <\/i><\/b><span style=\"font-weight: 400\">Recordeu que a l\u2019escola vam aprendre a descriure les persones en angl\u00e8s? Ara us proposem descriure un lloc.<\/span><\/li>\n<li><b>Cinema en curs:<\/b><span style=\"font-weight: 400\"> continuem amb la feina que estem fent.\u00a0<\/span><\/li>\n<\/ol>\n<p style=\"text-align: justify\"><a href=\"https:\/\/agora.xtec.cat\/ceiprieraderibes\/wp-content\/uploads\/usu901\/2020\/05\/Els-fanta\u0300stics-llibres-voladors-.pdf\">Els fanta\u0300stics llibres voladors<\/a><\/p>\n<p><a href=\"https:\/\/agora.xtec.cat\/ceiprieraderibes\/wp-content\/uploads\/usu901\/2020\/05\/Comarques_Regions-sanita\u0300ries.pdf\">Comarques_Regions sanita\u0300ries<\/a><\/p>\n<p><a href=\"https:\/\/agora.xtec.cat\/ceiprieraderibes\/wp-content\/uploads\/usu901\/2020\/05\/Desconfinament-canvi-de-fase.pdf\">Desconfinament, canvi de fase<\/a><\/p>\n<p><a href=\"https:\/\/agora.xtec.cat\/ceiprieraderibes\/wp-content\/uploads\/usu901\/2020\/05\/Describing-a-place.pdf\">Describing a place<\/a><\/p>\n<p style=\"text-align: justify\"><span style=\"font-weight: 400\">Recordar-vos tamb\u00e9 que quan feu una activitat ja la podeu enviar a l\u2019adre\u00e7a e-mail:\u00a0 segoncicleriera@gmail.com. Envieu-les una per una, no cal esperar a tenir-les totes fetes. Tamb\u00e9 recordeu posar el nom de l\u2019alumne i el nivell (4t, 5\u00e8 o 6\u00e8) a l\u2019assumpte i el nom de la proposta.<\/span><\/p>\n<p style=\"text-align: justify\"><b>PEL QUE FA A LES CONFER\u00c8NCIES:<\/b><\/p>\n<p style=\"text-align: justify\"><span style=\"font-weight: 400\">Aquesta setmana en tenim tres:<\/span><\/p>\n<ul style=\"text-align: justify\">\n<li><b>Martina Juh\u00e9 (6\u00e8):<\/b> <i><span style=\"font-weight: 400\">Freddie Mercury i Queen.<\/span><\/i> <b>Dimarts, 2 de juny a les 16:00h<\/b><\/li>\n<\/ul>\n<ul style=\"text-align: justify\">\n<li><b>No\u00e8 Molero (6\u00e8): <i><span style=\"font-weight: 400\">El periodismo.<\/span><\/i> Dijous, 4 de juny a les 16:00h<\/b><\/li>\n<li><strong>Mario Roche (5\u00e8):<\/strong> <em>El Camino de Santiago.<\/em> <strong>Dijous, 4 de juny a les 16:00h<\/strong><\/li>\n<\/ul>\n<ul>\n<li><strong>X\u00e8nia Companys (6\u00e8): <\/strong><i><span style=\"font-weight: 400\">El bullying. <\/span><\/i><strong>Divendres, 5 de juny a les 10:00h<\/strong><\/li>\n<\/ul>\n<p style=\"text-align: justify\"><span style=\"font-weight: 400\">Via APP us passarem les dades i normes d\u2019acc\u00e9s.<\/span><\/p>\n<p>&nbsp;<\/p>\n<p style=\"text-align: justify\"><span style=\"font-weight: 400\">Gr\u00e0cies i endavant amb la feina!!!<\/span><\/p>\n<p style=\"text-align: justify\"><span style=\"font-weight: 400\">Equip docent de Segon Cicle Riera de Ribes<\/span><\/p>\n","protected":false},"excerpt":{"rendered":"<p>Estimades fam\u00edlies,\u00a0<br \/>\nUs informem de les activitats a realitzar la setmana de l\u20191 al 5 de juny.<br \/>\nLes activitats que cal que faci tothom aquesta setmana s\u00f3n:<\/p>\n<ul style=\"text-align: justify\">\n<li>Dins\/Fora: Els h\u00e0bits saludables: Estem acabant el curs i sempre va b\u00e9 reflexionar sobre els nostres h\u00e0bits saludables; Estic&hellip;  <a href=\"https:\/\/agora.xtec.cat\/ceiprieraderibes\/portada\/segon-cicle-proposta-setmanal-de-l1-al-5-de-juny\/\" title=\"Read Segon Cicle: Proposta setmanal de l&#8217;1 al 5 de juny\">Llegeix m\u00e9s\u00bb<\/a><br \/>\n","protected":false},"author":1,"featured_media":10443,"comment_status":"open","ping_status":"closed","sticky":false,"template":"","format":"standard","meta":{"_bbp_topic_count":0,"_bbp_reply_count":0,"_bbp_total_topic_count":0,"_bbp_total_reply_count":0,"_bbp_voice_count":0,"_bbp_anonymous_reply_count":0,"_bbp_topic_count_hidden":0,"_bbp_reply_count_hidden":0,"_bbp_forum_subforum_count":0,"footnotes":""},"categories":[51,50,49,4],"tags":[],"class_list":["post-10435","post","type-post","status-publish","format-standard","has-post-thumbnail","hentry","category-generacio-2008","category-generacio-2009","category-generacio-2010","category-portada"],"post_mailing_queue_ids":[],"_links":{"self":[{"href":"https:\/\/agora.xtec.cat\/ceiprieraderibes\/wp-json\/wp\/v2\/posts\/10435","targetHints":{"allow":["GET"]}}],"collection":[{"href":"https:\/\/agora.xtec.cat\/ceiprieraderibes\/wp-json\/wp\/v2\/posts"}],"about":[{"href":"https:\/\/agora.xtec.cat\/ceiprieraderibes\/wp-json\/wp\/v2\/types\/post"}],"author":[{"embeddable":true,"href":"https:\/\/agora.xtec.cat\/ceiprieraderibes\/wp-json\/wp\/v2\/users\/1"}],"replies":[{"embeddable":true,"href":"https:\/\/agora.xtec.cat\/ceiprieraderibes\/wp-json\/wp\/v2\/comments?post=10435"}],"version-history":[{"count":3,"href":"https:\/\/agora.xtec.cat\/ceiprieraderibes\/wp-json\/wp\/v2\/posts\/10435\/revisions"}],"predecessor-version":[{"id":10449,"href":"https:\/\/agora.xtec.cat\/ceiprieraderibes\/wp-json\/wp\/v2\/posts\/10435\/revisions\/10449"}],"wp:featuredmedia":[{"embeddable":true,"href":"https:\/\/agora.xtec.cat\/ceiprieraderibes\/wp-json\/wp\/v2\/media\/10443"}],"wp:attachment":[{"href":"https:\/\/agora.xtec.cat\/ceiprieraderibes\/wp-json\/wp\/v2\/media?parent=10435"}],"wp:term":[{"taxonomy":"category","embeddable":true,"href":"https:\/\/agora.xtec.cat\/ceiprieraderibes\/wp-json\/wp\/v2\/categories?post=10435"},{"taxonomy":"post_tag","embeddable":true,"href":"https:\/\/agora.xtec.cat\/ceiprieraderibes\/wp-json\/wp\/v2\/tags?post=10435"}],"curies":[{"name":"wp","href":"https:\/\/api.w.org\/{rel}","templated":true}]}}