{"id":10426,"date":"2020-05-29T19:53:55","date_gmt":"2020-05-29T17:53:55","guid":{"rendered":"http:\/\/agora.xtec.cat\/ceiprieraderibes\/?p=10426"},"modified":"2020-05-29T19:53:55","modified_gmt":"2020-05-29T17:53:55","slug":"pla-dobertura-de-centre-juny-2020","status":"publish","type":"post","link":"https:\/\/agora.xtec.cat\/ceiprieraderibes\/general\/pla-dobertura-de-centre-juny-2020\/","title":{"rendered":"PLA D&#8217;OBERTURA DE CENTRE juny 2020"},"content":{"rendered":"<p style=\"text-align: justify;\">Aqu\u00ed us deixem l&#8217;infografia i les tres concrecions espec\u00edfiques del PLA D&#8217;OBERTURA DE CENTRE que tamb\u00e9 heu rebut via APP de l&#8217;escola.<\/p>\n<p><a href=\"https:\/\/agora.xtec.cat\/ceiprieraderibes\/wp-content\/uploads\/usu901\/2020\/05\/INFOGRAFIA-RIERA-DEFINITIVA.pdf\">INFOGRAFIA RIERA<\/a><\/p>\n<p><a href=\"https:\/\/agora.xtec.cat\/ceiprieraderibes\/wp-content\/uploads\/usu901\/2020\/05\/Pla-obertura-Infantil-def.pdf\">Pla obertura Infantil<\/a><\/p>\n<p><a href=\"https:\/\/agora.xtec.cat\/ceiprieraderibes\/wp-content\/uploads\/usu901\/2020\/05\/Pla-obertura-1r-a-5\u00e8-def.pdf\">Pla obertura 1r a 5\u00e8<\/a><\/p>\n<p><a href=\"https:\/\/agora.xtec.cat\/ceiprieraderibes\/wp-content\/uploads\/usu901\/2020\/05\/Pla-obertura-6\u00e8-def.pdf\">Pla obertura 6\u00e8<\/a><\/p>\n<p style=\"text-align: justify;\">El passat dimarts 26 de maig vam explicar el pla en Consell Escolar i avui mateix hem compartit amb els membres els documents definitius. Tamb\u00e9 ha estat compartit amb Inspecci\u00f3 i seguin les instruccions del Departament, queden p\u00fablics aqu\u00ed al web del centre.<\/p>\n<p>Adjuntem tamb\u00e9 els dos models de declaraci\u00f3 responsable, per infantil i per prim\u00e0ria.<\/p>\n<p><a href=\"https:\/\/agora.xtec.cat\/ceiprieraderibes\/wp-content\/uploads\/usu901\/2020\/05\/declaraci\u00f3-responsable-infantil.pdf\">Declaraci\u00f3 responsable infantil<\/a><\/p>\n<p><a href=\"https:\/\/agora.xtec.cat\/ceiprieraderibes\/wp-content\/uploads\/usu901\/2020\/05\/declaraci\u00f3-responsable-prim\u00e0ria.pdf\">Declaraci\u00f3 responsable prim\u00e0ria<\/a><\/p>\n<p style=\"text-align: justify;\">Que tingueu molt bon cap de setmana!<\/p>\n","protected":false},"excerpt":{"rendered":"<p>Aqu\u00ed us deixem l&#8217;infografia i les tres concrecions espec\u00edfiques del PLA D&#8217;OBERTURA DE CENTRE que tamb\u00e9 heu rebut via APP de l&#8217;escola.<br \/>\n<a href=\"https:\/\/agora.xtec.cat\/ceiprieraderibes\/wp-content\/uploads\/usu901\/2020\/05\/INFOGRAFIA-RIERA-DEFINITIVA.pdf\">INFOGRAFIA RIERA<\/a><br \/>\n<a href=\"https:\/\/agora.xtec.cat\/ceiprieraderibes\/wp-content\/uploads\/usu901\/2020\/05\/Pla-obertura-Infantil-def.pdf\">Pla obertura Infantil<\/a><br \/>\n<a href=\"https:\/\/agora.xtec.cat\/ceiprieraderibes\/wp-content\/uploads\/usu901\/2020\/05\/Pla-obertura-1r-a-5\u00e8-def.pdf\">Pla obertura 1r a 5\u00e8<\/a><br \/>\n<a href=\"https:\/\/agora.xtec.cat\/ceiprieraderibes\/wp-content\/uploads\/usu901\/2020\/05\/Pla-obertura-6\u00e8-def.pdf\">Pla obertura 6\u00e8<\/a><br \/>\nEl passat dimarts 26 de maig vam explicar el pla en&hellip;  <a href=\"https:\/\/agora.xtec.cat\/ceiprieraderibes\/general\/pla-dobertura-de-centre-juny-2020\/\" title=\"Read PLA D&#8217;OBERTURA DE CENTRE juny 2020\">Llegeix m\u00e9s\u00bb<\/a><\/p>\n","protected":false},"author":174,"featured_media":0,"comment_status":"open","ping_status":"closed","sticky":false,"template":"","format":"standard","meta":{"_bbp_topic_count":0,"_bbp_reply_count":0,"_bbp_total_topic_count":0,"_bbp_total_reply_count":0,"_bbp_voice_count":0,"_bbp_anonymous_reply_count":0,"_bbp_topic_count_hidden":0,"_bbp_reply_count_hidden":0,"_bbp_forum_subforum_count":0,"footnotes":""},"categories":[1,4],"tags":[],"class_list":["post-10426","post","type-post","status-publish","format-standard","hentry","category-general","category-portada"],"post_mailing_queue_ids":[],"_links":{"self":[{"href":"https:\/\/agora.xtec.cat\/ceiprieraderibes\/wp-json\/wp\/v2\/posts\/10426","targetHints":{"allow":["GET"]}}],"collection":[{"href":"https:\/\/agora.xtec.cat\/ceiprieraderibes\/wp-json\/wp\/v2\/posts"}],"about":[{"href":"https:\/\/agora.xtec.cat\/ceiprieraderibes\/wp-json\/wp\/v2\/types\/post"}],"author":[{"embeddable":true,"href":"https:\/\/agora.xtec.cat\/ceiprieraderibes\/wp-json\/wp\/v2\/users\/174"}],"replies":[{"embeddable":true,"href":"https:\/\/agora.xtec.cat\/ceiprieraderibes\/wp-json\/wp\/v2\/comments?post=10426"}],"version-history":[{"count":1,"href":"https:\/\/agora.xtec.cat\/ceiprieraderibes\/wp-json\/wp\/v2\/posts\/10426\/revisions"}],"predecessor-version":[{"id":10433,"href":"https:\/\/agora.xtec.cat\/ceiprieraderibes\/wp-json\/wp\/v2\/posts\/10426\/revisions\/10433"}],"wp:attachment":[{"href":"https:\/\/agora.xtec.cat\/ceiprieraderibes\/wp-json\/wp\/v2\/media?parent=10426"}],"wp:term":[{"taxonomy":"category","embeddable":true,"href":"https:\/\/agora.xtec.cat\/ceiprieraderibes\/wp-json\/wp\/v2\/categories?post=10426"},{"taxonomy":"post_tag","embeddable":true,"href":"https:\/\/agora.xtec.cat\/ceiprieraderibes\/wp-json\/wp\/v2\/tags?post=10426"}],"curies":[{"name":"wp","href":"https:\/\/api.w.org\/{rel}","templated":true}]}}