{"id":10392,"date":"2020-05-25T13:06:51","date_gmt":"2020-05-25T11:06:51","guid":{"rendered":"http:\/\/agora.xtec.cat\/ceiprieraderibes\/?p=10392"},"modified":"2020-05-25T13:11:20","modified_gmt":"2020-05-25T11:11:20","slug":"el-nostre-alumnat-deducacio-infantil-6","status":"publish","type":"post","link":"https:\/\/agora.xtec.cat\/ceiprieraderibes\/portada\/el-nostre-alumnat-deducacio-infantil-6\/","title":{"rendered":"El nostre alumnat d&#8217;Educaci\u00f3 Infantil"},"content":{"rendered":"<p>Els nens i nenes del cicle d&#8217;infantil volen compartir amb vosaltres tot all\u00f2 que fan en les seves cases i tamb\u00e9 al carrer, ja que aquestes dies ja poden gaudir de l&#8217;aire lliure i de la naturalesa que els envolta.<\/p>\n<div class=\"padlet-embed\" style=\"overflow:hidden;width:100%;background:#F4F4F4\">\n<p style=\"padding:0;margin:0\"><iframe src=\"https:\/\/padlet.com\/embed\/xhm90qzuczph2sd2\" frameborder=\"0\" style=\"width:100%;height:608px;padding:0;margin:0\"><\/iframe><\/p>\n<div style=\"padding:8px;text-align:right;margin:0\"><a href=\"https:\/\/padlet.com?ref=embed\" style=\"padding:0;margin:0;border:none;line-height:1;height:16px\" target=\"_blank\" rel=\"noopener noreferrer\"><img loading=\"lazy\" decoding=\"async\" src=\"https:\/\/padlet.net\/embeds\/made_with_padlet.png\" width=\"86\" height=\"16\" style=\"padding:0;margin:0;background:none;border:none\" alt=\"Hecho con Padlet\"><\/a><\/div>\n<\/div>\n","protected":false},"excerpt":{"rendered":"<p>Els nens i nenes del cicle d&#8217;infantil volen compartir amb vosaltres tot all\u00f2 que fan en les seves cases i tamb\u00e9 al carrer, ja que aquestes dies ja poden gaudir de l&#8217;aire lliure i de la naturalesa que els envolta.<\/p>\n<p><a href=\"https:\/\/padlet.com?ref=embed\" style=\"padding:0;margin:0;border:none;line-height:1;height:16px\" target=\"_blank\" rel=\"noopener noreferrer\"><\/a><\/p>\n","protected":false},"author":357,"featured_media":10395,"comment_status":"open","ping_status":"closed","sticky":false,"template":"","format":"standard","meta":{"_bbp_topic_count":0,"_bbp_reply_count":0,"_bbp_total_topic_count":0,"_bbp_total_reply_count":0,"_bbp_voice_count":0,"_bbp_anonymous_reply_count":0,"_bbp_topic_count_hidden":0,"_bbp_reply_count_hidden":0,"_bbp_forum_subforum_count":0,"footnotes":""},"categories":[177,196,201,4],"tags":[],"class_list":["post-10392","post","type-post","status-publish","format-standard","has-post-thumbnail","hentry","category-generacio-2014","category-generacio-2015","category-generacio-2016","category-portada"],"post_mailing_queue_ids":[],"_links":{"self":[{"href":"https:\/\/agora.xtec.cat\/ceiprieraderibes\/wp-json\/wp\/v2\/posts\/10392","targetHints":{"allow":["GET"]}}],"collection":[{"href":"https:\/\/agora.xtec.cat\/ceiprieraderibes\/wp-json\/wp\/v2\/posts"}],"about":[{"href":"https:\/\/agora.xtec.cat\/ceiprieraderibes\/wp-json\/wp\/v2\/types\/post"}],"author":[{"embeddable":true,"href":"https:\/\/agora.xtec.cat\/ceiprieraderibes\/wp-json\/wp\/v2\/users\/357"}],"replies":[{"embeddable":true,"href":"https:\/\/agora.xtec.cat\/ceiprieraderibes\/wp-json\/wp\/v2\/comments?post=10392"}],"version-history":[{"count":2,"href":"https:\/\/agora.xtec.cat\/ceiprieraderibes\/wp-json\/wp\/v2\/posts\/10392\/revisions"}],"predecessor-version":[{"id":10396,"href":"https:\/\/agora.xtec.cat\/ceiprieraderibes\/wp-json\/wp\/v2\/posts\/10392\/revisions\/10396"}],"wp:featuredmedia":[{"embeddable":true,"href":"https:\/\/agora.xtec.cat\/ceiprieraderibes\/wp-json\/wp\/v2\/media\/10395"}],"wp:attachment":[{"href":"https:\/\/agora.xtec.cat\/ceiprieraderibes\/wp-json\/wp\/v2\/media?parent=10392"}],"wp:term":[{"taxonomy":"category","embeddable":true,"href":"https:\/\/agora.xtec.cat\/ceiprieraderibes\/wp-json\/wp\/v2\/categories?post=10392"},{"taxonomy":"post_tag","embeddable":true,"href":"https:\/\/agora.xtec.cat\/ceiprieraderibes\/wp-json\/wp\/v2\/tags?post=10392"}],"curies":[{"name":"wp","href":"https:\/\/api.w.org\/{rel}","templated":true}]}}