{"id":10381,"date":"2020-05-25T08:25:48","date_gmt":"2020-05-25T06:25:48","guid":{"rendered":"http:\/\/agora.xtec.cat\/ceiprieraderibes\/?p=10381"},"modified":"2020-05-25T08:25:48","modified_gmt":"2020-05-25T06:25:48","slug":"segon-cicle-proposta-setmanal-del-25-al-29-de-maig","status":"publish","type":"post","link":"https:\/\/agora.xtec.cat\/ceiprieraderibes\/portada\/segon-cicle-proposta-setmanal-del-25-al-29-de-maig\/","title":{"rendered":"Segon Cicle: Proposta setmanal del 25 al 29 de maig"},"content":{"rendered":"<p style=\"text-align: justify\"><span style=\"font-weight: 400\">Benvolgudes fam\u00edlies,<\/span><\/p>\n<p style=\"text-align: justify\"><span style=\"font-weight: 400\">Us informem de la <\/span><b>proposta d\u2019activitats per a la setmana del 25 al 29 de maig.<\/b><\/p>\n<p style=\"text-align: justify\"><span style=\"font-weight: 400\">Les activitats fixes i que us proposem que faci tot l\u2019alumnat s\u00f3n:<\/span><\/p>\n<ul>\n<li style=\"text-align: justify\"><b>Dins\/fora: <\/b><span style=\"font-weight: 400\">Aquesta setmana us convidem a fer un circuit motriu a casa. Utilitzant la vostra imaginaci\u00f3 haureu de muntar el vostre circuit. <a href=\"https:\/\/agora.xtec.cat\/ceiprieraderibes\/wp-content\/uploads\/usu901\/2020\/05\/Dins_Fora_-Circuit-motriu-Documents-de-Google.pdf\">Dins_Fora_ Circuit motriu <\/a><\/span><\/li>\n<li style=\"text-align: justify\"><b style=\"font-family: inherit;font-size: 1em\">Grup de lectura: <\/b><span style=\"font-weight: 400\">durant <\/span><span style=\"font-weight: 400\">aquesta setmana ens prepararem per parlar sobre <\/span><b style=\"font-family: inherit;font-size: 1em\">la paci\u00e8ncia. <\/b><span style=\"font-weight: 400\">La paci\u00e8ncia es pot mesurar?<\/span> <span style=\"font-weight: 400\">Es podria fer un Pacienci\u00f3metre? Com? Quines eines fas servir per tenir-ne? La paci\u00e8ncia es pot acabar?<\/span><\/li>\n<\/ul>\n<p style=\"text-align: justify\"><span style=\"font-weight: 400\">Les quatre activitats per triar-ne dues (alumnat de sis\u00e9 totes) per aquesta setmana s\u00f3n:<\/span><\/p>\n<ul style=\"text-align: justify\">\n<li><b><i>Renta\u2019t les mans: <span style=\"font-weight: 400\">Saps per qu\u00e8 \u00e9s tan important rentar-se les mans? T\u2019animes a fer un experiment? Amb diversos articles d\u2019experts i el teu experiment veur\u00e0s la import\u00e0ncia de rentar-se b\u00e9 les mans per combatre els virus.\u00a0<\/span><\/i><\/b><\/li>\n<\/ul>\n<ul style=\"text-align: justify\">\n<li><b><i>Inventem contes amb el Tangram: <span style=\"font-weight: 400\">aquesta setmana us proposem posar en marxa la vostra creativitat amb el Tangram que vau fer (i si no el vau fer no us preocupeu, us ho tornem a explicar) per inventar-vos una hist\u00f2ria amb aquesta eina. Esteu a punt?\u00a0<\/span><\/i><\/b><\/li>\n<\/ul>\n<ul style=\"text-align: justify\">\n<li><b><i>Banderes del m\u00f3n: <span style=\"font-weight: 400\">Vam quedar impressionats amb les vostres receptes. Sabr\u00edeu dir quin \u00e9s l\u2019origen de cada plat? Us animem a fer una observaci\u00f3 ben detallada de com s\u00f3n les diferents banderes del m\u00f3n. Totes s\u00f3n rectangulars? Nom\u00e9s?\u00a0<\/span><\/i><\/b><\/li>\n<\/ul>\n<ul style=\"text-align: justify\">\n<li><b><i>A little bit of land art: <span style=\"font-weight: 400\">Qu\u00e8 \u00e9s LAND ART? Aquesta setmana us portem una proposta en angl\u00e8s per con\u00e8ixer aquest corrent art\u00edstic, de ben segur us sorprendr\u00e0!\u00a0<\/span><\/i><\/b><\/li>\n<\/ul>\n<ul style=\"text-align: justify\">\n<li><b><i>Cinema en curs: <span style=\"font-weight: 400\"><span style=\"text-decoration: underline\">nom\u00e9s per l\u2019alumnat que fa aquest projecte anual<\/span>.<\/span><\/i><\/b><\/li>\n<\/ul>\n<p style=\"text-align: justify\"><span style=\"font-weight: 400\">Recordar-vos tamb\u00e9 que quan feu una activitat ja la podeu enviar a l\u2019adre\u00e7a e-mail:\u00a0 <\/span><span style=\"font-weight: 400\">segoncicleriera@gmail.com<\/span><span style=\"font-weight: 400\">. Envieu-les una per una, no cal esperar a tenir-les totes fetes. Tamb\u00e9 recordeu posar el nom de l\u2019alumne i el nivell (4t, 5\u00e8 o 6\u00e8) a l\u2019assumpte i el nom de la proposta.<\/span><\/p>\n<p style=\"text-align: justify\"><span style=\"font-weight: 400\"><a href=\"https:\/\/agora.xtec.cat\/ceiprieraderibes\/wp-content\/uploads\/usu901\/2020\/05\/RENTAT-LES-MANS-Documents-de-Google.pdf\">RENTA&#8217;T LES MANS <\/a><\/span><\/p>\n<p style=\"text-align: justify\"><span style=\"font-weight: 400\"><a href=\"https:\/\/agora.xtec.cat\/ceiprieraderibes\/wp-content\/uploads\/usu901\/2020\/05\/INVENTEM-CONTES-AMB-EL-TANGRAM-Documents-de-Google.pdf\">INVENTEM CONTES AMB EL TANGRAM<\/a><\/span><\/p>\n<p style=\"text-align: justify\"><span style=\"font-weight: 400\"><a href=\"https:\/\/agora.xtec.cat\/ceiprieraderibes\/wp-content\/uploads\/usu901\/2020\/05\/BANDERES-DEL-MO\u0301N-Documents-de-Google.pdf\">BANDERES DEL MO\u0301N <\/a><\/span><\/p>\n<p style=\"text-align: justify\"><span style=\"font-weight: 400\"><a href=\"https:\/\/agora.xtec.cat\/ceiprieraderibes\/wp-content\/uploads\/usu901\/2020\/05\/A-LITTLE-BIT-OF-LAND-ART-Documents-de-Google.pdf\">A LITTLE BIT OF LAND ART <\/a><\/span><\/p>\n<p style=\"text-align: justify\"><span style=\"font-weight: 400\"><a href=\"https:\/\/agora.xtec.cat\/ceiprieraderibes\/wp-content\/uploads\/usu901\/2020\/05\/cinema-setmana-del-25-de-maig.pdf\">CINEMA EN CURS<\/a><\/span><\/p>\n<p style=\"text-align: justify\"><span style=\"font-weight: 400\">\u00a0<\/span><\/p>\n<p style=\"text-align: justify\"><b><i>CONFER\u00c8NCIES:<\/i><\/b><\/p>\n<p style=\"text-align: justify\"><span style=\"font-weight: 400\">Aquesta setmana en tenim 5 m\u00e9s:<\/span><\/p>\n<ul style=\"text-align: justify\">\n<li><strong>Nora S\u00e1nchez: <\/strong><b><i><span style=\"font-weight: 400\">El sol. <\/span><\/i>Dimarts 26 de maig a les 11:00h<\/b><\/li>\n<\/ul>\n<ul>\n<li><strong>Laia Nebleza (5\u00e8):<\/strong> <i><span style=\"font-weight: 400\">La historia del piano<\/span><\/i><span style=\"font-weight: 400\">. <\/span>Dimecres, 27 de maig a les 12:00h<\/li>\n<\/ul>\n<ul>\n<li><strong>Roger S\u00e1nchez (4t):<\/strong> <i><span style=\"font-weight: 400\">Els extraterrestres. <\/span><\/i>Dijous, 28 de maig a les 16:00h<\/li>\n<\/ul>\n<ul style=\"text-align: justify\">\n<li style=\"font-weight: 400\"><strong>Marc Saltos (6\u00e8):<\/strong> <i><span style=\"font-weight: 400\">Anime. <\/span><\/i><b>Dijous, 28 de maig a les 16:00h<\/b> <i><span style=\"font-weight: 400\">Durant la confer\u00e8ncia via Zoom es far\u00e0 una activitat amb l&#8217;aplicaci\u00f3 Kahoot! Per poder jugar-hi amb m\u00e9s comoditat es recomana connectar-vos des d&#8217;un altre dispositiu a l&#8217;enlla\u00e7: <\/span><\/i><a href=\"https:\/\/kahoot.it\/\"><i><span style=\"font-weight: 400\">https:\/\/kahoot.it<\/span><\/i> <\/a><i><span style=\"font-weight: 400\">Si no disposeu d&#8217;un altre dispositiu, podeu obrir una altra finestra al vostre ordinador i jugar des d&#8217;aquesta.<\/span><\/i><\/li>\n<li style=\"font-weight: 400\"><strong>Gal\u00b7la C\u00faria (4t):<\/strong> <i><span style=\"font-weight: 400\">Fran\u00e7a. <\/span><\/i><b>Divendres, 29 de maig a les 16:00h<\/b><\/li>\n<\/ul>\n<p style=\"text-align: justify\"><span style=\"font-weight: 400\">Via APP us passarem les dades i normes d\u2019acc\u00e9s.<\/span><\/p>\n<p>Gr\u00e0cies i endavant amb la feina!!!<\/p>\n<p>Equip docent de Segon Cicle Riera de Ribes<\/p>\n","protected":false},"excerpt":{"rendered":"<p>Benvolgudes fam\u00edlies,<br \/>\nUs informem de la proposta d\u2019activitats per a la setmana del 25 al 29 de maig.<br \/>\nLes activitats fixes i que us proposem que faci tot l\u2019alumnat s\u00f3n:<\/p>\n<ul>\n<li style=\"text-align: justify\">Dins\/fora: Aquesta setmana us convidem a fer un circuit motriu a casa. Utilitzant la vostra imaginaci\u00f3&hellip;  <a href=\"https:\/\/agora.xtec.cat\/ceiprieraderibes\/portada\/segon-cicle-proposta-setmanal-del-25-al-29-de-maig\/\" title=\"Read Segon Cicle: Proposta setmanal del 25 al 29 de maig\">Llegeix m\u00e9s\u00bb<\/a><br \/>\n","protected":false},"author":1,"featured_media":10138,"comment_status":"open","ping_status":"closed","sticky":false,"template":"","format":"standard","meta":{"_bbp_topic_count":0,"_bbp_reply_count":0,"_bbp_total_topic_count":0,"_bbp_total_reply_count":0,"_bbp_voice_count":0,"_bbp_anonymous_reply_count":0,"_bbp_topic_count_hidden":0,"_bbp_reply_count_hidden":0,"_bbp_forum_subforum_count":0,"footnotes":""},"categories":[51,50,49,4],"tags":[],"class_list":["post-10381","post","type-post","status-publish","format-standard","has-post-thumbnail","hentry","category-generacio-2008","category-generacio-2009","category-generacio-2010","category-portada"],"post_mailing_queue_ids":[],"_links":{"self":[{"href":"https:\/\/agora.xtec.cat\/ceiprieraderibes\/wp-json\/wp\/v2\/posts\/10381","targetHints":{"allow":["GET"]}}],"collection":[{"href":"https:\/\/agora.xtec.cat\/ceiprieraderibes\/wp-json\/wp\/v2\/posts"}],"about":[{"href":"https:\/\/agora.xtec.cat\/ceiprieraderibes\/wp-json\/wp\/v2\/types\/post"}],"author":[{"embeddable":true,"href":"https:\/\/agora.xtec.cat\/ceiprieraderibes\/wp-json\/wp\/v2\/users\/1"}],"replies":[{"embeddable":true,"href":"https:\/\/agora.xtec.cat\/ceiprieraderibes\/wp-json\/wp\/v2\/comments?post=10381"}],"version-history":[{"count":3,"href":"https:\/\/agora.xtec.cat\/ceiprieraderibes\/wp-json\/wp\/v2\/posts\/10381\/revisions"}],"predecessor-version":[{"id":10391,"href":"https:\/\/agora.xtec.cat\/ceiprieraderibes\/wp-json\/wp\/v2\/posts\/10381\/revisions\/10391"}],"wp:featuredmedia":[{"embeddable":true,"href":"https:\/\/agora.xtec.cat\/ceiprieraderibes\/wp-json\/wp\/v2\/media\/10138"}],"wp:attachment":[{"href":"https:\/\/agora.xtec.cat\/ceiprieraderibes\/wp-json\/wp\/v2\/media?parent=10381"}],"wp:term":[{"taxonomy":"category","embeddable":true,"href":"https:\/\/agora.xtec.cat\/ceiprieraderibes\/wp-json\/wp\/v2\/categories?post=10381"},{"taxonomy":"post_tag","embeddable":true,"href":"https:\/\/agora.xtec.cat\/ceiprieraderibes\/wp-json\/wp\/v2\/tags?post=10381"}],"curies":[{"name":"wp","href":"https:\/\/api.w.org\/{rel}","templated":true}]}}