{"id":10369,"date":"2020-05-19T20:39:46","date_gmt":"2020-05-19T18:39:46","guid":{"rendered":"http:\/\/agora.xtec.cat\/ceiprieraderibes\/?p=10369"},"modified":"2020-05-26T16:22:25","modified_gmt":"2020-05-26T14:22:25","slug":"propostes-per-primer-cicle-setmana-del-19-al-25-de-maig","status":"publish","type":"post","link":"https:\/\/agora.xtec.cat\/ceiprieraderibes\/portada\/propostes-per-primer-cicle-setmana-del-19-al-25-de-maig\/","title":{"rendered":"Propostes per Primer Cicle: setmana del 19 al 25 de maig"},"content":{"rendered":"<h4><span style=\"color: #ff6600;\">Propostes per Primer Cicle: setmana del 19 al 25 de maig\u00a0<\/span><\/h4>\n<p style=\"text-align: justify;\"><span style=\"font-weight: 400;\">Aqu\u00ed us deixem les propostes d\u2019aquesta setmana!! Recorda que pots fer tantes com vulguis!! Et recomanem que si fas una o dues cada setmana, que var\u00efis el tipus de feines que fas.<\/span><\/p>\n<p style=\"text-align: justify;\"><span style=\"font-weight: 400;\">Ah! I no passa res si aquesta setmana ens envies propostes de la setmana passada, la intenci\u00f3 \u00e9s estar connectats i connectades!!<\/span><\/p>\n<p style=\"text-align: justify;\"><span style=\"font-weight: 400;\">Quan les tinguis, envia-les per correu electr\u00f2nic en forma de foto, petit video, document&#8230; El email \u00e9s <\/span><a href=\"mailto:primercicleriera@gmail.com\"><span style=\"font-weight: 400;\">primercicleriera@gmail.com<\/span><\/a><span style=\"font-weight: 400;\">. Veur\u00e0s que despr\u00e9s de cada proposta hi ha una petita reflexi\u00f3 a fer sobre la feina feta. Ja saps! Reflexionar ens ajuda a millorar. Si et cal, demana ajuda per fer-la<\/span><\/p>\n<p><i><span style=\"font-weight: 400;\">Are you ready?<\/span><\/i><\/p>\n<ul>\n<li style=\"text-align: justify;\"><em><span style=\"font-weight: 400;\">Fes clic <\/span><a href=\"https:\/\/drive.google.com\/open?id=1x2g7FdaPKr_oNOMsH0sS2PXw_UVY6zl7lJ24Pi2eoR0\"><span style=\"font-weight: 400;\">aqu\u00ed <\/span><\/a><span style=\"font-weight: 400;\">per accedir al document amb lletra de PAL.<\/span><\/em><\/li>\n<li style=\"text-align: justify;\"><em><span style=\"font-weight: 400;\">Fes clic <\/span><a href=\"https:\/\/drive.google.com\/open?id=1zxc9B8BtNQdhONcDD7z6TJKT_WmDSg3sHgsDi-pOqcE\"><span style=\"font-weight: 400;\">aqu\u00ed <\/span><\/a><span style=\"font-weight: 400;\">per accedir al document amb lletra d&#8217;impremta.<\/span><\/em><\/li>\n<\/ul>\n<pre><i><span style=\"font-weight: 400;\">Si vas a \u201cArchivo\u201d, i busques \u201cDescargar\u201d, podr\u00e0s descarregar-te el document al teu dispositiu.<\/span><\/i><\/pre>\n<p>&nbsp;<\/p>\n","protected":false},"excerpt":{"rendered":"<p>Propostes per Primer Cicle: setmana del 19 al 25 de maig\u00a0<br \/>\nAqu\u00ed us deixem les propostes d\u2019aquesta setmana!! Recorda que pots fer tantes com vulguis!! Et recomanem que si fas una o dues cada setmana, que var\u00efis el tipus de feines que fas.<br \/>\nAh! I no passa&hellip;  <a href=\"https:\/\/agora.xtec.cat\/ceiprieraderibes\/portada\/propostes-per-primer-cicle-setmana-del-19-al-25-de-maig\/\" title=\"Read Propostes per Primer Cicle: setmana del 19 al 25 de maig\">Llegeix m\u00e9s\u00bb<\/a><\/p>\n","protected":false},"author":175,"featured_media":10371,"comment_status":"open","ping_status":"closed","sticky":false,"template":"","format":"standard","meta":{"_bbp_topic_count":0,"_bbp_reply_count":0,"_bbp_total_topic_count":0,"_bbp_total_reply_count":0,"_bbp_voice_count":0,"_bbp_anonymous_reply_count":0,"_bbp_topic_count_hidden":0,"_bbp_reply_count_hidden":0,"_bbp_forum_subforum_count":0,"footnotes":""},"categories":[48,47,157,4],"tags":[],"class_list":["post-10369","post","type-post","status-publish","format-standard","has-post-thumbnail","hentry","category-generacio-2011","category-generacio-2012","category-generacio-2013","category-portada"],"post_mailing_queue_ids":[],"_links":{"self":[{"href":"https:\/\/agora.xtec.cat\/ceiprieraderibes\/wp-json\/wp\/v2\/posts\/10369","targetHints":{"allow":["GET"]}}],"collection":[{"href":"https:\/\/agora.xtec.cat\/ceiprieraderibes\/wp-json\/wp\/v2\/posts"}],"about":[{"href":"https:\/\/agora.xtec.cat\/ceiprieraderibes\/wp-json\/wp\/v2\/types\/post"}],"author":[{"embeddable":true,"href":"https:\/\/agora.xtec.cat\/ceiprieraderibes\/wp-json\/wp\/v2\/users\/175"}],"replies":[{"embeddable":true,"href":"https:\/\/agora.xtec.cat\/ceiprieraderibes\/wp-json\/wp\/v2\/comments?post=10369"}],"version-history":[{"count":3,"href":"https:\/\/agora.xtec.cat\/ceiprieraderibes\/wp-json\/wp\/v2\/posts\/10369\/revisions"}],"predecessor-version":[{"id":10399,"href":"https:\/\/agora.xtec.cat\/ceiprieraderibes\/wp-json\/wp\/v2\/posts\/10369\/revisions\/10399"}],"wp:featuredmedia":[{"embeddable":true,"href":"https:\/\/agora.xtec.cat\/ceiprieraderibes\/wp-json\/wp\/v2\/media\/10371"}],"wp:attachment":[{"href":"https:\/\/agora.xtec.cat\/ceiprieraderibes\/wp-json\/wp\/v2\/media?parent=10369"}],"wp:term":[{"taxonomy":"category","embeddable":true,"href":"https:\/\/agora.xtec.cat\/ceiprieraderibes\/wp-json\/wp\/v2\/categories?post=10369"},{"taxonomy":"post_tag","embeddable":true,"href":"https:\/\/agora.xtec.cat\/ceiprieraderibes\/wp-json\/wp\/v2\/tags?post=10369"}],"curies":[{"name":"wp","href":"https:\/\/api.w.org\/{rel}","templated":true}]}}