{"id":10284,"date":"2020-05-18T08:54:50","date_gmt":"2020-05-18T06:54:50","guid":{"rendered":"http:\/\/agora.xtec.cat\/ceiprieraderibes\/?p=10284"},"modified":"2020-05-18T16:28:37","modified_gmt":"2020-05-18T14:28:37","slug":"segon-cicle-proposta-setmanal-del-18-al-22-de-maig","status":"publish","type":"post","link":"https:\/\/agora.xtec.cat\/ceiprieraderibes\/portada\/segon-cicle-proposta-setmanal-del-18-al-22-de-maig\/","title":{"rendered":"Segon Cicle: Proposta setmanal del 18 al 22 de maig"},"content":{"rendered":"<p style=\"text-align: justify\"><b><i>PROPOSTA SETMANAL (<\/i><\/b><b><i>del 18 al 22 de maig)<\/i><\/b><\/p>\n<p style=\"text-align: justify\">Benvolgudes fam\u00edlies,<\/p>\n<p style=\"text-align: justify\"><span style=\"font-weight: 400\">Volem compartir amb vosaltres que, tot i que sabem la diversitat familiar que tenim i la dificultat de la situaci\u00f3 actual, us animem a fer les activitats que us proposem per tal d\u2019ajustar-nos el millor possible a l\u2019hora de fer el seguiment dels nens i nenes.<\/span><\/p>\n<p style=\"text-align: justify\"><span style=\"font-weight: 400\">Les activitats que cal que faci tothom aquesta setmana s\u00f3n:<\/span><\/p>\n<ul style=\"text-align: justify\">\n<li><b>Dins \/ Fora:\u00a0 <span style=\"font-weight: 400\">Step Dance and Just Dance <a href=\"https:\/\/agora.xtec.cat\/ceiprieraderibes\/wp-content\/uploads\/usu901\/2020\/05\/Dins_Fora_-StepDance-i-Just-dance.pdf\">Dins_Fora_ StepDance i Just dance<\/a><\/span><\/b><\/li>\n<li><strong>Tert\u00falia liter\u00e0ria:<\/strong> <span style=\"font-weight: 400\">aquesta setmana parlarem dels llibres que esteu llegint.<\/span><\/li>\n<\/ul>\n<p style=\"text-align: justify\"><span style=\"font-weight: 400\">I d\u2019aquestes quatre propostes n\u2019haureu de triar dues. <\/span><span style=\"text-decoration: underline\"><span style=\"font-weight: 400\">Recomanem als nois i noies de sis\u00e8 fer-les totes quatre:<\/span><\/span><\/p>\n<ol>\n<li><b><em>Fem turisme desde casa:<\/em> <span style=\"font-weight: 400\">agafa el Monbus virtual o puja al tren imaginari i apropa\u2019t a Barcelona a con\u00e8ixer dos edificis emblem\u00e0tics d\u2019Antoni Gaud\u00ed on es barregen passat, present, futur i tecnologia.<\/span><\/b><\/li>\n<li><em><strong>Posada en marxa: <\/strong><\/em><span style=\"font-weight: 400\"><em><strong>teniu \u201cagulletes\u201d?<\/strong><\/em> En aquesta proposta descobrirem com s\u2019originen els cruiximents i com podem recuperar-nos m\u00e9s r\u00e0pidament i tractar amb cura i respecte el nostre cos.\u00a0<\/span><\/li>\n<li><strong><em>\u00a1Trabajamos el di\u00e1logo!:<\/em> <\/strong><span style=\"font-weight: 400\">hemos visto que os gusta escribir historias, cuentos y c\u00f3mics, entre otros. En esta propuesta, os animamos a trabajar las peculiaridades del di\u00e1logo escrito para poder introducirlo de manera correcta en vuestros textos.\u00a0<\/span><\/li>\n<li><em><strong>Descobrim el Tangram:<\/strong><\/em> <span style=\"font-weight: 400\">sabies que el Tangram \u00e9s un trencaclosques d&#8217;origen xin\u00e8s? Que diuen qu\u00e8 va apar\u00e8ixer fa molts segles? Els xinesos l&#8217;anomenen &#8220;taula de la saviesa&#8221; pel que fa a les qualitats necess\u00e0ries per a jugar-hi. Per aix\u00f2, aquesta setmana us proposem una s\u00e8rie d\u2019activitats per descobrir aquest material i les seves particularitats.<\/span><\/li>\n<li><strong>Cinema en curs:<\/strong> \u00a0<span style=\"text-decoration: underline\"><span style=\"font-weight: 400\">nom\u00e9s per l\u2019alumnat que fa aquest projecte anual<\/span><\/span><\/li>\n<\/ol>\n<p><a href=\"https:\/\/agora.xtec.cat\/ceiprieraderibes\/wp-content\/uploads\/usu901\/2020\/05\/Fem-turisme-des-de-casa.pdf\">Fem turisme des de casa<\/a><\/p>\n<p><a href=\"https:\/\/agora.xtec.cat\/ceiprieraderibes\/wp-content\/uploads\/usu901\/2020\/05\/Posada-en-marxa.pdf\">Posada en marxa<\/a><\/p>\n<p><a href=\"https:\/\/agora.xtec.cat\/ceiprieraderibes\/wp-content\/uploads\/usu901\/2020\/05\/\u00a1Trabajamos-el-dia\u0301logo-1.pdf\">\u00a1Trabajamos el dia\u0301logo!<\/a><\/p>\n<p><a href=\"https:\/\/agora.xtec.cat\/ceiprieraderibes\/wp-content\/uploads\/usu901\/2020\/05\/Descobrim-el-Tangram-1.pdf\">Descobrim el Tangram<\/a><\/p>\n<p><a href=\"https:\/\/agora.xtec.cat\/ceiprieraderibes\/wp-content\/uploads\/usu901\/2020\/05\/Cinema-en-Curs-setmana-del-18-de-maig.pdf\">Cinema en Curs setmana del 18 de maig<\/a><\/p>\n<p style=\"text-align: justify\"><span style=\"font-weight: 400\">Recordar-vos tamb\u00e9 que quan feu una activitat ja la podeu enviar a l\u2019adre\u00e7a e-mail:\u00a0 <\/span><a href=\"mailto:segoncicleriera@gmail.com\"><span style=\"font-weight: 400\">segoncicleriera@gmail.com<\/span><\/a><span style=\"font-weight: 400\">. Envieu-les una per una, no cal esperar a tenir-les totes fetes. Tamb\u00e9 recordeu posar el nom de l\u2019alumne i el nivell (4t, 5\u00e8 o 6\u00e8) a l\u2019assumpte i el nom de la proposta.<\/span><\/p>\n<p>&nbsp;<\/p>\n<p style=\"text-align: justify\"><em><b>CONFER\u00c8NCIES:<\/b><\/em><\/p>\n<p style=\"text-align: justify\"><span style=\"font-weight: 400\">Aquesta setmana en tenim tres m\u00e9s:<\/span><\/p>\n<ul style=\"text-align: justify\">\n<li style=\"font-weight: 400\"><strong>Alean Sans (4t): <\/strong><i><span style=\"font-weight: 400\">Com crear projectes amb el Genially. <\/span><\/i><span style=\"text-decoration: underline\">Dilluns, 18 de maig a les\u00a016:00h<\/span><\/li>\n<li style=\"font-weight: 400\"><span style=\"font-weight: 400\"><strong>Jos\u00e9 Hazas (5\u00e8):<\/strong> <\/span><i><span style=\"font-weight: 400\">Les pir\u00e0mides d\u2019Egipte<\/span><\/i><span style=\"font-weight: 400\">. <span style=\"text-decoration: underline\">Dimarts, 19 de maig a les 16:00h<\/span><\/span><\/li>\n<li style=\"font-weight: 400\"><strong>Pablo Roche (6\u00e8): <\/strong><i><span style=\"font-weight: 400\">La Filosofia<\/span><\/i><span style=\"font-weight: 400\">. <span style=\"text-decoration: underline\">Dimecres, 20 de maig a les 16:00h<\/span><\/span><\/li>\n<\/ul>\n<p style=\"text-align: justify\"><span style=\"font-weight: 400\">Via APP us passarem les dades i normes d\u2019acc\u00e9s.<\/span><\/p>\n<p>&nbsp;<\/p>\n<p style=\"text-align: justify\"><em><b>INFORMACI\u00d3 D&#8217;INTER\u00c8S:<\/b><\/em><\/p>\n<p style=\"text-align: justify\"><span style=\"font-weight: 400\">Us deixem un <\/span><b>PDF <\/b><span style=\"font-weight: 400\">amb un tutorial de com fer servir eina molt \u00fatil com \u00e9s <\/span><b>Camscanner.<\/b><span style=\"font-weight: 400\"> Aquesta \u00e9s una de les moltes aplicacions que ens permet escanejar i digitalitzar documents de manera f\u00e0cil, r\u00e0pida i intu\u00eftiva a trav\u00e9s de la c\u00e0mera del m\u00f2bil.<\/span><\/p>\n<p><a href=\"https:\/\/agora.xtec.cat\/ceiprieraderibes\/wp-content\/uploads\/usu901\/2020\/05\/CAM-SCANNER-pas-a-pas.pdf\">CAM SCANNER pas a pas<\/a><\/p>\n<p style=\"text-align: justify\"><span style=\"font-weight: 400\">Per \u00faltim, us anunciem que <strong>ja podeu veure a la web de l\u2019escola el primer recull d\u2019activitats dels nens i les nenes<\/strong>. Us demanem que quan envieu v\u00eddeos ho feu amb una capacitat m\u00e0xima de 10 Mb . Tamb\u00e9 us recordem que <strong>necessitem les autoritzacions que us vam demanar per tal de posar a la web els treballs dels alumnes<\/strong>.<\/span><\/p>\n<p style=\"text-align: justify\"><span style=\"font-weight: 400\">Gr\u00e0cies i endavant amb la feina!!!<\/span><\/p>\n<p style=\"text-align: justify\"><span style=\"font-weight: 400\">Equip docent de Segon Cicle Riera de Ribes<\/span><\/p>\n","protected":false},"excerpt":{"rendered":"<p>PROPOSTA SETMANAL (del 18 al 22 de maig)<br \/>\nBenvolgudes fam\u00edlies,<br \/>\nVolem compartir amb vosaltres que, tot i que sabem la diversitat familiar que tenim i la dificultat de la situaci\u00f3 actual, us animem a fer les activitats que us proposem per tal d\u2019ajustar-nos el millor possible a&hellip;  <a href=\"https:\/\/agora.xtec.cat\/ceiprieraderibes\/portada\/segon-cicle-proposta-setmanal-del-18-al-22-de-maig\/\" title=\"Read Segon Cicle: Proposta setmanal del 18 al 22 de maig\">Llegeix m\u00e9s\u00bb<\/a><\/p>\n","protected":false},"author":1,"featured_media":10295,"comment_status":"open","ping_status":"closed","sticky":false,"template":"","format":"standard","meta":{"_bbp_topic_count":0,"_bbp_reply_count":0,"_bbp_total_topic_count":0,"_bbp_total_reply_count":0,"_bbp_voice_count":0,"_bbp_anonymous_reply_count":0,"_bbp_topic_count_hidden":0,"_bbp_reply_count_hidden":0,"_bbp_forum_subforum_count":0,"footnotes":""},"categories":[51,50,49,4],"tags":[],"class_list":["post-10284","post","type-post","status-publish","format-standard","has-post-thumbnail","hentry","category-generacio-2008","category-generacio-2009","category-generacio-2010","category-portada"],"post_mailing_queue_ids":[],"_links":{"self":[{"href":"https:\/\/agora.xtec.cat\/ceiprieraderibes\/wp-json\/wp\/v2\/posts\/10284","targetHints":{"allow":["GET"]}}],"collection":[{"href":"https:\/\/agora.xtec.cat\/ceiprieraderibes\/wp-json\/wp\/v2\/posts"}],"about":[{"href":"https:\/\/agora.xtec.cat\/ceiprieraderibes\/wp-json\/wp\/v2\/types\/post"}],"author":[{"embeddable":true,"href":"https:\/\/agora.xtec.cat\/ceiprieraderibes\/wp-json\/wp\/v2\/users\/1"}],"replies":[{"embeddable":true,"href":"https:\/\/agora.xtec.cat\/ceiprieraderibes\/wp-json\/wp\/v2\/comments?post=10284"}],"version-history":[{"count":3,"href":"https:\/\/agora.xtec.cat\/ceiprieraderibes\/wp-json\/wp\/v2\/posts\/10284\/revisions"}],"predecessor-version":[{"id":10302,"href":"https:\/\/agora.xtec.cat\/ceiprieraderibes\/wp-json\/wp\/v2\/posts\/10284\/revisions\/10302"}],"wp:featuredmedia":[{"embeddable":true,"href":"https:\/\/agora.xtec.cat\/ceiprieraderibes\/wp-json\/wp\/v2\/media\/10295"}],"wp:attachment":[{"href":"https:\/\/agora.xtec.cat\/ceiprieraderibes\/wp-json\/wp\/v2\/media?parent=10284"}],"wp:term":[{"taxonomy":"category","embeddable":true,"href":"https:\/\/agora.xtec.cat\/ceiprieraderibes\/wp-json\/wp\/v2\/categories?post=10284"},{"taxonomy":"post_tag","embeddable":true,"href":"https:\/\/agora.xtec.cat\/ceiprieraderibes\/wp-json\/wp\/v2\/tags?post=10284"}],"curies":[{"name":"wp","href":"https:\/\/api.w.org\/{rel}","templated":true}]}}