{"id":10183,"date":"2020-05-10T20:19:52","date_gmt":"2020-05-10T18:19:52","guid":{"rendered":"http:\/\/agora.xtec.cat\/ceiprieraderibes\/?p=10183"},"modified":"2020-05-10T20:19:52","modified_gmt":"2020-05-10T18:19:52","slug":"propostes-segon-cicle-setmana-de-l11-al-15-de-maig","status":"publish","type":"post","link":"https:\/\/agora.xtec.cat\/ceiprieraderibes\/general\/propostes-segon-cicle-setmana-de-l11-al-15-de-maig\/","title":{"rendered":"Propostes Segon Cicle: setmana de l&#8217;11 al 15 de maig"},"content":{"rendered":"<p style=\"text-align: justify\"><b>Benvolgudes fam\u00edlies,<\/b><\/p>\n<p style=\"text-align: justify\"><b>Abans de comentar-vos les activitats per la propera setmana, us volem demanar que <span style=\"text-decoration: underline\">retorneu el m\u00e9s aviat possible l\u2019autoritzaci\u00f3 dels drets d\u2019imatge.<\/span><\/b><\/p>\n<p style=\"text-align: justify\"><b>En tenim molt poques i sabem que molts de vosaltres ho voleu validar per\u00f2 no heu trobat el moment.<\/b><\/p>\n<p style=\"text-align: justify\"><b>Aviat comen\u00e7arem a mostrar activitats dels nens i les nenes i seria una ll\u00e0stima que no puguin sortir per falta de l\u2019autoritzaci\u00f3.<\/b><\/p>\n<p><a href=\"https:\/\/agora.xtec.cat\/ceiprieraderibes\/wp-content\/uploads\/usu901\/2020\/05\/Autoritzacio\u0301_Drets_Imatge.pdf\">Autoritzacio\u0301_Drets_Imatge<\/a><\/p>\n<p><b><i>PROPOSTA SETMANAL (de l\u201911 al 15 de maig de 2020)\u00a0<\/i><\/b><\/p>\n<p style=\"text-align: justify\">Com ja \u00e9s habitual teniu\u00a0<strong>dues tasques<\/strong>\u00a0que fa tot l\u2019alumnat:<\/p>\n<ul>\n<li style=\"text-align: justify\"><b>Dins\/fora:<span style=\"font-weight: 400\"> Aquesta setmana us proposem fer una recerca sobre diferents dones i homes esportistes importants a nivell mundial. <a href=\"https:\/\/agora.xtec.cat\/ceiprieraderibes\/wp-content\/uploads\/usu901\/2020\/05\/Dins_Fora_-Esportistes-famosos.pdf\">Dins_Fora_ Esportistes famosos<\/a><\/span><\/b><\/li>\n<li style=\"text-align: justify\"><b style=\"font-family: inherit;font-size: 1em\">Grup de lectura: <span style=\"font-weight: 400\">aquesta setmana us proposem que reflexioneu al voltant\u00a0 de les idees que ens transmet la can\u00e7\u00f3 \u201cGotta be patient\u201d (activitat 3 d\u2019aquesta setmana) i en parlarem la setmana del 18 de maig al Grup de lectura.<\/span><\/b><\/li>\n<\/ul>\n<p style=\"text-align: justify\"><span style=\"font-weight: 400\">I d\u2019aquestes quatre propostes n\u2019haureu de triar dues. <span style=\"text-decoration: underline\">Recomanem als nois i noies de sis\u00e8 fer-les totes quatre:<\/span><\/span><\/p>\n<ol>\n<li style=\"text-align: justify\"><em><b> Matant mosquits:<\/b><\/em><span style=\"font-weight: 400\"> en aquesta proposta podr\u00e0s con\u00e8ixer millor un insecte que cada estiu ens visita i ens molesta. Far\u00e0s una petita recerca dels seus h\u00e0bits de vida, com es van expandint pel territori i qu\u00e8 podem fer per evitar-ho.\u00a0<\/span><\/li>\n<li style=\"text-align: justify\"><em><b> Imagina i &#8230;fes!<\/b><\/em><span style=\"font-weight: 400\">: con\u00e8ixer un gran escultor del segle XX\u00a0 i aprendre fent com ell, fent les teves pr\u00f2pies creacions. Pot ser un bon exercici per gaudir de la teva creativitat.\u00a0<\/span><\/li>\n<li style=\"text-align: justify\"><em><b> Let\u2019s sing a song: <\/b><\/em><span style=\"font-weight: 400\">entenem i cantem la can\u00e7\u00f3 \u201cGotta be patient\u201d del grup Stay Homas i la comparem amb la versi\u00f3 de Michael Bubl\u00e9.<\/span><\/li>\n<li style=\"text-align: justify\"><em><b> Fem un RAP: <\/b><\/em><span style=\"font-weight: 400\">pensem unes frases, una lletra per un RAP fent servir alguna de les bases musicals que t\u2019oferim<\/span><\/li>\n<li style=\"text-align: justify\"><em><strong>Proposta CINEMA EN CURS:<\/strong><\/em>\u00a0<span style=\"text-decoration: underline\">nom\u00e9s per l\u2019alumnat que fa aquest projecte anual<\/span><\/li>\n<\/ol>\n<p><a href=\"https:\/\/agora.xtec.cat\/ceiprieraderibes\/wp-content\/uploads\/usu901\/2020\/05\/Matant-mosquits.pdf\">Matant mosquits<\/a><\/p>\n<p><a href=\"https:\/\/agora.xtec.cat\/ceiprieraderibes\/wp-content\/uploads\/usu901\/2020\/05\/Imagina-i-fes.pdf\">Imagina i fes!<\/a><\/p>\n<p><a href=\"https:\/\/agora.xtec.cat\/ceiprieraderibes\/wp-content\/uploads\/usu901\/2020\/05\/Lets-sing-a-song.pdf\">Let&#8217;s sing a song!<\/a><\/p>\n<p><a href=\"https:\/\/agora.xtec.cat\/ceiprieraderibes\/wp-content\/uploads\/usu901\/2020\/05\/Fem-un-RAP.pdf\">Fem un RAP!!!<\/a><\/p>\n<p><a href=\"https:\/\/agora.xtec.cat\/ceiprieraderibes\/wp-content\/uploads\/usu901\/2020\/05\/Cinema-tasques-setmana-de-l11-de-maig.pdf\">Cinema en curs <\/a><\/p>\n<p style=\"text-align: justify\">Abans de triar les activitats que voleu fer, ens agradaria que pens\u00e9ssiu i f\u00e9ssiu un balan\u00e7 de totes les propostes que heu fet fins ara per a poder aconseguir un equilibri i no deixar de costat cap de les mat\u00e8ries que es treballen a partir de les activitats proposades.<\/p>\n<p style=\"text-align: justify\">Una vegada les tingueu clares, heu de clicar sobre els seg\u00fcents enlla\u00e7os per a accedir al document on estan explicades de manera espec\u00edfica i individual.<\/p>\n<p><em><span style=\"font-weight: 400\"><strong>CONFER\u00c8NCIES:<\/strong><\/span><\/em><\/p>\n<p>At\u00e8s que la primera va ser una gran experi\u00e8ncia, aquesta setmana tenim dues m\u00e9s:<\/p>\n<ul>\n<li>Lluc Pascual i Planas: <em>La Vinya i el Vi.<\/em> <strong>Dimarts, 12 de maig a les 16:00h<\/strong><\/li>\n<li><span style=\"font-weight: 400\">Gil Sol\u00e0: <em>El desembarcament de Normandia.<\/em> <strong>Dimecres, 13 de maig a les 11:00h.<\/strong>\u00a0<\/span><\/li>\n<\/ul>\n<p>Via APP us passarem les dades d\u2019acc\u00e9s.<\/p>\n<p style=\"text-align: justify\">Per \u00faltim, recordeu que quan feu una activitat ja la podeu enviar a l\u2019e-mail:\u00a0\u00a0<a href=\"mailto:segoncicleriera@gmail.com\">segoncicleriera@gmail.com\u00a0<\/a>Millor fer-ho una per una i no esperar a tenir-les totes fetes.\u00a0<strong>Tamb\u00e9 recordeu posar el nom de l\u2019alumne i el nivell (4t, 5\u00e8 o 6\u00e8) a l\u2019assumpte i el nom de la proposta.<\/strong><\/p>\n<p>Gr\u00e0cies i endavant amb la feina!!!<\/p>\n<p>Equip docent de Segon Cicle Riera de Ribes<\/p>\n<p>&nbsp;<\/p>\n","protected":false},"excerpt":{"rendered":"<p>Benvolgudes fam\u00edlies,<br \/>\nAbans de comentar-vos les activitats per la propera setmana, us volem demanar que retorneu el m\u00e9s aviat possible l\u2019autoritzaci\u00f3 dels drets d\u2019imatge.<br \/>\nEn tenim molt poques i sabem que molts de vosaltres ho voleu validar per\u00f2 no heu trobat el moment.<br \/>\nAviat comen\u00e7arem a mostrar activitats&hellip;  <a href=\"https:\/\/agora.xtec.cat\/ceiprieraderibes\/general\/propostes-segon-cicle-setmana-de-l11-al-15-de-maig\/\" title=\"Read Propostes Segon Cicle: setmana de l&#8217;11 al 15 de maig\">Llegeix m\u00e9s\u00bb<\/a><\/p>\n","protected":false},"author":1,"featured_media":10196,"comment_status":"open","ping_status":"closed","sticky":false,"template":"","format":"standard","meta":{"_bbp_topic_count":0,"_bbp_reply_count":0,"_bbp_total_topic_count":0,"_bbp_total_reply_count":0,"_bbp_voice_count":0,"_bbp_anonymous_reply_count":0,"_bbp_topic_count_hidden":0,"_bbp_reply_count_hidden":0,"_bbp_forum_subforum_count":0,"footnotes":""},"categories":[51,50,49,1,4],"tags":[],"class_list":["post-10183","post","type-post","status-publish","format-standard","has-post-thumbnail","hentry","category-generacio-2008","category-generacio-2009","category-generacio-2010","category-general","category-portada"],"post_mailing_queue_ids":[],"_links":{"self":[{"href":"https:\/\/agora.xtec.cat\/ceiprieraderibes\/wp-json\/wp\/v2\/posts\/10183","targetHints":{"allow":["GET"]}}],"collection":[{"href":"https:\/\/agora.xtec.cat\/ceiprieraderibes\/wp-json\/wp\/v2\/posts"}],"about":[{"href":"https:\/\/agora.xtec.cat\/ceiprieraderibes\/wp-json\/wp\/v2\/types\/post"}],"author":[{"embeddable":true,"href":"https:\/\/agora.xtec.cat\/ceiprieraderibes\/wp-json\/wp\/v2\/users\/1"}],"replies":[{"embeddable":true,"href":"https:\/\/agora.xtec.cat\/ceiprieraderibes\/wp-json\/wp\/v2\/comments?post=10183"}],"version-history":[{"count":3,"href":"https:\/\/agora.xtec.cat\/ceiprieraderibes\/wp-json\/wp\/v2\/posts\/10183\/revisions"}],"predecessor-version":[{"id":10201,"href":"https:\/\/agora.xtec.cat\/ceiprieraderibes\/wp-json\/wp\/v2\/posts\/10183\/revisions\/10201"}],"wp:featuredmedia":[{"embeddable":true,"href":"https:\/\/agora.xtec.cat\/ceiprieraderibes\/wp-json\/wp\/v2\/media\/10196"}],"wp:attachment":[{"href":"https:\/\/agora.xtec.cat\/ceiprieraderibes\/wp-json\/wp\/v2\/media?parent=10183"}],"wp:term":[{"taxonomy":"category","embeddable":true,"href":"https:\/\/agora.xtec.cat\/ceiprieraderibes\/wp-json\/wp\/v2\/categories?post=10183"},{"taxonomy":"post_tag","embeddable":true,"href":"https:\/\/agora.xtec.cat\/ceiprieraderibes\/wp-json\/wp\/v2\/tags?post=10183"}],"curies":[{"name":"wp","href":"https:\/\/api.w.org\/{rel}","templated":true}]}}