{"id":10156,"date":"2020-05-08T20:26:33","date_gmt":"2020-05-08T18:26:33","guid":{"rendered":"http:\/\/agora.xtec.cat\/ceiprieraderibes\/?p=10156"},"modified":"2020-05-08T20:36:17","modified_gmt":"2020-05-08T18:36:17","slug":"ioga-virtual","status":"publish","type":"post","link":"https:\/\/agora.xtec.cat\/ceiprieraderibes\/general\/ioga-virtual\/","title":{"rendered":"Ioga virtual!"},"content":{"rendered":"<p style=\"text-align: justify\">Benvolgudes fam\u00edlies,<br \/>\nAqu\u00ed us deixem el v\u00eddeo de la sessi\u00f3 de ioga realitzada dimecres passat. Va ser una gran experi\u00e8ncia! Gr\u00e0cies a tots i a totes per fer-ho possible i, sobretot, a Filippa.<br \/>\nEsperem que la gaudiu tant com nosaltres!<\/p>\n<p style=\"text-align: justify\">Una abra\u00e7ada forta!<\/p>\n<p><a href=\"https:\/\/vimeo.com\/416398210\">https:\/\/vimeo.com\/416398210<\/a><\/p>\n","protected":false},"excerpt":{"rendered":"<p>Benvolgudes fam\u00edlies,<br \/>\nAqu\u00ed us deixem el v\u00eddeo de la sessi\u00f3 de ioga realitzada dimecres passat. Va ser una gran experi\u00e8ncia! Gr\u00e0cies a tots i a totes per fer-ho possible i, sobretot, a Filippa.<br \/>\nEsperem que la gaudiu tant com nosaltres!<br \/>\nUna abra\u00e7ada forta!<br \/>\n<a href=\"https:\/\/vimeo.com\/416398210\">https:\/\/vimeo.com\/416398210<\/a><\/p>\n","protected":false},"author":1,"featured_media":10158,"comment_status":"open","ping_status":"closed","sticky":false,"template":"","format":"standard","meta":{"_bbp_topic_count":0,"_bbp_reply_count":0,"_bbp_total_topic_count":0,"_bbp_total_reply_count":0,"_bbp_voice_count":0,"_bbp_anonymous_reply_count":0,"_bbp_topic_count_hidden":0,"_bbp_reply_count_hidden":0,"_bbp_forum_subforum_count":0,"footnotes":""},"categories":[51,50,49,1,4],"tags":[],"class_list":["post-10156","post","type-post","status-publish","format-standard","has-post-thumbnail","hentry","category-generacio-2008","category-generacio-2009","category-generacio-2010","category-general","category-portada"],"post_mailing_queue_ids":[],"_links":{"self":[{"href":"https:\/\/agora.xtec.cat\/ceiprieraderibes\/wp-json\/wp\/v2\/posts\/10156","targetHints":{"allow":["GET"]}}],"collection":[{"href":"https:\/\/agora.xtec.cat\/ceiprieraderibes\/wp-json\/wp\/v2\/posts"}],"about":[{"href":"https:\/\/agora.xtec.cat\/ceiprieraderibes\/wp-json\/wp\/v2\/types\/post"}],"author":[{"embeddable":true,"href":"https:\/\/agora.xtec.cat\/ceiprieraderibes\/wp-json\/wp\/v2\/users\/1"}],"replies":[{"embeddable":true,"href":"https:\/\/agora.xtec.cat\/ceiprieraderibes\/wp-json\/wp\/v2\/comments?post=10156"}],"version-history":[{"count":2,"href":"https:\/\/agora.xtec.cat\/ceiprieraderibes\/wp-json\/wp\/v2\/posts\/10156\/revisions"}],"predecessor-version":[{"id":10160,"href":"https:\/\/agora.xtec.cat\/ceiprieraderibes\/wp-json\/wp\/v2\/posts\/10156\/revisions\/10160"}],"wp:featuredmedia":[{"embeddable":true,"href":"https:\/\/agora.xtec.cat\/ceiprieraderibes\/wp-json\/wp\/v2\/media\/10158"}],"wp:attachment":[{"href":"https:\/\/agora.xtec.cat\/ceiprieraderibes\/wp-json\/wp\/v2\/media?parent=10156"}],"wp:term":[{"taxonomy":"category","embeddable":true,"href":"https:\/\/agora.xtec.cat\/ceiprieraderibes\/wp-json\/wp\/v2\/categories?post=10156"},{"taxonomy":"post_tag","embeddable":true,"href":"https:\/\/agora.xtec.cat\/ceiprieraderibes\/wp-json\/wp\/v2\/tags?post=10156"}],"curies":[{"name":"wp","href":"https:\/\/api.w.org\/{rel}","templated":true}]}}