{"id":10137,"date":"2020-05-05T17:00:57","date_gmt":"2020-05-05T15:00:57","guid":{"rendered":"http:\/\/agora.xtec.cat\/ceiprieraderibes\/?p=10137"},"modified":"2020-05-05T17:04:40","modified_gmt":"2020-05-05T15:04:40","slug":"propostes-per-primer-cicle-setmana-del-5-a-l11-de-maig","status":"publish","type":"post","link":"https:\/\/agora.xtec.cat\/ceiprieraderibes\/portada\/propostes-per-primer-cicle-setmana-del-5-a-l11-de-maig\/","title":{"rendered":"Propostes per Primer Cicle: setmana del 5 a l&#8217;11 de maig"},"content":{"rendered":"<h3><span style=\"color: #ff6600;\"><b>Setmana del 5 a l\u201911 de maig<\/b><\/span><\/h3>\n<p style=\"text-align: justify;\"><span style=\"font-weight: 400;\">Aqu\u00ed us deixem les propostes d\u2019aquesta setmana!! Recorda que pots fer totes les que vulguis!! A mesura que les vagis fent,\u00a0 envia-les per correu electr\u00f2nic en forma de foto, petit video, document&#8230; El email \u00e9s <\/span><a href=\"mailto:primercicleriera@gmail.com\"><span style=\"font-weight: 400;\">primercicleriera@gmail.com<\/span><\/a><span style=\"font-weight: 400;\">. Veur\u00e0s que despr\u00e9s de cada proposta hi ha una petita reflexi\u00f3 a fer sobre la feina feta. Ja saps! Reflexionar ens ajuda a millorar. Si et cal, demana ajuda per fer-la.<\/span><\/p>\n<p style=\"text-align: justify;\"><span style=\"font-weight: 400;\">Preparades i preparats per veure les propostes d\u2019aquesta setmana?<\/span><\/p>\n<ul>\n<li style=\"text-align: justify;\"><em><span style=\"font-weight: 400;\">Fes clic <\/span><a href=\"https:\/\/drive.google.com\/open?id=1wWIolvK1XguEzx5Iq5VNZirGSowBKT0Y\"><span style=\"font-weight: 400;\">aqu\u00ed <\/span><\/a><span style=\"font-weight: 400;\">per accedir al document amb lletra de PAL.<\/span><\/em><\/li>\n<li style=\"text-align: justify;\"><em><span style=\"font-weight: 400;\">Fes clic <\/span><span style=\"font-weight: 400;\"><a href=\"https:\/\/drive.google.com\/open?id=1T4sF-ZheAAbYahPX050yzE1k2k1w-CLu\">aqu\u00ed<\/a> <\/span><span style=\"font-weight: 400;\">per accedir al document amb lletra d&#8217;impremta.<\/span><\/em><\/li>\n<\/ul>\n<pre><i><span style=\"font-weight: 400;\">Si vas a \u201cArchivo\u201d, i busques \u201cDescargar\u201d, podr\u00e0s descarregar-te el document al teu dispositiu<\/span><\/i><\/pre>\n","protected":false},"excerpt":{"rendered":"<p>Setmana del 5 a l\u201911 de maig<br \/>\nAqu\u00ed us deixem les propostes d\u2019aquesta setmana!! Recorda que pots fer totes les que vulguis!! A mesura que les vagis fent,\u00a0 envia-les per correu electr\u00f2nic en forma de foto, petit video, document&#8230; El email \u00e9s <a href=\"mailto:primercicleriera@gmail.com\">primercicleriera@gmail.com<\/a>. Veur\u00e0s que&hellip;  <a href=\"https:\/\/agora.xtec.cat\/ceiprieraderibes\/portada\/propostes-per-primer-cicle-setmana-del-5-a-l11-de-maig\/\" title=\"Read Propostes per Primer Cicle: setmana del 5 a l&#8217;11 de maig\">Llegeix m\u00e9s\u00bb<\/a><\/p>\n","protected":false},"author":175,"featured_media":10138,"comment_status":"open","ping_status":"closed","sticky":false,"template":"","format":"standard","meta":{"_bbp_topic_count":0,"_bbp_reply_count":0,"_bbp_total_topic_count":0,"_bbp_total_reply_count":0,"_bbp_voice_count":0,"_bbp_anonymous_reply_count":0,"_bbp_topic_count_hidden":0,"_bbp_reply_count_hidden":0,"_bbp_forum_subforum_count":0,"footnotes":""},"categories":[48,47,157,4],"tags":[],"class_list":["post-10137","post","type-post","status-publish","format-standard","has-post-thumbnail","hentry","category-generacio-2011","category-generacio-2012","category-generacio-2013","category-portada"],"post_mailing_queue_ids":[],"_links":{"self":[{"href":"https:\/\/agora.xtec.cat\/ceiprieraderibes\/wp-json\/wp\/v2\/posts\/10137","targetHints":{"allow":["GET"]}}],"collection":[{"href":"https:\/\/agora.xtec.cat\/ceiprieraderibes\/wp-json\/wp\/v2\/posts"}],"about":[{"href":"https:\/\/agora.xtec.cat\/ceiprieraderibes\/wp-json\/wp\/v2\/types\/post"}],"author":[{"embeddable":true,"href":"https:\/\/agora.xtec.cat\/ceiprieraderibes\/wp-json\/wp\/v2\/users\/175"}],"replies":[{"embeddable":true,"href":"https:\/\/agora.xtec.cat\/ceiprieraderibes\/wp-json\/wp\/v2\/comments?post=10137"}],"version-history":[{"count":1,"href":"https:\/\/agora.xtec.cat\/ceiprieraderibes\/wp-json\/wp\/v2\/posts\/10137\/revisions"}],"predecessor-version":[{"id":10139,"href":"https:\/\/agora.xtec.cat\/ceiprieraderibes\/wp-json\/wp\/v2\/posts\/10137\/revisions\/10139"}],"wp:featuredmedia":[{"embeddable":true,"href":"https:\/\/agora.xtec.cat\/ceiprieraderibes\/wp-json\/wp\/v2\/media\/10138"}],"wp:attachment":[{"href":"https:\/\/agora.xtec.cat\/ceiprieraderibes\/wp-json\/wp\/v2\/media?parent=10137"}],"wp:term":[{"taxonomy":"category","embeddable":true,"href":"https:\/\/agora.xtec.cat\/ceiprieraderibes\/wp-json\/wp\/v2\/categories?post=10137"},{"taxonomy":"post_tag","embeddable":true,"href":"https:\/\/agora.xtec.cat\/ceiprieraderibes\/wp-json\/wp\/v2\/tags?post=10137"}],"curies":[{"name":"wp","href":"https:\/\/api.w.org\/{rel}","templated":true}]}}