{"id":10097,"date":"2020-05-03T20:37:47","date_gmt":"2020-05-03T18:37:47","guid":{"rendered":"http:\/\/agora.xtec.cat\/ceiprieraderibes\/?p=10097"},"modified":"2020-05-05T10:36:48","modified_gmt":"2020-05-05T08:36:48","slug":"propostes-segon-cicle-setmana-del-4-al-8-de-maig","status":"publish","type":"post","link":"https:\/\/agora.xtec.cat\/ceiprieraderibes\/general\/propostes-segon-cicle-setmana-del-4-al-8-de-maig\/","title":{"rendered":"Propostes Segon Cicle: setmana del 4 al 8 de maig"},"content":{"rendered":"<p style=\"text-align: justify\"><span style=\"font-weight: 400\">Benvolgudes fam\u00edlies,<\/span><\/p>\n<p style=\"text-align: justify\"><span style=\"font-weight: 400\">Ens adrecem a vosaltres per informar-vos de les tasques a fer la <strong>setmana del 4 al 8 de maig.<\/strong><\/span><\/p>\n<p><strong>INTRODU\u00cfM UNA NOVETAT: PRIMERA CONFER\u00c8NCIA VIRTUAL<\/strong><\/p>\n<p style=\"text-align: justify\">Aquesta setmana la vostra companya Marta Mass\u00f3 de 5\u00e8 far\u00e0 la seva confer\u00e8ncia i tothom est\u00e0 convidat. Nom\u00e9s heu de posar la ID de la reuni\u00f3 per entrar.<\/p>\n<p style=\"text-align: justify\">Aquesta confer\u00e8ncia ser\u00e0 la primera que fem de manera virtual, tot un repte! Si funciona, que segur que s\u00ed! des d\u2019ara i fins a final de curs, podeu pactar amb el vostre mestre\/a referent dia i hora per a fer la vostra pr\u00f2pia confer\u00e8ncia.<\/p>\n<p style=\"text-align: justify\">Via APP us passarem les dades d&#8217;acc\u00e9s i les normes de funcionament.<\/p>\n<p><strong>PEL QUE FA A LES PROPOSTES:<\/strong><\/p>\n<p style=\"text-align: justify\"><span style=\"font-weight: 400\">Com ja \u00e9s habitual teniu <strong>dues tasques<\/strong> que fa tot l\u2019alumnat:<\/span><\/p>\n<ol>\n<li style=\"text-align: justify\"><b> <\/b><strong><span style=\"font-family: inherit;font-size: 1em\">Tert\u00falia literaria:<\/span><\/strong><span style=\"font-weight: 400\"> prepareu el comentari d\u2019algun llibre que esteu llegint per compartir la setmana de l\u201911 de maig<\/span><\/li>\n<li style=\"text-align: justify\"><strong style=\"font-family: inherit;font-size: 1em\"><strong>Dins\/Fora: <\/strong><\/strong>a<span style=\"font-family: inherit;font-size: 1em\">questa setmana ens toca relaxar-nos, i ser\u00e0 de la millor manera possible, fent una petita introducci\u00f3 al Ioga i a la meditaci\u00f3. \u00c9s una activitat que ens permet sentir-nos millor amb nosaltres mateixos, millorant la nostra musculatura i equilibrant les nostres emocions. <\/span>Tamb\u00e9 ens ajuda a ser m\u00e9s conscients de la nostra respiraci\u00f3, la relaxaci\u00f3 i la concentraci\u00f3. Us animeu? Doncs, cliqueu sobre del seg\u00fcent enlla\u00e7!<\/li>\n<\/ol>\n<p><a href=\"https:\/\/agora.xtec.cat\/ceiprieraderibes\/wp-content\/uploads\/usu901\/2020\/04\/Dins_Fora_-Ioga.pdf\">Dins_Fora_ Ioga<\/a><\/p>\n<p style=\"text-align: justify\">A continuaci\u00f3 teniu les quatre propostes.\u00a0<strong>Trieu-ne dues i envieu-les<\/strong>.\u00a0<span style=\"text-decoration: underline\">Recomanem als nois i noies de sis\u00e8 fer-les totes quatre:<\/span><\/p>\n<ol>\n<li style=\"text-align: justify\"><b><i>Quin \u00e9s el teu Km?<\/i><\/b><span style=\"font-weight: 400\"> Et proposem que esbrinis com fas les teves passejades ara que ja pots sortir. Prepara\u2019t per mostrar com pots mesurar el teu carrer. Tamb\u00e9 podr\u00e0s comprovar com et pots moure a un km a la rodona d\u2019on vius, i quines diferents rutes i recorreguts s\u2019hi poden fer.<\/span><\/li>\n<li style=\"text-align: justify\"><b style=\"font-family: inherit;font-size: 1em\"><i>Els robots de Mart<\/i><\/b><span style=\"font-weight: 400\">. En aquesta proposta podr\u00e0s fer hip\u00f2tesis sobre com \u00e9s aquest planeta, per qu\u00e8 no hi hem anant encara les persones, per qu\u00e8 hi han enviat robots, com s\u00f3n aquests robots, qu\u00e8 hi fan\u2026. El professor Joan A. Catal\u00e0 ens mostrar\u00e0 la investigaci\u00f3 actualitzada al respecte d\u2019aquesta aventura de les persones volent anar a Mart.<\/span><\/li>\n<li style=\"text-align: justify\"><b><i>Cuinem. <\/i><\/b><span style=\"font-weight: 400\">Ara podr\u00e0s mostrar aquestes bones maneres que tens de cuiner. T\u2019animem publicar una de les receptes que has cuinat, de ben segur, aquests dies a casa.<\/span><\/li>\n<li style=\"text-align: justify\"><b><i>Art a casa.<\/i><\/b><span style=\"font-weight: 400\"> Aquests dies molts museus ens han obert les portes virtualment i hi poden entrar per a gaudir de les obres d\u2019art que hi exposen. Us proposem que feu algunes d\u2019aquestes visites. Despr\u00e9s us oferim dues possibilitats, a triar-ne una, de manera que vosaltres tamb\u00e9 sentiu que sou uns grans artistes creant la vostra pr\u00f2pia obra d\u2019art.<\/span><\/li>\n<li style=\"text-align: justify\"><em><strong>Proposta CINEMA EN CURS:<\/strong><\/em>\u00a0<span style=\"text-decoration: underline\">nom\u00e9s per l\u2019alumnat que fa aquest projecte anual<\/span><\/li>\n<\/ol>\n<p>Abans de triar les activitats que voleu fer, ens agradaria que pens\u00e9ssiu i f\u00e9ssiu un balan\u00e7 de totes les propostes que heu fet fins ara per a poder aconseguir un equilibri i no deixar de costat cap de les mat\u00e8ries que es treballen a partir de les activitats proposades.<\/p>\n<p>Una vegada les tingueu clares, heu de clicar sobre els seg\u00fcents enlla\u00e7os per a accedir al document on estan explicades de manera espec\u00edfica i individual.<\/p>\n<p><a href=\"https:\/\/agora.xtec.cat\/ceiprieraderibes\/wp-content\/uploads\/usu901\/2020\/05\/quin-e\u0301s-el-teu-km-.pdf\">Quin e\u0301s el teu km?<\/a><\/p>\n<p><a href=\"https:\/\/agora.xtec.cat\/ceiprieraderibes\/wp-content\/uploads\/usu901\/2020\/05\/Els-robots-de-Mart.pdf\">Els robots de Mart<\/a><\/p>\n<p><a href=\"https:\/\/agora.xtec.cat\/ceiprieraderibes\/wp-content\/uploads\/usu901\/2020\/05\/ELABOREM-UNA-RECEPTA.pdf\">Cuinem<\/a><\/p>\n<p><a href=\"https:\/\/agora.xtec.cat\/ceiprieraderibes\/wp-content\/uploads\/usu901\/2020\/05\/Art-a-casa-1.pdf\">Art a casa<\/a><\/p>\n<p><a href=\"https:\/\/agora.xtec.cat\/ceiprieraderibes\/wp-content\/uploads\/usu901\/2020\/05\/cinemaencurs_setmana4_maig.pdf\">Cinema en curs (Setmana 4 de maig)<\/a><\/p>\n<p><strong>INFORMACI\u00d3 IMPORTANT PER LES FAM\u00cdLIES:<\/strong><\/p>\n<p style=\"text-align: justify\">Benvolgudes fam\u00edlies, tamb\u00e9 us oferim una <strong>autoritzaci\u00f3 sobre els drets d&#8217;imatge i la propietat intel\u00b7lectual dels treballs dels vostres fills<\/strong>.<br \/>\n\u00c9s molt important que ens la feu arribar perqu\u00e8, a pesar que tenim les autoritzacions d&#8217;inici de curs, necessitem una especial per a aquest per\u00edode excepcional de COVID-19.<br \/>\nEl document que us facilitem \u00e9s editable. \u00c9s a dir, ho podeu emplenar i signar sense la necessitat d&#8217;imprimir-ho.<br \/>\nUna vegada ho signeu, ho heu d&#8217;adjuntar en un mail posant en l&#8217;assumpte:<br \/>\nAutoritzaci\u00f3\/nom de l&#8217;alumne\/4t, 5\u00e8 o 6\u00e8<\/p>\n<p><a href=\"https:\/\/agora.xtec.cat\/ceiprieraderibes\/wp-content\/uploads\/usu901\/2020\/05\/Autoritzacio\u0301_Drets_Imatge.pdf\">Autoritzacio\u0301_Drets_Imatge<\/a><\/p>\n<p style=\"text-align: justify\">Per \u00faltim, recordeu que quan feu una activitat ja la podeu enviar a l\u2019e-mail:\u00a0 <a href=\"mailto:segoncicleriera@gmail.com\">segoncicleriera@gmail.com\u00a0<\/a>Millor fer-ho una per una i no esperar a tenir-les totes fetes.\u00a0<strong>Tamb\u00e9 recordeu posar el nom de l\u2019alumne i el nivell (4t, 5\u00e8 o 6\u00e8) a l\u2019assumpte i una d\u2019aquestes etiquetes:<\/strong><\/p>\n<ul>\n<li style=\"text-align: justify\"><strong>Dins\/fora<\/strong><\/li>\n<li style=\"text-align: justify\"><strong>Grup lector<\/strong><\/li>\n<li style=\"text-align: justify\"><strong>Proposta triada:<\/strong>\u00a0t\u00edtol de la proposta<\/li>\n<li style=\"text-align: justify\"><strong>Proposta personal<\/strong>\u00a0(la que el teu mestre t\u2019ha proposat per a tu a les trucades individuals o en els correus personals): nom de la proposta i nom del mestre<\/li>\n<\/ul>\n<p>Gr\u00e0cies i endavant amb la feina!!!<\/p>\n<p>Equip docent de Segon Cicle Riera de Ribes<\/p>\n","protected":false},"excerpt":{"rendered":"<p>Benvolgudes fam\u00edlies,<br \/>\nEns adrecem a vosaltres per informar-vos de les tasques a fer la setmana del 4 al 8 de maig.<br \/>\nINTRODU\u00cfM UNA NOVETAT: PRIMERA CONFER\u00c8NCIA VIRTUAL<br \/>\nAquesta setmana la vostra companya Marta Mass\u00f3 de 5\u00e8 far\u00e0 la seva confer\u00e8ncia i tothom est\u00e0 convidat. Nom\u00e9s heu de posar&hellip;  <a href=\"https:\/\/agora.xtec.cat\/ceiprieraderibes\/general\/propostes-segon-cicle-setmana-del-4-al-8-de-maig\/\" title=\"Read Propostes Segon Cicle: setmana del 4 al 8 de maig\">Llegeix m\u00e9s\u00bb<\/a><\/p>\n","protected":false},"author":1,"featured_media":10115,"comment_status":"open","ping_status":"closed","sticky":false,"template":"","format":"standard","meta":{"_bbp_topic_count":0,"_bbp_reply_count":0,"_bbp_total_topic_count":0,"_bbp_total_reply_count":0,"_bbp_voice_count":0,"_bbp_anonymous_reply_count":0,"_bbp_topic_count_hidden":0,"_bbp_reply_count_hidden":0,"_bbp_forum_subforum_count":0,"footnotes":""},"categories":[51,50,49,1,4],"tags":[],"class_list":["post-10097","post","type-post","status-publish","format-standard","has-post-thumbnail","hentry","category-generacio-2008","category-generacio-2009","category-generacio-2010","category-general","category-portada"],"post_mailing_queue_ids":[],"_links":{"self":[{"href":"https:\/\/agora.xtec.cat\/ceiprieraderibes\/wp-json\/wp\/v2\/posts\/10097","targetHints":{"allow":["GET"]}}],"collection":[{"href":"https:\/\/agora.xtec.cat\/ceiprieraderibes\/wp-json\/wp\/v2\/posts"}],"about":[{"href":"https:\/\/agora.xtec.cat\/ceiprieraderibes\/wp-json\/wp\/v2\/types\/post"}],"author":[{"embeddable":true,"href":"https:\/\/agora.xtec.cat\/ceiprieraderibes\/wp-json\/wp\/v2\/users\/1"}],"replies":[{"embeddable":true,"href":"https:\/\/agora.xtec.cat\/ceiprieraderibes\/wp-json\/wp\/v2\/comments?post=10097"}],"version-history":[{"count":3,"href":"https:\/\/agora.xtec.cat\/ceiprieraderibes\/wp-json\/wp\/v2\/posts\/10097\/revisions"}],"predecessor-version":[{"id":10126,"href":"https:\/\/agora.xtec.cat\/ceiprieraderibes\/wp-json\/wp\/v2\/posts\/10097\/revisions\/10126"}],"wp:featuredmedia":[{"embeddable":true,"href":"https:\/\/agora.xtec.cat\/ceiprieraderibes\/wp-json\/wp\/v2\/media\/10115"}],"wp:attachment":[{"href":"https:\/\/agora.xtec.cat\/ceiprieraderibes\/wp-json\/wp\/v2\/media?parent=10097"}],"wp:term":[{"taxonomy":"category","embeddable":true,"href":"https:\/\/agora.xtec.cat\/ceiprieraderibes\/wp-json\/wp\/v2\/categories?post=10097"},{"taxonomy":"post_tag","embeddable":true,"href":"https:\/\/agora.xtec.cat\/ceiprieraderibes\/wp-json\/wp\/v2\/tags?post=10097"}],"curies":[{"name":"wp","href":"https:\/\/api.w.org\/{rel}","templated":true}]}}