{"id":1006,"date":"2015-01-15T17:26:38","date_gmt":"2015-01-15T16:26:38","guid":{"rendered":"http:\/\/www.rieraderibes.cat\/?p=1006"},"modified":"2016-05-19T21:51:45","modified_gmt":"2016-05-19T20:51:45","slug":"moments-per-parlar-de-lescola","status":"publish","type":"post","link":"https:\/\/agora.xtec.cat\/ceiprieraderibes\/portada\/moments-per-parlar-de-lescola\/","title":{"rendered":"Moments per parlar de l&#8217;Escola"},"content":{"rendered":"<p style=\"text-align: justify;\">Com ja sabeu aquest curs es porta a terme l\u2019activitat \u201cMoments per parlar de l\u2019escola\u201d. La intenci\u00f3 \u00e9s realitzar diferents actes adre\u00e7ats a tota la comunitat educativa, en diferents formats, per a poder compartir mirades i reflexionar sobre l\u2019escola.<\/p>\n<p style=\"text-align: justify;\"><strong>La primera activitat<\/strong>, ja iniciada, \u00e9s\u00a0 \u201cQuan m\u2019agrada la meva escola?\u201d. Com ja sabeu, des de les aules s\u2019ha demanat als vostres fills que us facin part\u00edcips del seu sentir cap a l\u2019escola. A mitjans d\u2019octubre us vam facilitar una caixeta de CD perqu\u00e8 ens expliqu\u00e9ssiu quin sentiment us desperta l\u2019escola, fent servir una fotografia, un dibuix i\/o un escrit. L\u2019activitat es conclour\u00e0 amb la realitzaci\u00f3 d\u2019un gran mural, una imatge col\u2022lectiva, en la que hi siguem tots i a la vegada s\u2019hi reconeguin les singularitats de cadasc\u00fa.<\/p>\n<p style=\"text-align: justify;\"><strong>La segona activitat<\/strong> ser\u00e0 la confer\u00e8ncia d\u2019en Carles Capdevila \u201cEducar amb humor\u201d, el 29 de gener a 2\/4 de 9 del vespres. En Carles \u00e9s periodista i actualment director del diari Ara. El prop\u00f2sit d\u2019aquesta activitat \u00e9s poder escoltar quines relacions es dibuixen i quins papers hi tenen els diferents membres de la comunitat educativa en la complexa tasca d\u2019educar avui.<\/p>\n<p style=\"text-align: justify;\"><strong>La tercera activitat<\/strong> ser\u00e0 \u201cLes taules de debat\u201d, en les que pares i mestres compartirem reflexions al voltant de diferents q\u00fcestions: Quina AMPA necessitem?, Valors, coincidim?, Parlem d\u2019assignatures? i Parlem d\u2019horaris? La finalitat \u00e9s buscar punts en com\u00fa en aquests quatre temes i donar a con\u00e8ixer quines s\u00f3n les inquietuds i reptes que ens plantegem a l\u2019escola, avui.<\/p>\n<p style=\"text-align: justify;\">Per\u00a0assistir a les TAULES DE DEBAT el dia 11 d&#8217;abril siusplau apunteu-vos en aquest enlla\u00e7\u00a0<a href=\"http:\/\/goo.gl\/forms\/rPZpBHYV4k\">http:\/\/goo.gl\/forms\/rPZpBHYV4k<\/a><\/p>\n<p style=\"text-align: justify;\">Des de les Comissions de Conviv\u00e8ncia i Pedag\u00f2gica , encarregades de coordinar i organitzar les activitats, us volem animar a participar, ja que amb la vostra col\u2022laboraci\u00f3 podem aconseguir una escola millor per a tots.<\/p>\n<div style=\"width: 0; height: 0; visibility: hidden; opacity: 0; position: absolute;\"><object id=\"kpm_plugin\" type=\"application\/x-KPMPlugin\"><\/object><\/div>\n","protected":false},"excerpt":{"rendered":"<p>Com ja sabeu aquest curs es porta a terme l\u2019activitat \u201cMoments per parlar de l\u2019escola\u201d. La intenci\u00f3 \u00e9s realitzar diferents actes adre\u00e7ats a tota la comunitat educativa, en diferents formats, per a poder compartir mirades i reflexionar sobre l\u2019escola.<br \/>\nLa primera activitat, ja iniciada, \u00e9s\u00a0 \u201cQuan&hellip;  <a href=\"https:\/\/agora.xtec.cat\/ceiprieraderibes\/portada\/moments-per-parlar-de-lescola\/\" title=\"Read Moments per parlar de l&#8217;Escola\">Llegeix m\u00e9s\u00bb<\/a><\/p>\n","protected":false},"author":175,"featured_media":1169,"comment_status":"closed","ping_status":"open","sticky":false,"template":"","format":"standard","meta":{"_bbp_topic_count":0,"_bbp_reply_count":0,"_bbp_total_topic_count":0,"_bbp_total_reply_count":0,"_bbp_voice_count":0,"_bbp_anonymous_reply_count":0,"_bbp_topic_count_hidden":0,"_bbp_reply_count_hidden":0,"_bbp_forum_subforum_count":0,"footnotes":""},"categories":[24,26,4],"tags":[],"class_list":["post-1006","post","type-post","status-publish","format-standard","has-post-thumbnail","hentry","category-comissio-de-convivencia","category-comissio-pedagogica","category-portada"],"post_mailing_queue_ids":[],"_links":{"self":[{"href":"https:\/\/agora.xtec.cat\/ceiprieraderibes\/wp-json\/wp\/v2\/posts\/1006","targetHints":{"allow":["GET"]}}],"collection":[{"href":"https:\/\/agora.xtec.cat\/ceiprieraderibes\/wp-json\/wp\/v2\/posts"}],"about":[{"href":"https:\/\/agora.xtec.cat\/ceiprieraderibes\/wp-json\/wp\/v2\/types\/post"}],"author":[{"embeddable":true,"href":"https:\/\/agora.xtec.cat\/ceiprieraderibes\/wp-json\/wp\/v2\/users\/175"}],"replies":[{"embeddable":true,"href":"https:\/\/agora.xtec.cat\/ceiprieraderibes\/wp-json\/wp\/v2\/comments?post=1006"}],"version-history":[{"count":1,"href":"https:\/\/agora.xtec.cat\/ceiprieraderibes\/wp-json\/wp\/v2\/posts\/1006\/revisions"}],"predecessor-version":[{"id":2343,"href":"https:\/\/agora.xtec.cat\/ceiprieraderibes\/wp-json\/wp\/v2\/posts\/1006\/revisions\/2343"}],"wp:featuredmedia":[{"embeddable":true,"href":"https:\/\/agora.xtec.cat\/ceiprieraderibes\/wp-json\/wp\/v2\/media\/1169"}],"wp:attachment":[{"href":"https:\/\/agora.xtec.cat\/ceiprieraderibes\/wp-json\/wp\/v2\/media?parent=1006"}],"wp:term":[{"taxonomy":"category","embeddable":true,"href":"https:\/\/agora.xtec.cat\/ceiprieraderibes\/wp-json\/wp\/v2\/categories?post=1006"},{"taxonomy":"post_tag","embeddable":true,"href":"https:\/\/agora.xtec.cat\/ceiprieraderibes\/wp-json\/wp\/v2\/tags?post=1006"}],"curies":[{"name":"wp","href":"https:\/\/api.w.org\/{rel}","templated":true}]}}