{"id":10004,"date":"2020-04-28T13:01:40","date_gmt":"2020-04-28T11:01:40","guid":{"rendered":"http:\/\/agora.xtec.cat\/ceiprieraderibes\/?p=10004"},"modified":"2020-04-28T14:20:41","modified_gmt":"2020-04-28T12:20:41","slug":"propostes-per-primer-cicle-setmana-del-28-dabril-al-4-de-maig","status":"publish","type":"post","link":"https:\/\/agora.xtec.cat\/ceiprieraderibes\/portada\/propostes-per-primer-cicle-setmana-del-28-dabril-al-4-de-maig\/","title":{"rendered":"Propostes per Primer Cicle: setmana del 28 d\u2019abril al 4 de maig."},"content":{"rendered":"<h3 style=\"text-align: justify;\"><span style=\"color: #ff6600;\"><b>Setmana del 28 d&#8217;abril al 4 de maig.<\/b><span style=\"font-weight: 400;\">\u00a0<\/span><\/span><\/h3>\n<p style=\"text-align: justify;\"><span style=\"font-weight: 400;\">Aqu\u00ed us deixem les propostes d\u2019aquesta setmana!! Recorda que pots fer totes les que vulguis!! A mesura que les vagis fent,\u00a0 envia-les per correu electr\u00f2nic en forma de foto, petit video, document&#8230; El email \u00e9s <\/span><a href=\"mailto:primercicleriera@gmail.com\"><span style=\"font-weight: 400;\">primercicleriera@gmail.com<\/span><\/a><span style=\"font-weight: 400;\">. Veur\u00e0s que despr\u00e9s de cada proposta hi ha una petita reflexi\u00f3 a fer sobre la feina feta. Ja saps! Reflexionar ens ajuda a millorar. Si et cal, demana ajuda per fer-la.<\/span><\/p>\n<p style=\"text-align: justify;\"><span style=\"font-weight: 400;\">Preparades i preparats per veure les propostes d\u2019aquesta setmana?<\/span><\/p>\n<ul>\n<li style=\"text-align: justify;\"><em><span style=\"font-weight: 400;\">Fes clic <\/span><a href=\"https:\/\/docs.google.com\/document\/d\/1qGDY7qnwcq8ddqOStdCZIBkSYaYD8DHhK2_yk5yDSW4\/edit\"><span style=\"font-weight: 400;\">aqu\u00ed <\/span><\/a><span style=\"font-weight: 400;\">per accedir al document amb lletra de PAL.<\/span><\/em><\/li>\n<li style=\"text-align: justify;\"><em><span style=\"font-weight: 400;\">Fes clic <\/span><a href=\"https:\/\/docs.google.com\/document\/d\/11IZcl18pXkQQaSi-BjggQyyE670_DMTLuJKuRJqgBxk\/edit\"><span style=\"font-weight: 400;\">aqu\u00ed <\/span><\/a><span style=\"font-weight: 400;\">per accedir al document amb lletra d&#8217;impremta.<\/span><\/em><\/li>\n<\/ul>\n<pre><i><span style=\"font-weight: 400;\">Si vas a \u201cArchivo\u201d, i busques \u201cDescargar\u201d, podr\u00e0s descarregar-te el document al teu dispositiu.<\/span><\/i><\/pre>\n<p>&nbsp;<\/p>\n","protected":false},"excerpt":{"rendered":"<p>Setmana del 28 d&#8217;abril al 4 de maig.\u00a0<br \/>\nAqu\u00ed us deixem les propostes d\u2019aquesta setmana!! Recorda que pots fer totes les que vulguis!! A mesura que les vagis fent,\u00a0 envia-les per correu electr\u00f2nic en forma de foto, petit video, document&#8230; El email \u00e9s <a href=\"mailto:primercicleriera@gmail.com\">primercicleriera@gmail.com<\/a>. Veur\u00e0s&hellip;  <a href=\"https:\/\/agora.xtec.cat\/ceiprieraderibes\/portada\/propostes-per-primer-cicle-setmana-del-28-dabril-al-4-de-maig\/\" title=\"Read Propostes per Primer Cicle: setmana del 28 d\u2019abril al 4 de maig.\">Llegeix m\u00e9s\u00bb<\/a><\/p>\n","protected":false},"author":175,"featured_media":10083,"comment_status":"open","ping_status":"closed","sticky":false,"template":"","format":"standard","meta":{"_bbp_topic_count":0,"_bbp_reply_count":0,"_bbp_total_topic_count":0,"_bbp_total_reply_count":0,"_bbp_voice_count":0,"_bbp_anonymous_reply_count":0,"_bbp_topic_count_hidden":0,"_bbp_reply_count_hidden":0,"_bbp_forum_subforum_count":0,"footnotes":""},"categories":[48,47,157,4],"tags":[],"class_list":["post-10004","post","type-post","status-publish","format-standard","has-post-thumbnail","hentry","category-generacio-2011","category-generacio-2012","category-generacio-2013","category-portada"],"post_mailing_queue_ids":[],"_links":{"self":[{"href":"https:\/\/agora.xtec.cat\/ceiprieraderibes\/wp-json\/wp\/v2\/posts\/10004","targetHints":{"allow":["GET"]}}],"collection":[{"href":"https:\/\/agora.xtec.cat\/ceiprieraderibes\/wp-json\/wp\/v2\/posts"}],"about":[{"href":"https:\/\/agora.xtec.cat\/ceiprieraderibes\/wp-json\/wp\/v2\/types\/post"}],"author":[{"embeddable":true,"href":"https:\/\/agora.xtec.cat\/ceiprieraderibes\/wp-json\/wp\/v2\/users\/175"}],"replies":[{"embeddable":true,"href":"https:\/\/agora.xtec.cat\/ceiprieraderibes\/wp-json\/wp\/v2\/comments?post=10004"}],"version-history":[{"count":3,"href":"https:\/\/agora.xtec.cat\/ceiprieraderibes\/wp-json\/wp\/v2\/posts\/10004\/revisions"}],"predecessor-version":[{"id":10085,"href":"https:\/\/agora.xtec.cat\/ceiprieraderibes\/wp-json\/wp\/v2\/posts\/10004\/revisions\/10085"}],"wp:featuredmedia":[{"embeddable":true,"href":"https:\/\/agora.xtec.cat\/ceiprieraderibes\/wp-json\/wp\/v2\/media\/10083"}],"wp:attachment":[{"href":"https:\/\/agora.xtec.cat\/ceiprieraderibes\/wp-json\/wp\/v2\/media?parent=10004"}],"wp:term":[{"taxonomy":"category","embeddable":true,"href":"https:\/\/agora.xtec.cat\/ceiprieraderibes\/wp-json\/wp\/v2\/categories?post=10004"},{"taxonomy":"post_tag","embeddable":true,"href":"https:\/\/agora.xtec.cat\/ceiprieraderibes\/wp-json\/wp\/v2\/tags?post=10004"}],"curies":[{"name":"wp","href":"https:\/\/api.w.org\/{rel}","templated":true}]}}