{"id":26,"count":5,"description":"\u00c9s un equip de professionals del centre, pares i mares que treballen per acomplir els enc\u00e0rrecs del Consell escolar i proposar idees de millora per promoure el coneixement de la l\u00ednea pedag\u00f2gica de l\u2019escola en el si de la comunitat.","link":"https:\/\/agora.xtec.cat\/ceiprieraderibes\/categoria\/comissio-pedagogica\/","name":"Comissi\u00f3 Pedag\u00f2gica","slug":"comissio-pedagogica","taxonomy":"category","parent":0,"meta":[],"_links":{"self":[{"href":"https:\/\/agora.xtec.cat\/ceiprieraderibes\/wp-json\/wp\/v2\/categories\/26","targetHints":{"allow":["GET"]}}],"collection":[{"href":"https:\/\/agora.xtec.cat\/ceiprieraderibes\/wp-json\/wp\/v2\/categories"}],"about":[{"href":"https:\/\/agora.xtec.cat\/ceiprieraderibes\/wp-json\/wp\/v2\/taxonomies\/category"}],"wp:post_type":[{"href":"https:\/\/agora.xtec.cat\/ceiprieraderibes\/wp-json\/wp\/v2\/posts?categories=26"}],"curies":[{"name":"wp","href":"https:\/\/api.w.org\/{rel}","templated":true}]}}