{"id":24,"count":4,"description":"\u00c9s un equip de professionals del centre, pares i mares que treballen per mantenir sa el clima relacional del centre. A la vegada han d\u2019acomplir els enc\u00e0rrecs del Consell Escolar i proposar idees de millora.\r\nLa Comissi\u00f3  de Conviv\u00e8ncia \u00e9s obligat\u00f2ria en tot sels centres educatius p\u00fablics.\r\n","link":"https:\/\/agora.xtec.cat\/ceiprieraderibes\/categoria\/comissio-de-convivencia\/","name":"Comissi\u00f3 de Conviv\u00e8ncia","slug":"comissio-de-convivencia","taxonomy":"category","parent":0,"meta":[],"_links":{"self":[{"href":"https:\/\/agora.xtec.cat\/ceiprieraderibes\/wp-json\/wp\/v2\/categories\/24","targetHints":{"allow":["GET"]}}],"collection":[{"href":"https:\/\/agora.xtec.cat\/ceiprieraderibes\/wp-json\/wp\/v2\/categories"}],"about":[{"href":"https:\/\/agora.xtec.cat\/ceiprieraderibes\/wp-json\/wp\/v2\/taxonomies\/category"}],"wp:post_type":[{"href":"https:\/\/agora.xtec.cat\/ceiprieraderibes\/wp-json\/wp\/v2\/posts?categories=24"}],"curies":[{"name":"wp","href":"https:\/\/api.w.org\/{rel}","templated":true}]}}