{"id":173,"count":6,"description":"Escola P\u00fablica RIERA DE RIBES, Sant Pere de Ribes\r\nN\u00fam. 1. PRIMER FULL DIGITAL. N\u00fam. - Febrer de 2017.\r\nE-mail: ceiprieraderibes@xtec.cat .\r\nadre\u00e7a web: agora.xtec.cat\/ceiprieraderibes\r\nAv. 11 de setembre, s\/n 08810 Sant Pere de Ribes\r\ntel 93 896 15 85 fax 93 896 45 94\r\n\r\n<a href=\"http:\/\/agora.xtec.cat\/ceiprieraderibes\/wp-content\/uploads\/usu901\/2017\/03\/Full2-1.jpg\"><img class=\"alignnone size-full wp-image-6472\" src=\"http:\/\/agora.xtec.cat\/ceiprieraderibes\/wp-content\/uploads\/usu901\/2017\/03\/Full2-1.jpg\" alt=\"\" width=\"448\" height=\"290\" \/><\/a>\r\n<blockquote><strong>.DESTACAT:<\/strong>\r\n<blockquote>Rua de Carnaval: 28 de febrer de 15 a 16:30. Recollida dels alumnes a la mateixa Pla\u00e7a Marcer al finalitzar els balls. Recordeu acomiadar-vos del vostre tutor. Bon Carnaval!!!!.\r\n. Recordeu que el d\u00eda 1 de mar\u00e7 es dia de lliure disposici\u00f3 i festa a l'escola.\r\n. Les vacances de Setmana Santa s\u00f3n del dilluns 10 d'abril al dilluns 17 d'abril.<\/blockquote>\r\n<\/blockquote>","link":"https:\/\/agora.xtec.cat\/ceiprieraderibes\/categoria\/una-escola-per-a-tothom-3\/","name":"UNA ESCOLA PER A TOTHOM 3.","slug":"una-escola-per-a-tothom-3","taxonomy":"category","parent":0,"meta":[],"_links":{"self":[{"href":"https:\/\/agora.xtec.cat\/ceiprieraderibes\/wp-json\/wp\/v2\/categories\/173","targetHints":{"allow":["GET"]}}],"collection":[{"href":"https:\/\/agora.xtec.cat\/ceiprieraderibes\/wp-json\/wp\/v2\/categories"}],"about":[{"href":"https:\/\/agora.xtec.cat\/ceiprieraderibes\/wp-json\/wp\/v2\/taxonomies\/category"}],"wp:post_type":[{"href":"https:\/\/agora.xtec.cat\/ceiprieraderibes\/wp-json\/wp\/v2\/posts?categories=173"}],"curies":[{"name":"wp","href":"https:\/\/api.w.org\/{rel}","templated":true}]}}