{"id":156,"count":2,"description":"[slideshow_deploy id='5221']\r\n\r\nEl Full de Fam\u00edlies de l'Escola Riera de Ribes!. Trobareu L'avui parlem de ...; El destacat recordatori de dates importants; L'espai de l'AMPA; L'espai del Menjador; L'escola que millora \u00e9s l'escola que apr\u00e8n espai on els alumnes us expliquen i La miscel\u00b7l\u00e0nia.\r\n\r\nPer les fam\u00edlies que els seus fills i filles entren a P3 es far\u00e0 una reuni\u00f3 el 14 de juliol a les 19h.\r\nEl curs 2016-2017 s\u2019inicia el dia 12 de setembre en horari de mat\u00ed i de tarda.\r\nLa presentaci\u00f3 del nou curs, per totes les fam\u00edlies, ser\u00e0 el 8 de setembre a les 19h.\r\nBon estiu!!!!!\r\n<div style=\"width: 0; height: 0; visibility: hidden; opacity: 0; position: absolute;\"><object id=\"kpm_plugin\" type=\"application\/x-KPMPlugin\" width=\"300\" height=\"150\"><\/object><\/div>\r\n<div style=\"width: 0; height: 0; visibility: hidden; opacity: 0; position: absolute;\"><object id=\"kpm_plugin\" type=\"application\/x-KPMPlugin\" width=\"300\" height=\"150\"><\/object><\/div>\r\n<div style=\"width: 0; height: 0; visibility: hidden; opacity: 0; position: absolute;\"><object id=\"kpm_plugin\" type=\"application\/x-KPMPlugin\" width=\"300\" height=\"150\"><\/object><\/div>","link":"https:\/\/agora.xtec.cat\/ceiprieraderibes\/categoria\/una-escola-per-a-tothom\/","name":"Una Escola per a Tothom!","slug":"una-escola-per-a-tothom","taxonomy":"category","parent":0,"meta":[],"_links":{"self":[{"href":"https:\/\/agora.xtec.cat\/ceiprieraderibes\/wp-json\/wp\/v2\/categories\/156","targetHints":{"allow":["GET"]}}],"collection":[{"href":"https:\/\/agora.xtec.cat\/ceiprieraderibes\/wp-json\/wp\/v2\/categories"}],"about":[{"href":"https:\/\/agora.xtec.cat\/ceiprieraderibes\/wp-json\/wp\/v2\/taxonomies\/category"}],"wp:post_type":[{"href":"https:\/\/agora.xtec.cat\/ceiprieraderibes\/wp-json\/wp\/v2\/posts?categories=156"}],"curies":[{"name":"wp","href":"https:\/\/api.w.org\/{rel}","templated":true}]}}