{"id":9878,"date":"2025-03-13T12:54:12","date_gmt":"2025-03-13T11:54:12","guid":{"rendered":"https:\/\/agora.xtec.cat\/ceiprellinars\/?p=9878"},"modified":"2026-02-03T19:14:17","modified_gmt":"2026-02-03T18:14:17","slug":"ens-visita-lanna-cabeza","status":"publish","type":"post","link":"https:\/\/agora.xtec.cat\/ceiprellinars\/actualitat\/ens-visita-lanna-cabeza\/","title":{"rendered":"Ens visita l\u00b4Anna Cabeza"},"content":{"rendered":"<p data-pm-slice=\"1 1 []\">Durant aquest segon trimestre, les classes de Grans i Mitjans Grans hem estat llegint els llibres de la col\u00b7lecci\u00f3 de les Germanes Crost\u00f3, escrits per l&#8217;Anna Cabeza, una autora catalana de Sabadell.\u00a0 A banda de llegir alguns dels seus llibres, tamb\u00e9 vam estar buscant informaci\u00f3 sobre la seva biografia, per tant, ja sab\u00edem\u00a0moltes coses d&#8217;ella. Aleshores, entre les dues classes vam estar preparant unes preguntes per a poder-li fer.<\/p>\n<p>Aquest dimecres dia 12 de mar\u00e7 va venir a l&#8217;escola a explicar-nos coses sobre els seus llibres, concretament sobre el primer llibre de la col\u00b7lecci\u00f3:\u00a0<em>el misteri de la tifa de gos<\/em> abandonada, ja que \u00e9s el llibre que hav\u00edem llegit a totes dues classes. Ens havia preparat una presentaci\u00f3 sobre el llibre i vam poder veure les imatges de les persones en qui s&#8217;havia inspirat a l&#8217;hora de fer la hist\u00f2ria. A continuaci\u00f3, li vam poder preguntar tot all\u00f2 que ens hav\u00edem preparat, com per exemple: escrius a m\u00e0 o a ordinador?, quin \u00e9s el llibre que m\u00e9s t&#8217;agrada?, has deixat algun llibre a mitges?&#8230;<\/p>\n<p>Ens va respondre totes les preguntes, explicant-nos coses molt interessants de quan era petita, les seves professions, com va comen\u00e7ar a escriure&#8230; i moltes altres coses. Ens va explicar tamb\u00e9 que t\u00e9 moltes ganes de poder tenir m\u00e9s temps lliure per escriure m\u00e9s, ja que no nom\u00e9s treballa d&#8217;escriptora, sin\u00f3 que tamb\u00e9 treballa a la biblioteca del sud de Sabadell.<\/p>\n<p><a href=\"https:\/\/agora.xtec.cat\/ceiprellinars\/wp-content\/uploads\/usu566\/2025\/03\/DSC09826.jpg\"><img loading=\"lazy\" decoding=\"async\" class=\"alignnone size-medium wp-image-9880 alignleft\" src=\"https:\/\/agora.xtec.cat\/ceiprellinars\/wp-content\/uploads\/usu566\/2025\/03\/DSC09826-300x225.jpg\" alt=\"\" width=\"300\" height=\"225\" srcset=\"https:\/\/agora.xtec.cat\/ceiprellinars\/wp-content\/uploads\/usu566\/2025\/03\/DSC09826-300x225.jpg 300w, https:\/\/agora.xtec.cat\/ceiprellinars\/wp-content\/uploads\/usu566\/2025\/03\/DSC09826-768x576.jpg 768w, https:\/\/agora.xtec.cat\/ceiprellinars\/wp-content\/uploads\/usu566\/2025\/03\/DSC09826-200x150.jpg 200w, https:\/\/agora.xtec.cat\/ceiprellinars\/wp-content\/uploads\/usu566\/2025\/03\/DSC09826.jpg 1000w\" sizes=\"auto, (max-width: 300px) 100vw, 300px\" \/><\/a><\/p>\n<p><a href=\"https:\/\/agora.xtec.cat\/ceiprellinars\/wp-content\/uploads\/usu566\/2025\/03\/DSC09075-scaled.jpg\"><img loading=\"lazy\" decoding=\"async\" class=\"alignnone size-medium wp-image-9889\" src=\"https:\/\/agora.xtec.cat\/ceiprellinars\/wp-content\/uploads\/usu566\/2025\/03\/DSC09075-300x225.jpg\" alt=\"\" width=\"300\" height=\"225\" srcset=\"https:\/\/agora.xtec.cat\/ceiprellinars\/wp-content\/uploads\/usu566\/2025\/03\/DSC09075-300x225.jpg 300w, https:\/\/agora.xtec.cat\/ceiprellinars\/wp-content\/uploads\/usu566\/2025\/03\/DSC09075-1024x768.jpg 1024w, https:\/\/agora.xtec.cat\/ceiprellinars\/wp-content\/uploads\/usu566\/2025\/03\/DSC09075-768x576.jpg 768w, https:\/\/agora.xtec.cat\/ceiprellinars\/wp-content\/uploads\/usu566\/2025\/03\/DSC09075-1536x1152.jpg 1536w, https:\/\/agora.xtec.cat\/ceiprellinars\/wp-content\/uploads\/usu566\/2025\/03\/DSC09075-2048x1536.jpg 2048w, https:\/\/agora.xtec.cat\/ceiprellinars\/wp-content\/uploads\/usu566\/2025\/03\/DSC09075-200x150.jpg 200w\" sizes=\"auto, (max-width: 300px) 100vw, 300px\" \/><\/a> <a href=\"https:\/\/agora.xtec.cat\/ceiprellinars\/wp-content\/uploads\/usu566\/2025\/03\/DSC09088-scaled.jpg\">\u00a0 <img loading=\"lazy\" decoding=\"async\" class=\"alignnone size-medium wp-image-9890\" src=\"https:\/\/agora.xtec.cat\/ceiprellinars\/wp-content\/uploads\/usu566\/2025\/03\/DSC09088-300x225.jpg\" alt=\"\" width=\"300\" height=\"225\" srcset=\"https:\/\/agora.xtec.cat\/ceiprellinars\/wp-content\/uploads\/usu566\/2025\/03\/DSC09088-300x225.jpg 300w, https:\/\/agora.xtec.cat\/ceiprellinars\/wp-content\/uploads\/usu566\/2025\/03\/DSC09088-1024x768.jpg 1024w, https:\/\/agora.xtec.cat\/ceiprellinars\/wp-content\/uploads\/usu566\/2025\/03\/DSC09088-768x576.jpg 768w, https:\/\/agora.xtec.cat\/ceiprellinars\/wp-content\/uploads\/usu566\/2025\/03\/DSC09088-1536x1152.jpg 1536w, https:\/\/agora.xtec.cat\/ceiprellinars\/wp-content\/uploads\/usu566\/2025\/03\/DSC09088-2048x1536.jpg 2048w, https:\/\/agora.xtec.cat\/ceiprellinars\/wp-content\/uploads\/usu566\/2025\/03\/DSC09088-200x150.jpg 200w\" sizes=\"auto, (max-width: 300px) 100vw, 300px\" \/><\/a><\/p>\n<p>&nbsp;<\/p>\n<p>&nbsp;<\/p>\n<p>&nbsp;<\/p>\n<p>&nbsp;<\/p>\n<p>&nbsp;<\/p>\n<p>&nbsp;<\/p>\n","protected":false},"excerpt":{"rendered":"<p>Durant aquest segon trimestre, les classes de Grans i Mitjans Grans hem estat llegint els llibres de la col\u00b7lecci\u00f3 de les Germanes Crost\u00f3, escrits per l&#8217;Anna Cabeza, una autora catalana de Sabadell.\u00a0 A banda de llegir alguns dels seus llibres, tamb\u00e9 vam estar buscant informaci\u00f3 sobre la seva biografia, per tant, ja sab\u00edem\u00a0moltes coses d&#8217;ella. [&hellip;]<\/p>\n","protected":false},"author":26,"featured_media":9880,"comment_status":"open","ping_status":"closed","sticky":false,"template":"","format":"standard","meta":{"_bbp_topic_count":0,"_bbp_reply_count":0,"_bbp_total_topic_count":0,"_bbp_total_reply_count":0,"_bbp_voice_count":0,"_bbp_anonymous_reply_count":0,"_bbp_topic_count_hidden":0,"_bbp_reply_count_hidden":0,"_bbp_forum_subforum_count":0,"site-sidebar-layout":"default","site-content-layout":"","ast-site-content-layout":"","site-content-style":"default","site-sidebar-style":"default","ast-global-header-display":"","ast-banner-title-visibility":"","ast-main-header-display":"","ast-hfb-above-header-display":"","ast-hfb-below-header-display":"","ast-hfb-mobile-header-display":"","site-post-title":"","ast-breadcrumbs-content":"","ast-featured-img":"","footer-sml-layout":"","theme-transparent-header-meta":"","adv-header-id-meta":"","stick-header-meta":"","header-above-stick-meta":"","header-main-stick-meta":"","header-below-stick-meta":"","astra-migrate-meta-layouts":"default","ast-page-background-enabled":"default","ast-page-background-meta":{"desktop":{"background-color":"var(--ast-global-color-4)","background-image":"","background-repeat":"repeat","background-position":"center center","background-size":"auto","background-attachment":"scroll","background-type":"","background-media":"","overlay-type":"","overlay-color":"","overlay-opacity":"","overlay-gradient":""},"tablet":{"background-color":"","background-image":"","background-repeat":"repeat","background-position":"center center","background-size":"auto","background-attachment":"scroll","background-type":"","background-media":"","overlay-type":"","overlay-color":"","overlay-opacity":"","overlay-gradient":""},"mobile":{"background-color":"","background-image":"","background-repeat":"repeat","background-position":"center center","background-size":"auto","background-attachment":"scroll","background-type":"","background-media":"","overlay-type":"","overlay-color":"","overlay-opacity":"","overlay-gradient":""}},"ast-content-background-meta":{"desktop":{"background-color":"var(--ast-global-color-5)","background-image":"","background-repeat":"repeat","background-position":"center center","background-size":"auto","background-attachment":"scroll","background-type":"","background-media":"","overlay-type":"","overlay-color":"","overlay-opacity":"","overlay-gradient":""},"tablet":{"background-color":"var(--ast-global-color-5)","background-image":"","background-repeat":"repeat","background-position":"center center","background-size":"auto","background-attachment":"scroll","background-type":"","background-media":"","overlay-type":"","overlay-color":"","overlay-opacity":"","overlay-gradient":""},"mobile":{"background-color":"var(--ast-global-color-5)","background-image":"","background-repeat":"repeat","background-position":"center center","background-size":"auto","background-attachment":"scroll","background-type":"","background-media":"","overlay-type":"","overlay-color":"","overlay-opacity":"","overlay-gradient":""}},"footnotes":""},"categories":[1,27,427],"tags":[],"class_list":["post-9878","post","type-post","status-publish","format-standard","has-post-thumbnail","hentry","category-actualitat","category-escola","category-mitjans-grans"],"post_mailing_queue_ids":[],"_links":{"self":[{"href":"https:\/\/agora.xtec.cat\/ceiprellinars\/wp-json\/wp\/v2\/posts\/9878","targetHints":{"allow":["GET"]}}],"collection":[{"href":"https:\/\/agora.xtec.cat\/ceiprellinars\/wp-json\/wp\/v2\/posts"}],"about":[{"href":"https:\/\/agora.xtec.cat\/ceiprellinars\/wp-json\/wp\/v2\/types\/post"}],"author":[{"embeddable":true,"href":"https:\/\/agora.xtec.cat\/ceiprellinars\/wp-json\/wp\/v2\/users\/26"}],"replies":[{"embeddable":true,"href":"https:\/\/agora.xtec.cat\/ceiprellinars\/wp-json\/wp\/v2\/comments?post=9878"}],"version-history":[{"count":5,"href":"https:\/\/agora.xtec.cat\/ceiprellinars\/wp-json\/wp\/v2\/posts\/9878\/revisions"}],"predecessor-version":[{"id":9892,"href":"https:\/\/agora.xtec.cat\/ceiprellinars\/wp-json\/wp\/v2\/posts\/9878\/revisions\/9892"}],"wp:featuredmedia":[{"embeddable":true,"href":"https:\/\/agora.xtec.cat\/ceiprellinars\/wp-json\/wp\/v2\/media\/9880"}],"wp:attachment":[{"href":"https:\/\/agora.xtec.cat\/ceiprellinars\/wp-json\/wp\/v2\/media?parent=9878"}],"wp:term":[{"taxonomy":"category","embeddable":true,"href":"https:\/\/agora.xtec.cat\/ceiprellinars\/wp-json\/wp\/v2\/categories?post=9878"},{"taxonomy":"post_tag","embeddable":true,"href":"https:\/\/agora.xtec.cat\/ceiprellinars\/wp-json\/wp\/v2\/tags?post=9878"}],"curies":[{"name":"wp","href":"https:\/\/api.w.org\/{rel}","templated":true}]}}