{"id":9802,"date":"2025-02-05T17:26:51","date_gmt":"2025-02-05T16:26:51","guid":{"rendered":"https:\/\/agora.xtec.cat\/ceiprellinars\/?p=9802"},"modified":"2026-02-03T19:14:17","modified_gmt":"2026-02-03T18:14:17","slug":"som-els-mitjans-grans-3","status":"publish","type":"post","link":"https:\/\/agora.xtec.cat\/ceiprellinars\/actualitat\/som-els-mitjans-grans-3\/","title":{"rendered":"SOM ELS MITJANS GRANS"},"content":{"rendered":"<p><span style=\"font-weight: 400\">Hola, som la classe dels Mitjans Grans i som 17 alumnes. D\u2019aquests, som 7 alumnes de 4t i 10 de 3r. Aquest any la nostra tutora \u00e9s la Maria.\u00a0<\/span><\/p>\n<p><span style=\"font-weight: 400\">El mestre d\u2019Educaci\u00f3 fisica \u00e9s el Marc; la Mireia ens continua fent la m\u00fasica; l\u2019Alba ens fa el castell\u00e0 i la Consol, l\u2019angl\u00e8s.<\/span><\/p>\n<p>&nbsp;<\/p>\n<p><span style=\"font-weight: 400\">Cada any tenim una llibreta de color diferent, i aquest any \u00e9s de color taronja.<\/span><\/p>\n<p><a href=\"https:\/\/agora.xtec.cat\/ceiprellinars\/wp-content\/uploads\/usu566\/2025\/02\/presentacio3-scaled.jpg\"><img loading=\"lazy\" decoding=\"async\" class=\"alignnone wp-image-9803\" src=\"https:\/\/agora.xtec.cat\/ceiprellinars\/wp-content\/uploads\/usu566\/2025\/02\/presentacio3-1024x768.jpg\" alt=\"\" width=\"354\" height=\"266\" srcset=\"https:\/\/agora.xtec.cat\/ceiprellinars\/wp-content\/uploads\/usu566\/2025\/02\/presentacio3-1024x768.jpg 1024w, https:\/\/agora.xtec.cat\/ceiprellinars\/wp-content\/uploads\/usu566\/2025\/02\/presentacio3-300x225.jpg 300w, https:\/\/agora.xtec.cat\/ceiprellinars\/wp-content\/uploads\/usu566\/2025\/02\/presentacio3-768x576.jpg 768w, https:\/\/agora.xtec.cat\/ceiprellinars\/wp-content\/uploads\/usu566\/2025\/02\/presentacio3-1536x1152.jpg 1536w, https:\/\/agora.xtec.cat\/ceiprellinars\/wp-content\/uploads\/usu566\/2025\/02\/presentacio3-2048x1536.jpg 2048w, https:\/\/agora.xtec.cat\/ceiprellinars\/wp-content\/uploads\/usu566\/2025\/02\/presentacio3-200x150.jpg 200w\" sizes=\"auto, (max-width: 354px) 100vw, 354px\" \/><\/a><\/p>\n<p><span style=\"font-weight: 400\">Durant el curs volem investigar moltes coses i tenim un munt de preguntes per respondre com, per exemple, <\/span><span style=\"font-weight: 400\">Qu\u00e8 ens aporten els fongs?, Com \u00e9s el nostre sistema solar, L\u2019amistat, com ens fa sentir?, Noticies del mon, Podem viure sense sal? i un projecte ling\u00fc\u00edstic en castell\u00e0 que \u00e9s sobre el Roald Dahl.<\/span><\/p>\n<p><span style=\"font-weight: 400\">Com a novetat, aquest curs hem fet un <\/span><b><i>Hospital de paraules<\/i><\/b><span style=\"font-weight: 400\"> per ajudar nos\u00a0 a escriure millor\u00a0 i tenim <\/span><b><i>La<\/i><\/b> <b><i>llibreta viatgera<\/i><\/b><i><span style=\"font-weight: 400\">\u00a0<\/span><\/i><span style=\"font-weight: 400\">.<\/span><\/p>\n<p><a href=\"https:\/\/agora.xtec.cat\/ceiprellinars\/wp-content\/uploads\/usu566\/2025\/02\/presentacio5-scaled.jpg\"><img loading=\"lazy\" decoding=\"async\" class=\"alignnone  wp-image-9805\" src=\"https:\/\/agora.xtec.cat\/ceiprellinars\/wp-content\/uploads\/usu566\/2025\/02\/presentacio5-1024x1024.jpg\" alt=\"\" width=\"289\" height=\"289\" srcset=\"https:\/\/agora.xtec.cat\/ceiprellinars\/wp-content\/uploads\/usu566\/2025\/02\/presentacio5-1024x1024.jpg 1024w, https:\/\/agora.xtec.cat\/ceiprellinars\/wp-content\/uploads\/usu566\/2025\/02\/presentacio5-300x300.jpg 300w, https:\/\/agora.xtec.cat\/ceiprellinars\/wp-content\/uploads\/usu566\/2025\/02\/presentacio5-150x150.jpg 150w, https:\/\/agora.xtec.cat\/ceiprellinars\/wp-content\/uploads\/usu566\/2025\/02\/presentacio5-768x768.jpg 768w, https:\/\/agora.xtec.cat\/ceiprellinars\/wp-content\/uploads\/usu566\/2025\/02\/presentacio5-1536x1536.jpg 1536w, https:\/\/agora.xtec.cat\/ceiprellinars\/wp-content\/uploads\/usu566\/2025\/02\/presentacio5-2048x2048.jpg 2048w\" sizes=\"auto, (max-width: 289px) 100vw, 289px\" \/><\/a> <a href=\"https:\/\/agora.xtec.cat\/ceiprellinars\/wp-content\/uploads\/usu566\/2025\/02\/presentacio4-scaled.jpg\"><img loading=\"lazy\" decoding=\"async\" class=\"alignnone  wp-image-9804\" src=\"https:\/\/agora.xtec.cat\/ceiprellinars\/wp-content\/uploads\/usu566\/2025\/02\/presentacio4-1024x461.jpg\" alt=\"\" width=\"644\" height=\"290\" srcset=\"https:\/\/agora.xtec.cat\/ceiprellinars\/wp-content\/uploads\/usu566\/2025\/02\/presentacio4-1024x461.jpg 1024w, https:\/\/agora.xtec.cat\/ceiprellinars\/wp-content\/uploads\/usu566\/2025\/02\/presentacio4-300x135.jpg 300w, https:\/\/agora.xtec.cat\/ceiprellinars\/wp-content\/uploads\/usu566\/2025\/02\/presentacio4-768x346.jpg 768w, https:\/\/agora.xtec.cat\/ceiprellinars\/wp-content\/uploads\/usu566\/2025\/02\/presentacio4-1536x691.jpg 1536w, https:\/\/agora.xtec.cat\/ceiprellinars\/wp-content\/uploads\/usu566\/2025\/02\/presentacio4-2048x921.jpg 2048w\" sizes=\"auto, (max-width: 644px) 100vw, 644px\" \/>\u00a0\u00a0\u00a0\u00a0\u00a0\u00a0\u00a0\u00a0\u00a0\u00a0\u00a0\u00a0\u00a0\u00a0\u00a0\u00a0\u00a0\u00a0\u00a0<\/a><\/p>\n<p>&nbsp;<\/p>\n<p>&nbsp;<\/p>\n","protected":false},"excerpt":{"rendered":"<p>Hola, som la classe dels Mitjans Grans i som 17 alumnes. D\u2019aquests, som 7 alumnes de 4t i 10 de 3r. Aquest any la nostra tutora \u00e9s la Maria.\u00a0 El mestre d\u2019Educaci\u00f3 fisica \u00e9s el Marc; la Mireia ens continua fent la m\u00fasica; l\u2019Alba ens fa el castell\u00e0 i la Consol, l\u2019angl\u00e8s. &nbsp; Cada any [&hellip;]<\/p>\n","protected":false},"author":21,"featured_media":9803,"comment_status":"open","ping_status":"closed","sticky":false,"template":"","format":"standard","meta":{"_bbp_topic_count":0,"_bbp_reply_count":0,"_bbp_total_topic_count":0,"_bbp_total_reply_count":0,"_bbp_voice_count":0,"_bbp_anonymous_reply_count":0,"_bbp_topic_count_hidden":0,"_bbp_reply_count_hidden":0,"_bbp_forum_subforum_count":0,"site-sidebar-layout":"default","site-content-layout":"","ast-site-content-layout":"","site-content-style":"default","site-sidebar-style":"default","ast-global-header-display":"","ast-banner-title-visibility":"","ast-main-header-display":"","ast-hfb-above-header-display":"","ast-hfb-below-header-display":"","ast-hfb-mobile-header-display":"","site-post-title":"","ast-breadcrumbs-content":"","ast-featured-img":"","footer-sml-layout":"","theme-transparent-header-meta":"","adv-header-id-meta":"","stick-header-meta":"","header-above-stick-meta":"","header-main-stick-meta":"","header-below-stick-meta":"","astra-migrate-meta-layouts":"default","ast-page-background-enabled":"default","ast-page-background-meta":{"desktop":{"background-color":"var(--ast-global-color-4)","background-image":"","background-repeat":"repeat","background-position":"center center","background-size":"auto","background-attachment":"scroll","background-type":"","background-media":"","overlay-type":"","overlay-color":"","overlay-opacity":"","overlay-gradient":""},"tablet":{"background-color":"","background-image":"","background-repeat":"repeat","background-position":"center center","background-size":"auto","background-attachment":"scroll","background-type":"","background-media":"","overlay-type":"","overlay-color":"","overlay-opacity":"","overlay-gradient":""},"mobile":{"background-color":"","background-image":"","background-repeat":"repeat","background-position":"center center","background-size":"auto","background-attachment":"scroll","background-type":"","background-media":"","overlay-type":"","overlay-color":"","overlay-opacity":"","overlay-gradient":""}},"ast-content-background-meta":{"desktop":{"background-color":"var(--ast-global-color-5)","background-image":"","background-repeat":"repeat","background-position":"center center","background-size":"auto","background-attachment":"scroll","background-type":"","background-media":"","overlay-type":"","overlay-color":"","overlay-opacity":"","overlay-gradient":""},"tablet":{"background-color":"var(--ast-global-color-5)","background-image":"","background-repeat":"repeat","background-position":"center center","background-size":"auto","background-attachment":"scroll","background-type":"","background-media":"","overlay-type":"","overlay-color":"","overlay-opacity":"","overlay-gradient":""},"mobile":{"background-color":"var(--ast-global-color-5)","background-image":"","background-repeat":"repeat","background-position":"center center","background-size":"auto","background-attachment":"scroll","background-type":"","background-media":"","overlay-type":"","overlay-color":"","overlay-opacity":"","overlay-gradient":""}},"footnotes":""},"categories":[1,27,427],"tags":[],"class_list":["post-9802","post","type-post","status-publish","format-standard","has-post-thumbnail","hentry","category-actualitat","category-escola","category-mitjans-grans"],"post_mailing_queue_ids":[],"_links":{"self":[{"href":"https:\/\/agora.xtec.cat\/ceiprellinars\/wp-json\/wp\/v2\/posts\/9802","targetHints":{"allow":["GET"]}}],"collection":[{"href":"https:\/\/agora.xtec.cat\/ceiprellinars\/wp-json\/wp\/v2\/posts"}],"about":[{"href":"https:\/\/agora.xtec.cat\/ceiprellinars\/wp-json\/wp\/v2\/types\/post"}],"author":[{"embeddable":true,"href":"https:\/\/agora.xtec.cat\/ceiprellinars\/wp-json\/wp\/v2\/users\/21"}],"replies":[{"embeddable":true,"href":"https:\/\/agora.xtec.cat\/ceiprellinars\/wp-json\/wp\/v2\/comments?post=9802"}],"version-history":[{"count":1,"href":"https:\/\/agora.xtec.cat\/ceiprellinars\/wp-json\/wp\/v2\/posts\/9802\/revisions"}],"predecessor-version":[{"id":9806,"href":"https:\/\/agora.xtec.cat\/ceiprellinars\/wp-json\/wp\/v2\/posts\/9802\/revisions\/9806"}],"wp:featuredmedia":[{"embeddable":true,"href":"https:\/\/agora.xtec.cat\/ceiprellinars\/wp-json\/wp\/v2\/media\/9803"}],"wp:attachment":[{"href":"https:\/\/agora.xtec.cat\/ceiprellinars\/wp-json\/wp\/v2\/media?parent=9802"}],"wp:term":[{"taxonomy":"category","embeddable":true,"href":"https:\/\/agora.xtec.cat\/ceiprellinars\/wp-json\/wp\/v2\/categories?post=9802"},{"taxonomy":"post_tag","embeddable":true,"href":"https:\/\/agora.xtec.cat\/ceiprellinars\/wp-json\/wp\/v2\/tags?post=9802"}],"curies":[{"name":"wp","href":"https:\/\/api.w.org\/{rel}","templated":true}]}}