{"id":9440,"date":"2024-03-09T15:24:10","date_gmt":"2024-03-09T14:24:10","guid":{"rendered":"https:\/\/agora.xtec.cat\/ceiprellinars\/?p=9440"},"modified":"2026-02-03T19:23:11","modified_gmt":"2026-02-03T18:23:11","slug":"hem-plantat-les-jardineres","status":"publish","type":"post","link":"https:\/\/agora.xtec.cat\/ceiprellinars\/actualitat\/hem-plantat-les-jardineres\/","title":{"rendered":"HEM PLANTAT LES JARDINERES"},"content":{"rendered":"<p>Hola gent!<\/p>\n<p>Despr\u00e8s de treballar molt per construir les jardineres del sorra, per fi hem pogut omplir-les de plantetes.<\/p>\n<p>Per decidir qu\u00e8 plantar vam fer un llistat de totes les plantes que ten\u00edem als jardins o terrasses de casa nostra, vam reflexionar sobre com havien de ser les que nosaltres plantar\u00edem.<\/p>\n<ul>\n<li>No podien tenir punxes perqu\u00e8 els m\u00e9s petits no prenguessin mal<\/li>\n<li>Havien d&#8217;aguantar baixes i altes temperatures<\/li>\n<li>No necessitar molt\u00edssima aigua<\/li>\n<li>Ser de Rellinars<\/li>\n<\/ul>\n<p>Aix\u00ed doncs despr\u00e8s de destriar plantes com el roser, l&#8217;aloe vera, les margarides o altres&#8230; Finalment vam decidir posar farigola, roman\u00ed i una suculenta!<\/p>\n<p>Per plantar-les va venir el pare del Kai que ha treballat de jardiner i en sap molt\u00edssim i tamb\u00e9 la mare de l&#8217;H\u00e9ctor que ens va ajudar molt amb la feinada que vam fer.<\/p>\n<p>Primer de tot vam omplir de terra especi<a href=\"https:\/\/agora.xtec.cat\/ceiprellinars\/wp-content\/uploads\/usu566\/2024\/03\/IMG_20240219_100139-min-scaled.jpg\"><img loading=\"lazy\" decoding=\"async\" class=\"wp-image-9433 alignleft\" src=\"https:\/\/agora.xtec.cat\/ceiprellinars\/wp-content\/uploads\/usu566\/2024\/03\/IMG_20240219_100139-min-1024x991.jpg\" alt=\"\" width=\"318\" height=\"307\" srcset=\"https:\/\/agora.xtec.cat\/ceiprellinars\/wp-content\/uploads\/usu566\/2024\/03\/IMG_20240219_100139-min-1024x991.jpg 1024w, https:\/\/agora.xtec.cat\/ceiprellinars\/wp-content\/uploads\/usu566\/2024\/03\/IMG_20240219_100139-min-300x290.jpg 300w, https:\/\/agora.xtec.cat\/ceiprellinars\/wp-content\/uploads\/usu566\/2024\/03\/IMG_20240219_100139-min-768x743.jpg 768w, https:\/\/agora.xtec.cat\/ceiprellinars\/wp-content\/uploads\/usu566\/2024\/03\/IMG_20240219_100139-min-1536x1486.jpg 1536w, https:\/\/agora.xtec.cat\/ceiprellinars\/wp-content\/uploads\/usu566\/2024\/03\/IMG_20240219_100139-min-2048x1982.jpg 2048w\" sizes=\"auto, (max-width: 318px) 100vw, 318px\" \/><\/a>al per les plantes les dues jardineres. Despr\u00e8s hav\u00edem de fer un foradet on vol\u00edem posar les plantes.<\/p>\n<p>&nbsp;<\/p>\n<p>&nbsp;<\/p>\n<p>&nbsp;<\/p>\n<p>&nbsp;<\/p>\n<p>&nbsp;<\/p>\n<p><a href=\"https:\/\/agora.xtec.cat\/ceiprellinars\/wp-content\/uploads\/usu566\/2024\/03\/IMG_20240219_100748-min-scaled.jpg\"><img loading=\"lazy\" decoding=\"async\" class=\"wp-image-9434 alignleft\" src=\"https:\/\/agora.xtec.cat\/ceiprellinars\/wp-content\/uploads\/usu566\/2024\/03\/IMG_20240219_100748-min-1024x883.jpg\" alt=\"\" width=\"240\" height=\"207\" srcset=\"https:\/\/agora.xtec.cat\/ceiprellinars\/wp-content\/uploads\/usu566\/2024\/03\/IMG_20240219_100748-min-1024x883.jpg 1024w, https:\/\/agora.xtec.cat\/ceiprellinars\/wp-content\/uploads\/usu566\/2024\/03\/IMG_20240219_100748-min-300x259.jpg 300w, https:\/\/agora.xtec.cat\/ceiprellinars\/wp-content\/uploads\/usu566\/2024\/03\/IMG_20240219_100748-min-768x662.jpg 768w, https:\/\/agora.xtec.cat\/ceiprellinars\/wp-content\/uploads\/usu566\/2024\/03\/IMG_20240219_100748-min-1536x1324.jpg 1536w, https:\/\/agora.xtec.cat\/ceiprellinars\/wp-content\/uploads\/usu566\/2024\/03\/IMG_20240219_100748-min-2048x1765.jpg 2048w\" sizes=\"auto, (max-width: 240px) 100vw, 240px\" \/><\/a><\/p>\n<p><a href=\"https:\/\/agora.xtec.cat\/ceiprellinars\/wp-content\/uploads\/usu566\/2024\/03\/IMG_20240219_100859-min-scaled.jpg\"><img loading=\"lazy\" decoding=\"async\" class=\"wp-image-9435 alignleft\" src=\"https:\/\/agora.xtec.cat\/ceiprellinars\/wp-content\/uploads\/usu566\/2024\/03\/IMG_20240219_100859-min-1024x891.jpg\" alt=\"\" width=\"243\" height=\"211\" srcset=\"https:\/\/agora.xtec.cat\/ceiprellinars\/wp-content\/uploads\/usu566\/2024\/03\/IMG_20240219_100859-min-1024x891.jpg 1024w, https:\/\/agora.xtec.cat\/ceiprellinars\/wp-content\/uploads\/usu566\/2024\/03\/IMG_20240219_100859-min-300x261.jpg 300w, https:\/\/agora.xtec.cat\/ceiprellinars\/wp-content\/uploads\/usu566\/2024\/03\/IMG_20240219_100859-min-768x668.jpg 768w, https:\/\/agora.xtec.cat\/ceiprellinars\/wp-content\/uploads\/usu566\/2024\/03\/IMG_20240219_100859-min-1536x1336.jpg 1536w, https:\/\/agora.xtec.cat\/ceiprellinars\/wp-content\/uploads\/usu566\/2024\/03\/IMG_20240219_100859-min-2048x1781.jpg 2048w\" sizes=\"auto, (max-width: 243px) 100vw, 243px\" \/><\/a><\/p>\n<p>&nbsp;<\/p>\n<p>&nbsp;<\/p>\n<p>&nbsp;<\/p>\n<p>&nbsp;<\/p>\n<p>&nbsp;<\/p>\n<p>Quan tr\u00e8iem del planter la planta s&#8217;ha de fer una mica de massatge a les arrels; la posem al forat que hem fet i la tapem b\u00e9 amb m\u00e9s sorra.<\/p>\n<p>Per \u00faltim nom\u00e9s cal anar regant-les bastant perqu\u00e8 creixin molt!<\/p>\n<p>&nbsp;<\/p>\n<p>&nbsp;<\/p>\n<p><img loading=\"lazy\" decoding=\"async\" class=\"wp-image-9436 alignleft\" src=\"https:\/\/agora.xtec.cat\/ceiprellinars\/wp-content\/uploads\/usu566\/2024\/03\/IMG_20240219_101111-min-1024x794.jpg\" alt=\"\" width=\"324\" height=\"251\" srcset=\"https:\/\/agora.xtec.cat\/ceiprellinars\/wp-content\/uploads\/usu566\/2024\/03\/IMG_20240219_101111-min-1024x794.jpg 1024w, https:\/\/agora.xtec.cat\/ceiprellinars\/wp-content\/uploads\/usu566\/2024\/03\/IMG_20240219_101111-min-300x232.jpg 300w, https:\/\/agora.xtec.cat\/ceiprellinars\/wp-content\/uploads\/usu566\/2024\/03\/IMG_20240219_101111-min-768x595.jpg 768w, https:\/\/agora.xtec.cat\/ceiprellinars\/wp-content\/uploads\/usu566\/2024\/03\/IMG_20240219_101111-min-1536x1190.jpg 1536w, https:\/\/agora.xtec.cat\/ceiprellinars\/wp-content\/uploads\/usu566\/2024\/03\/IMG_20240219_101111-min-2048x1587.jpg 2048w\" sizes=\"auto, (max-width: 324px) 100vw, 324px\" \/><\/p>\n<p>&nbsp;<\/p>\n<p>&nbsp;<\/p>\n","protected":false},"excerpt":{"rendered":"<p>Hola gent! Despr\u00e8s de treballar molt per construir les jardineres del sorra, per fi hem pogut omplir-les de plantetes. Per decidir qu\u00e8 plantar vam fer un llistat de totes les plantes que ten\u00edem als jardins o terrasses de casa nostra, vam reflexionar sobre com havien de ser les que nosaltres plantar\u00edem. No podien tenir punxes [&hellip;]<\/p>\n","protected":false},"author":22,"featured_media":9435,"comment_status":"open","ping_status":"closed","sticky":false,"template":"","format":"standard","meta":{"_bbp_topic_count":0,"_bbp_reply_count":0,"_bbp_total_topic_count":0,"_bbp_total_reply_count":0,"_bbp_voice_count":0,"_bbp_anonymous_reply_count":0,"_bbp_topic_count_hidden":0,"_bbp_reply_count_hidden":0,"_bbp_forum_subforum_count":0,"site-sidebar-layout":"default","site-content-layout":"","ast-site-content-layout":"","site-content-style":"default","site-sidebar-style":"default","ast-global-header-display":"","ast-banner-title-visibility":"","ast-main-header-display":"","ast-hfb-above-header-display":"","ast-hfb-below-header-display":"","ast-hfb-mobile-header-display":"","site-post-title":"","ast-breadcrumbs-content":"","ast-featured-img":"","footer-sml-layout":"","theme-transparent-header-meta":"","adv-header-id-meta":"","stick-header-meta":"","header-above-stick-meta":"","header-main-stick-meta":"","header-below-stick-meta":"","astra-migrate-meta-layouts":"default","ast-page-background-enabled":"default","ast-page-background-meta":{"desktop":{"background-color":"var(--ast-global-color-4)","background-image":"","background-repeat":"repeat","background-position":"center center","background-size":"auto","background-attachment":"scroll","background-type":"","background-media":"","overlay-type":"","overlay-color":"","overlay-opacity":"","overlay-gradient":""},"tablet":{"background-color":"","background-image":"","background-repeat":"repeat","background-position":"center center","background-size":"auto","background-attachment":"scroll","background-type":"","background-media":"","overlay-type":"","overlay-color":"","overlay-opacity":"","overlay-gradient":""},"mobile":{"background-color":"","background-image":"","background-repeat":"repeat","background-position":"center center","background-size":"auto","background-attachment":"scroll","background-type":"","background-media":"","overlay-type":"","overlay-color":"","overlay-opacity":"","overlay-gradient":""}},"ast-content-background-meta":{"desktop":{"background-color":"var(--ast-global-color-5)","background-image":"","background-repeat":"repeat","background-position":"center center","background-size":"auto","background-attachment":"scroll","background-type":"","background-media":"","overlay-type":"","overlay-color":"","overlay-opacity":"","overlay-gradient":""},"tablet":{"background-color":"var(--ast-global-color-5)","background-image":"","background-repeat":"repeat","background-position":"center center","background-size":"auto","background-attachment":"scroll","background-type":"","background-media":"","overlay-type":"","overlay-color":"","overlay-opacity":"","overlay-gradient":""},"mobile":{"background-color":"var(--ast-global-color-5)","background-image":"","background-repeat":"repeat","background-position":"center center","background-size":"auto","background-attachment":"scroll","background-type":"","background-media":"","overlay-type":"","overlay-color":"","overlay-opacity":"","overlay-gradient":""}},"footnotes":""},"categories":[1,27,8],"tags":[402],"class_list":["post-9440","post","type-post","status-publish","format-standard","has-post-thumbnail","hentry","category-actualitat","category-escola","category-petits","tag-curs-23-24"],"post_mailing_queue_ids":[],"_links":{"self":[{"href":"https:\/\/agora.xtec.cat\/ceiprellinars\/wp-json\/wp\/v2\/posts\/9440","targetHints":{"allow":["GET"]}}],"collection":[{"href":"https:\/\/agora.xtec.cat\/ceiprellinars\/wp-json\/wp\/v2\/posts"}],"about":[{"href":"https:\/\/agora.xtec.cat\/ceiprellinars\/wp-json\/wp\/v2\/types\/post"}],"author":[{"embeddable":true,"href":"https:\/\/agora.xtec.cat\/ceiprellinars\/wp-json\/wp\/v2\/users\/22"}],"replies":[{"embeddable":true,"href":"https:\/\/agora.xtec.cat\/ceiprellinars\/wp-json\/wp\/v2\/comments?post=9440"}],"version-history":[{"count":1,"href":"https:\/\/agora.xtec.cat\/ceiprellinars\/wp-json\/wp\/v2\/posts\/9440\/revisions"}],"predecessor-version":[{"id":9441,"href":"https:\/\/agora.xtec.cat\/ceiprellinars\/wp-json\/wp\/v2\/posts\/9440\/revisions\/9441"}],"wp:featuredmedia":[{"embeddable":true,"href":"https:\/\/agora.xtec.cat\/ceiprellinars\/wp-json\/wp\/v2\/media\/9435"}],"wp:attachment":[{"href":"https:\/\/agora.xtec.cat\/ceiprellinars\/wp-json\/wp\/v2\/media?parent=9440"}],"wp:term":[{"taxonomy":"category","embeddable":true,"href":"https:\/\/agora.xtec.cat\/ceiprellinars\/wp-json\/wp\/v2\/categories?post=9440"},{"taxonomy":"post_tag","embeddable":true,"href":"https:\/\/agora.xtec.cat\/ceiprellinars\/wp-json\/wp\/v2\/tags?post=9440"}],"curies":[{"name":"wp","href":"https:\/\/api.w.org\/{rel}","templated":true}]}}