{"id":9385,"date":"2024-02-26T13:51:56","date_gmt":"2024-02-26T12:51:56","guid":{"rendered":"https:\/\/agora.xtec.cat\/ceiprellinars\/?p=9385"},"modified":"2024-02-26T13:53:05","modified_gmt":"2024-02-26T12:53:05","slug":"ens-presentem-al-concurs-de-la-pilarin-bayes","status":"publish","type":"post","link":"https:\/\/agora.xtec.cat\/ceiprellinars\/actualitat\/ens-presentem-al-concurs-de-la-pilarin-bayes\/","title":{"rendered":"ENS PRESENTEM AL CONCURS DE LA PILAR\u00cdN BAY\u00c9S"},"content":{"rendered":"<p>Hola a tots i totes!<\/p>\n<p>Els Mitjans Petits ens hem presentat al concurs\u00a0<em>Premi Pilar\u00edn Bay\u00e9s<\/em> sota la tem\u00e0tica <em>Contes per cuidar<\/em>. Hav\u00edem d&#8217;escriure un conte amb la tem\u00e0tica de cuidar i vam pensar que cuidar el catal\u00e0 era original. Entre tots hem escrit el conte i ja l&#8217;hem entregat!<\/p>\n<p data-wp-editing=\"1\"><a href=\"https:\/\/agora.xtec.cat\/ceiprellinars\/wp-content\/uploads\/usu566\/2024\/02\/DSC05163-scaled.jpg\"><img loading=\"lazy\" decoding=\"async\" class=\"wp-image-9388 size-medium alignnone\" src=\"https:\/\/agora.xtec.cat\/ceiprellinars\/wp-content\/uploads\/usu566\/2024\/02\/DSC05163-300x225.jpg\" alt=\"\" width=\"300\" height=\"225\" srcset=\"https:\/\/agora.xtec.cat\/ceiprellinars\/wp-content\/uploads\/usu566\/2024\/02\/DSC05163-300x225.jpg 300w, https:\/\/agora.xtec.cat\/ceiprellinars\/wp-content\/uploads\/usu566\/2024\/02\/DSC05163-1024x768.jpg 1024w, https:\/\/agora.xtec.cat\/ceiprellinars\/wp-content\/uploads\/usu566\/2024\/02\/DSC05163-768x576.jpg 768w, https:\/\/agora.xtec.cat\/ceiprellinars\/wp-content\/uploads\/usu566\/2024\/02\/DSC05163-1536x1152.jpg 1536w, https:\/\/agora.xtec.cat\/ceiprellinars\/wp-content\/uploads\/usu566\/2024\/02\/DSC05163-2048x1536.jpg 2048w, https:\/\/agora.xtec.cat\/ceiprellinars\/wp-content\/uploads\/usu566\/2024\/02\/DSC05163-200x150.jpg 200w\" sizes=\"auto, (max-width: 300px) 100vw, 300px\" \/><\/a> <a href=\"https:\/\/agora.xtec.cat\/ceiprellinars\/wp-content\/uploads\/usu566\/2024\/02\/DSC05165-scaled.jpg\"><img loading=\"lazy\" decoding=\"async\" class=\"wp-image-9389 size-medium alignnone\" src=\"https:\/\/agora.xtec.cat\/ceiprellinars\/wp-content\/uploads\/usu566\/2024\/02\/DSC05165-300x225.jpg\" alt=\"\" width=\"300\" height=\"225\" srcset=\"https:\/\/agora.xtec.cat\/ceiprellinars\/wp-content\/uploads\/usu566\/2024\/02\/DSC05165-300x225.jpg 300w, https:\/\/agora.xtec.cat\/ceiprellinars\/wp-content\/uploads\/usu566\/2024\/02\/DSC05165-1024x768.jpg 1024w, https:\/\/agora.xtec.cat\/ceiprellinars\/wp-content\/uploads\/usu566\/2024\/02\/DSC05165-768x576.jpg 768w, https:\/\/agora.xtec.cat\/ceiprellinars\/wp-content\/uploads\/usu566\/2024\/02\/DSC05165-1536x1152.jpg 1536w, https:\/\/agora.xtec.cat\/ceiprellinars\/wp-content\/uploads\/usu566\/2024\/02\/DSC05165-2048x1536.jpg 2048w, https:\/\/agora.xtec.cat\/ceiprellinars\/wp-content\/uploads\/usu566\/2024\/02\/DSC05165-200x150.jpg 200w\" sizes=\"auto, (max-width: 300px) 100vw, 300px\" \/><\/a><\/p>\n<p>Es presenten moltes escoles, no ho tenim pas f\u00e0cil. Si guanyem, la Pilar\u00edn Bay\u00e9s ens il\u00b7lustrar\u00e0 el nostre conte i sortir\u00e0 publicat en un llibre juntament amb els altres guanyadors. A m\u00e9s, rebrem material per a l&#8217;escola. Podeu consultar m\u00e9s informaci\u00f3 al seg\u00fcent enlla\u00e7: <a href=\"https:\/\/www.premipilarinbayes.org\/\">https:\/\/www.premipilarinbayes.org\/<\/a><\/p>\n<p>A l&#8217;escola vam estar llegint molts contes per saber com havien de ser. Un conte ha de tenir 3 parts: plantejament, nus i desenlla\u00e7. Tamb\u00e9 ha de respondre a 5 preguntes: qui? on? quan? per qu\u00e8? qu\u00e8? A nosaltres ens agrada que sigui divertit i amb una mica d&#8217;intriga.<\/p>\n<p><a href=\"https:\/\/agora.xtec.cat\/ceiprellinars\/wp-content\/uploads\/usu566\/2024\/02\/DSC05481-scaled.jpg\"><img loading=\"lazy\" decoding=\"async\" class=\"wp-image-9391 size-medium alignnone\" src=\"https:\/\/agora.xtec.cat\/ceiprellinars\/wp-content\/uploads\/usu566\/2024\/02\/DSC05481-300x225.jpg\" alt=\"\" width=\"300\" height=\"225\" srcset=\"https:\/\/agora.xtec.cat\/ceiprellinars\/wp-content\/uploads\/usu566\/2024\/02\/DSC05481-300x225.jpg 300w, https:\/\/agora.xtec.cat\/ceiprellinars\/wp-content\/uploads\/usu566\/2024\/02\/DSC05481-1024x768.jpg 1024w, https:\/\/agora.xtec.cat\/ceiprellinars\/wp-content\/uploads\/usu566\/2024\/02\/DSC05481-768x576.jpg 768w, https:\/\/agora.xtec.cat\/ceiprellinars\/wp-content\/uploads\/usu566\/2024\/02\/DSC05481-1536x1152.jpg 1536w, https:\/\/agora.xtec.cat\/ceiprellinars\/wp-content\/uploads\/usu566\/2024\/02\/DSC05481-2048x1536.jpg 2048w, https:\/\/agora.xtec.cat\/ceiprellinars\/wp-content\/uploads\/usu566\/2024\/02\/DSC05481-200x150.jpg 200w\" sizes=\"auto, (max-width: 300px) 100vw, 300px\" \/> <\/a><a href=\"https:\/\/agora.xtec.cat\/ceiprellinars\/wp-content\/uploads\/usu566\/2024\/02\/DSC05409-scaled.jpg\"><img loading=\"lazy\" decoding=\"async\" class=\"wp-image-9390 size-medium alignnone\" src=\"https:\/\/agora.xtec.cat\/ceiprellinars\/wp-content\/uploads\/usu566\/2024\/02\/DSC05409-300x225.jpg\" alt=\"\" width=\"300\" height=\"225\" srcset=\"https:\/\/agora.xtec.cat\/ceiprellinars\/wp-content\/uploads\/usu566\/2024\/02\/DSC05409-300x225.jpg 300w, https:\/\/agora.xtec.cat\/ceiprellinars\/wp-content\/uploads\/usu566\/2024\/02\/DSC05409-1024x768.jpg 1024w, https:\/\/agora.xtec.cat\/ceiprellinars\/wp-content\/uploads\/usu566\/2024\/02\/DSC05409-768x576.jpg 768w, https:\/\/agora.xtec.cat\/ceiprellinars\/wp-content\/uploads\/usu566\/2024\/02\/DSC05409-1536x1152.jpg 1536w, https:\/\/agora.xtec.cat\/ceiprellinars\/wp-content\/uploads\/usu566\/2024\/02\/DSC05409-2048x1536.jpg 2048w, https:\/\/agora.xtec.cat\/ceiprellinars\/wp-content\/uploads\/usu566\/2024\/02\/DSC05409-200x150.jpg 200w\" sizes=\"auto, (max-width: 300px) 100vw, 300px\" \/><\/a><\/p>\n<p>El nostre conte es titula\u00a0<em>&#8220;El llegat de l&#8217;\u00e0via Pilar&#8221;<\/em> i parla sobre cuidar el catal\u00e0. Explica la hist\u00f2ria d&#8217;una \u00e0via que ajudava tot el poble i quan es va morir, els seus nets van reviure una tradici\u00f3 catalana en honor seu.<\/p>\n<p>El 23 d&#8217;abril el jurat publicar\u00e0 els contes guanyadors. Ja us direm si guanyem o no!!<\/p>\n<p>Gr\u00e0cies per llegir-nos!<\/p>\n<p>&nbsp;<\/p>\n","protected":false},"excerpt":{"rendered":"<p>Hola a tots i totes! Els Mitjans Petits ens hem presentat al concurs\u00a0Premi Pilar\u00edn Bay\u00e9s sota la tem\u00e0tica Contes per cuidar. Hav\u00edem d&#8217;escriure un conte amb la tem\u00e0tica de cuidar i vam pensar que cuidar el catal\u00e0 era original. Entre tots hem escrit el conte i ja l&#8217;hem entregat! Es presenten moltes escoles, no ho [&hellip;]<\/p>\n","protected":false},"author":26,"featured_media":9387,"comment_status":"open","ping_status":"closed","sticky":false,"template":"","format":"standard","meta":{"_bbp_topic_count":0,"_bbp_reply_count":0,"_bbp_total_topic_count":0,"_bbp_total_reply_count":0,"_bbp_voice_count":0,"_bbp_anonymous_reply_count":0,"_bbp_topic_count_hidden":0,"_bbp_reply_count_hidden":0,"_bbp_forum_subforum_count":0,"site-sidebar-layout":"default","site-content-layout":"","ast-site-content-layout":"","site-content-style":"default","site-sidebar-style":"default","ast-global-header-display":"","ast-banner-title-visibility":"","ast-main-header-display":"","ast-hfb-above-header-display":"","ast-hfb-below-header-display":"","ast-hfb-mobile-header-display":"","site-post-title":"","ast-breadcrumbs-content":"","ast-featured-img":"","footer-sml-layout":"","theme-transparent-header-meta":"","adv-header-id-meta":"","stick-header-meta":"","header-above-stick-meta":"","header-main-stick-meta":"","header-below-stick-meta":"","astra-migrate-meta-layouts":"default","ast-page-background-enabled":"default","ast-page-background-meta":{"desktop":{"background-color":"var(--ast-global-color-4)","background-image":"","background-repeat":"repeat","background-position":"center center","background-size":"auto","background-attachment":"scroll","background-type":"","background-media":"","overlay-type":"","overlay-color":"","overlay-opacity":"","overlay-gradient":""},"tablet":{"background-color":"","background-image":"","background-repeat":"repeat","background-position":"center center","background-size":"auto","background-attachment":"scroll","background-type":"","background-media":"","overlay-type":"","overlay-color":"","overlay-opacity":"","overlay-gradient":""},"mobile":{"background-color":"","background-image":"","background-repeat":"repeat","background-position":"center center","background-size":"auto","background-attachment":"scroll","background-type":"","background-media":"","overlay-type":"","overlay-color":"","overlay-opacity":"","overlay-gradient":""}},"ast-content-background-meta":{"desktop":{"background-color":"var(--ast-global-color-5)","background-image":"","background-repeat":"repeat","background-position":"center center","background-size":"auto","background-attachment":"scroll","background-type":"","background-media":"","overlay-type":"","overlay-color":"","overlay-opacity":"","overlay-gradient":""},"tablet":{"background-color":"var(--ast-global-color-5)","background-image":"","background-repeat":"repeat","background-position":"center center","background-size":"auto","background-attachment":"scroll","background-type":"","background-media":"","overlay-type":"","overlay-color":"","overlay-opacity":"","overlay-gradient":""},"mobile":{"background-color":"var(--ast-global-color-5)","background-image":"","background-repeat":"repeat","background-position":"center center","background-size":"auto","background-attachment":"scroll","background-type":"","background-media":"","overlay-type":"","overlay-color":"","overlay-opacity":"","overlay-gradient":""}},"footnotes":""},"categories":[1,10],"tags":[],"class_list":["post-9385","post","type-post","status-publish","format-standard","has-post-thumbnail","hentry","category-actualitat","category-mitjans-petits"],"post_mailing_queue_ids":[],"_links":{"self":[{"href":"https:\/\/agora.xtec.cat\/ceiprellinars\/wp-json\/wp\/v2\/posts\/9385","targetHints":{"allow":["GET"]}}],"collection":[{"href":"https:\/\/agora.xtec.cat\/ceiprellinars\/wp-json\/wp\/v2\/posts"}],"about":[{"href":"https:\/\/agora.xtec.cat\/ceiprellinars\/wp-json\/wp\/v2\/types\/post"}],"author":[{"embeddable":true,"href":"https:\/\/agora.xtec.cat\/ceiprellinars\/wp-json\/wp\/v2\/users\/26"}],"replies":[{"embeddable":true,"href":"https:\/\/agora.xtec.cat\/ceiprellinars\/wp-json\/wp\/v2\/comments?post=9385"}],"version-history":[{"count":6,"href":"https:\/\/agora.xtec.cat\/ceiprellinars\/wp-json\/wp\/v2\/posts\/9385\/revisions"}],"predecessor-version":[{"id":9398,"href":"https:\/\/agora.xtec.cat\/ceiprellinars\/wp-json\/wp\/v2\/posts\/9385\/revisions\/9398"}],"wp:featuredmedia":[{"embeddable":true,"href":"https:\/\/agora.xtec.cat\/ceiprellinars\/wp-json\/wp\/v2\/media\/9387"}],"wp:attachment":[{"href":"https:\/\/agora.xtec.cat\/ceiprellinars\/wp-json\/wp\/v2\/media?parent=9385"}],"wp:term":[{"taxonomy":"category","embeddable":true,"href":"https:\/\/agora.xtec.cat\/ceiprellinars\/wp-json\/wp\/v2\/categories?post=9385"},{"taxonomy":"post_tag","embeddable":true,"href":"https:\/\/agora.xtec.cat\/ceiprellinars\/wp-json\/wp\/v2\/tags?post=9385"}],"curies":[{"name":"wp","href":"https:\/\/api.w.org\/{rel}","templated":true}]}}