{"id":8868,"date":"2023-04-26T19:02:11","date_gmt":"2023-04-26T17:02:11","guid":{"rendered":"https:\/\/agora.xtec.cat\/ceiprellinars\/?p=8868"},"modified":"2023-04-26T19:02:11","modified_gmt":"2023-04-26T17:02:11","slug":"visita-al-museu-maritim-de-barcelona","status":"publish","type":"post","link":"https:\/\/agora.xtec.cat\/ceiprellinars\/actualitat\/visita-al-museu-maritim-de-barcelona\/","title":{"rendered":"Visita al Museu Mar\u00edtim de Barcelona"},"content":{"rendered":"<p>Per tal de con\u00e8ixer una mica m\u00e9s sobre el Mediterrani la classe de Grans 1 hem anat al Museu Mar\u00edtim de Barcelona.<br \/>\n<a href=\"https:\/\/agora.xtec.cat\/ceiprellinars\/wp-content\/uploads\/usu566\/2023\/04\/IMG_20230426_111223-scaled.jpg\"><img loading=\"lazy\" decoding=\"async\" class=\"aligncenter size-medium wp-image-8870\" src=\"https:\/\/agora.xtec.cat\/ceiprellinars\/wp-content\/uploads\/usu566\/2023\/04\/IMG_20230426_111223-300x159.jpg\" alt=\"\" width=\"300\" height=\"159\" srcset=\"https:\/\/agora.xtec.cat\/ceiprellinars\/wp-content\/uploads\/usu566\/2023\/04\/IMG_20230426_111223-300x159.jpg 300w, https:\/\/agora.xtec.cat\/ceiprellinars\/wp-content\/uploads\/usu566\/2023\/04\/IMG_20230426_111223-1024x541.jpg 1024w, https:\/\/agora.xtec.cat\/ceiprellinars\/wp-content\/uploads\/usu566\/2023\/04\/IMG_20230426_111223-768x406.jpg 768w, https:\/\/agora.xtec.cat\/ceiprellinars\/wp-content\/uploads\/usu566\/2023\/04\/IMG_20230426_111223-1536x812.jpg 1536w, https:\/\/agora.xtec.cat\/ceiprellinars\/wp-content\/uploads\/usu566\/2023\/04\/IMG_20230426_111223-2048x1083.jpg 2048w\" sizes=\"auto, (max-width: 300px) 100vw, 300px\" \/><\/a> <a href=\"https:\/\/agora.xtec.cat\/ceiprellinars\/wp-content\/uploads\/usu566\/2023\/04\/IMG_20230426_111215-scaled.jpg\"><img loading=\"lazy\" decoding=\"async\" class=\"aligncenter size-medium wp-image-8869\" src=\"https:\/\/agora.xtec.cat\/ceiprellinars\/wp-content\/uploads\/usu566\/2023\/04\/IMG_20230426_111215-300x164.jpg\" alt=\"\" width=\"300\" height=\"164\" srcset=\"https:\/\/agora.xtec.cat\/ceiprellinars\/wp-content\/uploads\/usu566\/2023\/04\/IMG_20230426_111215-300x164.jpg 300w, https:\/\/agora.xtec.cat\/ceiprellinars\/wp-content\/uploads\/usu566\/2023\/04\/IMG_20230426_111215-1024x560.jpg 1024w, https:\/\/agora.xtec.cat\/ceiprellinars\/wp-content\/uploads\/usu566\/2023\/04\/IMG_20230426_111215-768x420.jpg 768w, https:\/\/agora.xtec.cat\/ceiprellinars\/wp-content\/uploads\/usu566\/2023\/04\/IMG_20230426_111215-1536x841.jpg 1536w, https:\/\/agora.xtec.cat\/ceiprellinars\/wp-content\/uploads\/usu566\/2023\/04\/IMG_20230426_111215-2048x1121.jpg 2048w\" sizes=\"auto, (max-width: 300px) 100vw, 300px\" \/><\/a><br \/>\n\u00c9s un museu gegant i preci\u00f3s, en el qual hem pogut aprendre moltes coses sobre l&#8217;orientaci\u00f3 dels vaixells, en l&#8217;actualitat i en l&#8217;antiguitat.<br \/>\n<a href=\"https:\/\/agora.xtec.cat\/ceiprellinars\/wp-content\/uploads\/usu566\/2023\/04\/IMG_20230426_113510-scaled.jpg\"><img loading=\"lazy\" decoding=\"async\" class=\"aligncenter wp-image-8871\" src=\"https:\/\/agora.xtec.cat\/ceiprellinars\/wp-content\/uploads\/usu566\/2023\/04\/IMG_20230426_113510-300x156.jpg\" alt=\"\" width=\"462\" height=\"240\" srcset=\"https:\/\/agora.xtec.cat\/ceiprellinars\/wp-content\/uploads\/usu566\/2023\/04\/IMG_20230426_113510-300x156.jpg 300w, https:\/\/agora.xtec.cat\/ceiprellinars\/wp-content\/uploads\/usu566\/2023\/04\/IMG_20230426_113510-1024x531.jpg 1024w, https:\/\/agora.xtec.cat\/ceiprellinars\/wp-content\/uploads\/usu566\/2023\/04\/IMG_20230426_113510-768x398.jpg 768w, https:\/\/agora.xtec.cat\/ceiprellinars\/wp-content\/uploads\/usu566\/2023\/04\/IMG_20230426_113510-1536x797.jpg 1536w, https:\/\/agora.xtec.cat\/ceiprellinars\/wp-content\/uploads\/usu566\/2023\/04\/IMG_20230426_113510-2048x1062.jpg 2048w\" sizes=\"auto, (max-width: 462px) 100vw, 462px\" \/><\/a><br \/>\nHan estat dos els tallers que hem visitat, un primer taller amb l&#8217;\u00c0lex al planetari i un altre amb l&#8217;Ismael al Museu.<\/p>\n<p>A la visita al planetari, l&#8217;\u00c0lex ens ha fet moltes preguntes per veure qu\u00e8 sabem sobre el que ens envolta. En primer lloc hem parlat de la nostra estrella, el Sol, on hem apr\u00e8s que nom\u00e9s surt dos dies a l&#8217;any per l&#8217;est, als equinoccis de tardor i primavera. La resta de dies ho fa pel nord-est i pel sud-est. \u00c9s important tenir-ho present si un dia necessitem orientar-nos, doncs el Sol no sempre sortir\u00e0 per l&#8217;est.<\/p>\n<p><a href=\"https:\/\/agora.xtec.cat\/ceiprellinars\/wp-content\/uploads\/usu566\/2023\/04\/IMG_20230426_114208-1-scaled.jpg\"><img loading=\"lazy\" decoding=\"async\" class=\"aligncenter size-medium wp-image-8883\" src=\"https:\/\/agora.xtec.cat\/ceiprellinars\/wp-content\/uploads\/usu566\/2023\/04\/IMG_20230426_114208-1-300x225.jpg\" alt=\"\" width=\"300\" height=\"225\" srcset=\"https:\/\/agora.xtec.cat\/ceiprellinars\/wp-content\/uploads\/usu566\/2023\/04\/IMG_20230426_114208-1-300x225.jpg 300w, https:\/\/agora.xtec.cat\/ceiprellinars\/wp-content\/uploads\/usu566\/2023\/04\/IMG_20230426_114208-1-1024x769.jpg 1024w, https:\/\/agora.xtec.cat\/ceiprellinars\/wp-content\/uploads\/usu566\/2023\/04\/IMG_20230426_114208-1-768x577.jpg 768w, https:\/\/agora.xtec.cat\/ceiprellinars\/wp-content\/uploads\/usu566\/2023\/04\/IMG_20230426_114208-1-1536x1153.jpg 1536w, https:\/\/agora.xtec.cat\/ceiprellinars\/wp-content\/uploads\/usu566\/2023\/04\/IMG_20230426_114208-1-2048x1538.jpg 2048w, https:\/\/agora.xtec.cat\/ceiprellinars\/wp-content\/uploads\/usu566\/2023\/04\/IMG_20230426_114208-1-200x150.jpg 200w\" sizes=\"auto, (max-width: 300px) 100vw, 300px\" \/><\/a> <a href=\"https:\/\/agora.xtec.cat\/ceiprellinars\/wp-content\/uploads\/usu566\/2023\/04\/IMG_20230426_114326-1-scaled.jpg\"><img loading=\"lazy\" decoding=\"async\" class=\"aligncenter size-medium wp-image-8884\" src=\"https:\/\/agora.xtec.cat\/ceiprellinars\/wp-content\/uploads\/usu566\/2023\/04\/IMG_20230426_114326-1-225x300.jpg\" alt=\"\" width=\"225\" height=\"300\" srcset=\"https:\/\/agora.xtec.cat\/ceiprellinars\/wp-content\/uploads\/usu566\/2023\/04\/IMG_20230426_114326-1-225x300.jpg 225w, https:\/\/agora.xtec.cat\/ceiprellinars\/wp-content\/uploads\/usu566\/2023\/04\/IMG_20230426_114326-1-769x1024.jpg 769w, https:\/\/agora.xtec.cat\/ceiprellinars\/wp-content\/uploads\/usu566\/2023\/04\/IMG_20230426_114326-1-768x1023.jpg 768w, https:\/\/agora.xtec.cat\/ceiprellinars\/wp-content\/uploads\/usu566\/2023\/04\/IMG_20230426_114326-1-1153x1536.jpg 1153w, https:\/\/agora.xtec.cat\/ceiprellinars\/wp-content\/uploads\/usu566\/2023\/04\/IMG_20230426_114326-1-1538x2048.jpg 1538w, https:\/\/agora.xtec.cat\/ceiprellinars\/wp-content\/uploads\/usu566\/2023\/04\/IMG_20230426_114326-1-scaled.jpg 1922w\" sizes=\"auto, (max-width: 225px) 100vw, 225px\" \/><\/a><\/p>\n<p>Amb l&#8217;\u00c0lex tamb\u00e9 hem observat com orientar-nos a la nit, a partir de l&#8217;\u00d3ssa Major i l&#8217;\u00d3ssa Menor, que ens indiquen on es troba l&#8217;estrella polar. Hem mirat moltes constel\u00b7lacions i que aquestes nom\u00e9s es poden veure des de la Terra, des d&#8217;un altre punt de l&#8217;espai, hauriem de &#8220;dissenyar&#8221; uns altres dibuixos.<\/p>\n<p><a href=\"https:\/\/agora.xtec.cat\/ceiprellinars\/wp-content\/uploads\/usu566\/2023\/04\/IMG_20230426_121026-scaled.jpg\"><img loading=\"lazy\" decoding=\"async\" class=\"aligncenter size-medium wp-image-8882\" src=\"https:\/\/agora.xtec.cat\/ceiprellinars\/wp-content\/uploads\/usu566\/2023\/04\/IMG_20230426_121026-300x225.jpg\" alt=\"\" width=\"300\" height=\"225\" srcset=\"https:\/\/agora.xtec.cat\/ceiprellinars\/wp-content\/uploads\/usu566\/2023\/04\/IMG_20230426_121026-300x225.jpg 300w, https:\/\/agora.xtec.cat\/ceiprellinars\/wp-content\/uploads\/usu566\/2023\/04\/IMG_20230426_121026-1024x769.jpg 1024w, https:\/\/agora.xtec.cat\/ceiprellinars\/wp-content\/uploads\/usu566\/2023\/04\/IMG_20230426_121026-768x577.jpg 768w, https:\/\/agora.xtec.cat\/ceiprellinars\/wp-content\/uploads\/usu566\/2023\/04\/IMG_20230426_121026-1536x1153.jpg 1536w, https:\/\/agora.xtec.cat\/ceiprellinars\/wp-content\/uploads\/usu566\/2023\/04\/IMG_20230426_121026-2048x1538.jpg 2048w, https:\/\/agora.xtec.cat\/ceiprellinars\/wp-content\/uploads\/usu566\/2023\/04\/IMG_20230426_121026-200x150.jpg 200w\" sizes=\"auto, (max-width: 300px) 100vw, 300px\" \/><\/a><\/p>\n<p>La visita per l&#8217;espai ens ha donat peu a parlar i preguntar moltes altres coses sobre l&#8217;espai: la Lluna, sat\u00e8l\u00b7lits artificials, forats negres, gal\u00e0xies, l&#8217;edat i la formaci\u00f3 de les estrelles, la difer\u00e8ncia entre l&#8217;espai i l&#8217;univers, etc. Tamb\u00e9 l&#8217;\u00c0lex ens ha felicitat per les nostres preguntes, doncs tota aquella persona que fa preguntes \u00e9s perqu\u00e8 t\u00e9 inter\u00e8s de saber i aprendre m\u00e9s.<\/p>\n<p><a href=\"https:\/\/agora.xtec.cat\/ceiprellinars\/wp-content\/uploads\/usu566\/2023\/04\/IMG_20230426_120617-scaled.jpg\"><img loading=\"lazy\" decoding=\"async\" class=\"aligncenter size-medium wp-image-8876\" src=\"https:\/\/agora.xtec.cat\/ceiprellinars\/wp-content\/uploads\/usu566\/2023\/04\/IMG_20230426_120617-225x300.jpg\" alt=\"\" width=\"225\" height=\"300\" srcset=\"https:\/\/agora.xtec.cat\/ceiprellinars\/wp-content\/uploads\/usu566\/2023\/04\/IMG_20230426_120617-225x300.jpg 225w, https:\/\/agora.xtec.cat\/ceiprellinars\/wp-content\/uploads\/usu566\/2023\/04\/IMG_20230426_120617-769x1024.jpg 769w, https:\/\/agora.xtec.cat\/ceiprellinars\/wp-content\/uploads\/usu566\/2023\/04\/IMG_20230426_120617-768x1023.jpg 768w, https:\/\/agora.xtec.cat\/ceiprellinars\/wp-content\/uploads\/usu566\/2023\/04\/IMG_20230426_120617-1153x1536.jpg 1153w, https:\/\/agora.xtec.cat\/ceiprellinars\/wp-content\/uploads\/usu566\/2023\/04\/IMG_20230426_120617-1538x2048.jpg 1538w, https:\/\/agora.xtec.cat\/ceiprellinars\/wp-content\/uploads\/usu566\/2023\/04\/IMG_20230426_120617-scaled.jpg 1922w\" sizes=\"auto, (max-width: 225px) 100vw, 225px\" \/><\/a><\/p>\n<p>La segona part de la visita ha estat amb l&#8217;Ismael, per tal d&#8217;aprofundir m\u00e9s en l&#8217;orientaci\u00f3 dins la mar, ja que una vegada ens allunyem de la costa, tot al nostre voltant \u00e9s mar o oce\u00e0. Ens serveix per posar-nos en la pell de les persones que emprenen el viatge al mar, persones que busquen refugi, sense pot ser tenir gaires nocions d&#8217;orientaci\u00f3.<\/p>\n<p><a href=\"https:\/\/agora.xtec.cat\/ceiprellinars\/wp-content\/uploads\/usu566\/2023\/04\/IMG_20230426_132347-scaled.jpg\"><img loading=\"lazy\" decoding=\"async\" class=\"aligncenter size-medium wp-image-8877\" src=\"https:\/\/agora.xtec.cat\/ceiprellinars\/wp-content\/uploads\/usu566\/2023\/04\/IMG_20230426_132347-300x225.jpg\" alt=\"\" width=\"300\" height=\"225\" srcset=\"https:\/\/agora.xtec.cat\/ceiprellinars\/wp-content\/uploads\/usu566\/2023\/04\/IMG_20230426_132347-300x225.jpg 300w, https:\/\/agora.xtec.cat\/ceiprellinars\/wp-content\/uploads\/usu566\/2023\/04\/IMG_20230426_132347-1024x769.jpg 1024w, https:\/\/agora.xtec.cat\/ceiprellinars\/wp-content\/uploads\/usu566\/2023\/04\/IMG_20230426_132347-768x577.jpg 768w, https:\/\/agora.xtec.cat\/ceiprellinars\/wp-content\/uploads\/usu566\/2023\/04\/IMG_20230426_132347-1536x1153.jpg 1536w, https:\/\/agora.xtec.cat\/ceiprellinars\/wp-content\/uploads\/usu566\/2023\/04\/IMG_20230426_132347-2048x1538.jpg 2048w, https:\/\/agora.xtec.cat\/ceiprellinars\/wp-content\/uploads\/usu566\/2023\/04\/IMG_20230426_132347-200x150.jpg 200w\" sizes=\"auto, (max-width: 300px) 100vw, 300px\" \/><\/a> <a href=\"https:\/\/agora.xtec.cat\/ceiprellinars\/wp-content\/uploads\/usu566\/2023\/04\/IMG_20230426_133330-scaled.jpg\"><img loading=\"lazy\" decoding=\"async\" class=\"aligncenter size-medium wp-image-8881\" src=\"https:\/\/agora.xtec.cat\/ceiprellinars\/wp-content\/uploads\/usu566\/2023\/04\/IMG_20230426_133330-300x225.jpg\" alt=\"\" width=\"300\" height=\"225\" srcset=\"https:\/\/agora.xtec.cat\/ceiprellinars\/wp-content\/uploads\/usu566\/2023\/04\/IMG_20230426_133330-300x225.jpg 300w, https:\/\/agora.xtec.cat\/ceiprellinars\/wp-content\/uploads\/usu566\/2023\/04\/IMG_20230426_133330-1024x769.jpg 1024w, https:\/\/agora.xtec.cat\/ceiprellinars\/wp-content\/uploads\/usu566\/2023\/04\/IMG_20230426_133330-768x577.jpg 768w, https:\/\/agora.xtec.cat\/ceiprellinars\/wp-content\/uploads\/usu566\/2023\/04\/IMG_20230426_133330-1536x1153.jpg 1536w, https:\/\/agora.xtec.cat\/ceiprellinars\/wp-content\/uploads\/usu566\/2023\/04\/IMG_20230426_133330-2048x1538.jpg 2048w, https:\/\/agora.xtec.cat\/ceiprellinars\/wp-content\/uploads\/usu566\/2023\/04\/IMG_20230426_133330-200x150.jpg 200w\" sizes=\"auto, (max-width: 300px) 100vw, 300px\" \/><\/a><\/p>\n<p>L&#8217;Ismael ha fet refer\u00e8ncia a la quantitat de matem\u00e0tiques i c\u00e0lculs que es troben dintre de la navegaci\u00f3 i ens ha ensenyat alguns dels instruments que es feien servir i d&#8217;altres m\u00e9s moderns que encara es fan servir.<\/p>\n<p>Per finalitzar, hem fet un petit recorregut pel museu on hem pogut veure moltes maquetes d&#8217;embarcacions, canons, una r\u00e8plica a escala 1:1 de &#8220;La galera reial&#8221; i tamb\u00e9 una lent Fresnel que hem estudiat aquest any en el projecte de l&#8217;illa dels cinc fars.<\/p>\n<p><a href=\"https:\/\/agora.xtec.cat\/ceiprellinars\/wp-content\/uploads\/usu566\/2023\/04\/IMG_20230426_113712-scaled.jpg\"><img loading=\"lazy\" decoding=\"async\" class=\"aligncenter wp-image-8873\" src=\"https:\/\/agora.xtec.cat\/ceiprellinars\/wp-content\/uploads\/usu566\/2023\/04\/IMG_20230426_113712-300x225.jpg\" alt=\"\" width=\"376\" height=\"282\" srcset=\"https:\/\/agora.xtec.cat\/ceiprellinars\/wp-content\/uploads\/usu566\/2023\/04\/IMG_20230426_113712-300x225.jpg 300w, https:\/\/agora.xtec.cat\/ceiprellinars\/wp-content\/uploads\/usu566\/2023\/04\/IMG_20230426_113712-1024x769.jpg 1024w, https:\/\/agora.xtec.cat\/ceiprellinars\/wp-content\/uploads\/usu566\/2023\/04\/IMG_20230426_113712-768x577.jpg 768w, https:\/\/agora.xtec.cat\/ceiprellinars\/wp-content\/uploads\/usu566\/2023\/04\/IMG_20230426_113712-1536x1153.jpg 1536w, https:\/\/agora.xtec.cat\/ceiprellinars\/wp-content\/uploads\/usu566\/2023\/04\/IMG_20230426_113712-2048x1538.jpg 2048w, https:\/\/agora.xtec.cat\/ceiprellinars\/wp-content\/uploads\/usu566\/2023\/04\/IMG_20230426_113712-200x150.jpg 200w\" sizes=\"auto, (max-width: 376px) 100vw, 376px\" \/><\/a> <a href=\"https:\/\/agora.xtec.cat\/ceiprellinars\/wp-content\/uploads\/usu566\/2023\/04\/IMG_20230426_113706-scaled.jpg\"><img loading=\"lazy\" decoding=\"async\" class=\"aligncenter wp-image-8872\" src=\"https:\/\/agora.xtec.cat\/ceiprellinars\/wp-content\/uploads\/usu566\/2023\/04\/IMG_20230426_113706-300x225.jpg\" alt=\"\" width=\"368\" height=\"276\" srcset=\"https:\/\/agora.xtec.cat\/ceiprellinars\/wp-content\/uploads\/usu566\/2023\/04\/IMG_20230426_113706-300x225.jpg 300w, https:\/\/agora.xtec.cat\/ceiprellinars\/wp-content\/uploads\/usu566\/2023\/04\/IMG_20230426_113706-1024x769.jpg 1024w, https:\/\/agora.xtec.cat\/ceiprellinars\/wp-content\/uploads\/usu566\/2023\/04\/IMG_20230426_113706-768x577.jpg 768w, https:\/\/agora.xtec.cat\/ceiprellinars\/wp-content\/uploads\/usu566\/2023\/04\/IMG_20230426_113706-1536x1153.jpg 1536w, https:\/\/agora.xtec.cat\/ceiprellinars\/wp-content\/uploads\/usu566\/2023\/04\/IMG_20230426_113706-2048x1538.jpg 2048w, https:\/\/agora.xtec.cat\/ceiprellinars\/wp-content\/uploads\/usu566\/2023\/04\/IMG_20230426_113706-200x150.jpg 200w\" sizes=\"auto, (max-width: 368px) 100vw, 368px\" \/><\/a> <a href=\"https:\/\/agora.xtec.cat\/ceiprellinars\/wp-content\/uploads\/usu566\/2023\/04\/IMG_20230426_141200-scaled.jpg\"><img loading=\"lazy\" decoding=\"async\" class=\"aligncenter wp-image-8879\" src=\"https:\/\/agora.xtec.cat\/ceiprellinars\/wp-content\/uploads\/usu566\/2023\/04\/IMG_20230426_141200-300x225.jpg\" alt=\"\" width=\"364\" height=\"273\" srcset=\"https:\/\/agora.xtec.cat\/ceiprellinars\/wp-content\/uploads\/usu566\/2023\/04\/IMG_20230426_141200-300x225.jpg 300w, https:\/\/agora.xtec.cat\/ceiprellinars\/wp-content\/uploads\/usu566\/2023\/04\/IMG_20230426_141200-1024x769.jpg 1024w, https:\/\/agora.xtec.cat\/ceiprellinars\/wp-content\/uploads\/usu566\/2023\/04\/IMG_20230426_141200-768x577.jpg 768w, https:\/\/agora.xtec.cat\/ceiprellinars\/wp-content\/uploads\/usu566\/2023\/04\/IMG_20230426_141200-1536x1154.jpg 1536w, https:\/\/agora.xtec.cat\/ceiprellinars\/wp-content\/uploads\/usu566\/2023\/04\/IMG_20230426_141200-2048x1538.jpg 2048w, https:\/\/agora.xtec.cat\/ceiprellinars\/wp-content\/uploads\/usu566\/2023\/04\/IMG_20230426_141200-200x150.jpg 200w\" sizes=\"auto, (max-width: 364px) 100vw, 364px\" \/><\/a> <a href=\"https:\/\/agora.xtec.cat\/ceiprellinars\/wp-content\/uploads\/usu566\/2023\/04\/IMG_20230426_140740-scaled.jpg\"><img loading=\"lazy\" decoding=\"async\" class=\"aligncenter wp-image-8878\" src=\"https:\/\/agora.xtec.cat\/ceiprellinars\/wp-content\/uploads\/usu566\/2023\/04\/IMG_20230426_140740-277x300.jpg\" alt=\"\" width=\"372\" height=\"403\" srcset=\"https:\/\/agora.xtec.cat\/ceiprellinars\/wp-content\/uploads\/usu566\/2023\/04\/IMG_20230426_140740-277x300.jpg 277w, https:\/\/agora.xtec.cat\/ceiprellinars\/wp-content\/uploads\/usu566\/2023\/04\/IMG_20230426_140740-946x1024.jpg 946w, https:\/\/agora.xtec.cat\/ceiprellinars\/wp-content\/uploads\/usu566\/2023\/04\/IMG_20230426_140740-768x831.jpg 768w, https:\/\/agora.xtec.cat\/ceiprellinars\/wp-content\/uploads\/usu566\/2023\/04\/IMG_20230426_140740-1419x1536.jpg 1419w, https:\/\/agora.xtec.cat\/ceiprellinars\/wp-content\/uploads\/usu566\/2023\/04\/IMG_20230426_140740-1892x2048.jpg 1892w\" sizes=\"auto, (max-width: 372px) 100vw, 372px\" \/><\/a><\/p>\n<p>La visita ha estat for\u00e7a interessant i ens han quedat moltes ganes de venir en un altre moment al museu!<\/p>\n","protected":false},"excerpt":{"rendered":"<p>Per tal de con\u00e8ixer una mica m\u00e9s sobre el Mediterrani la classe de Grans 1 hem anat al Museu Mar\u00edtim de Barcelona. \u00c9s un museu gegant i preci\u00f3s, en el qual hem pogut aprendre moltes coses sobre l&#8217;orientaci\u00f3 dels vaixells, en l&#8217;actualitat i en l&#8217;antiguitat. Han estat dos els tallers que hem visitat, un primer [&hellip;]<\/p>\n","protected":false},"author":23,"featured_media":8869,"comment_status":"open","ping_status":"closed","sticky":false,"template":"","format":"standard","meta":{"_bbp_topic_count":0,"_bbp_reply_count":0,"_bbp_total_topic_count":0,"_bbp_total_reply_count":0,"_bbp_voice_count":0,"_bbp_anonymous_reply_count":0,"_bbp_topic_count_hidden":0,"_bbp_reply_count_hidden":0,"_bbp_forum_subforum_count":0,"site-sidebar-layout":"default","site-content-layout":"","ast-site-content-layout":"","site-content-style":"default","site-sidebar-style":"default","ast-global-header-display":"","ast-banner-title-visibility":"","ast-main-header-display":"","ast-hfb-above-header-display":"","ast-hfb-below-header-display":"","ast-hfb-mobile-header-display":"","site-post-title":"","ast-breadcrumbs-content":"","ast-featured-img":"","footer-sml-layout":"","theme-transparent-header-meta":"","adv-header-id-meta":"","stick-header-meta":"","header-above-stick-meta":"","header-main-stick-meta":"","header-below-stick-meta":"","astra-migrate-meta-layouts":"default","ast-page-background-enabled":"default","ast-page-background-meta":{"desktop":{"background-color":"var(--ast-global-color-4)","background-image":"","background-repeat":"repeat","background-position":"center center","background-size":"auto","background-attachment":"scroll","background-type":"","background-media":"","overlay-type":"","overlay-color":"","overlay-opacity":"","overlay-gradient":""},"tablet":{"background-color":"","background-image":"","background-repeat":"repeat","background-position":"center center","background-size":"auto","background-attachment":"scroll","background-type":"","background-media":"","overlay-type":"","overlay-color":"","overlay-opacity":"","overlay-gradient":""},"mobile":{"background-color":"","background-image":"","background-repeat":"repeat","background-position":"center center","background-size":"auto","background-attachment":"scroll","background-type":"","background-media":"","overlay-type":"","overlay-color":"","overlay-opacity":"","overlay-gradient":""}},"ast-content-background-meta":{"desktop":{"background-color":"var(--ast-global-color-5)","background-image":"","background-repeat":"repeat","background-position":"center center","background-size":"auto","background-attachment":"scroll","background-type":"","background-media":"","overlay-type":"","overlay-color":"","overlay-opacity":"","overlay-gradient":""},"tablet":{"background-color":"var(--ast-global-color-5)","background-image":"","background-repeat":"repeat","background-position":"center center","background-size":"auto","background-attachment":"scroll","background-type":"","background-media":"","overlay-type":"","overlay-color":"","overlay-opacity":"","overlay-gradient":""},"mobile":{"background-color":"var(--ast-global-color-5)","background-image":"","background-repeat":"repeat","background-position":"center center","background-size":"auto","background-attachment":"scroll","background-type":"","background-media":"","overlay-type":"","overlay-color":"","overlay-opacity":"","overlay-gradient":""}},"footnotes":""},"categories":[1,27,9],"tags":[],"class_list":["post-8868","post","type-post","status-publish","format-standard","has-post-thumbnail","hentry","category-actualitat","category-escola","category-grans"],"post_mailing_queue_ids":[],"_links":{"self":[{"href":"https:\/\/agora.xtec.cat\/ceiprellinars\/wp-json\/wp\/v2\/posts\/8868","targetHints":{"allow":["GET"]}}],"collection":[{"href":"https:\/\/agora.xtec.cat\/ceiprellinars\/wp-json\/wp\/v2\/posts"}],"about":[{"href":"https:\/\/agora.xtec.cat\/ceiprellinars\/wp-json\/wp\/v2\/types\/post"}],"author":[{"embeddable":true,"href":"https:\/\/agora.xtec.cat\/ceiprellinars\/wp-json\/wp\/v2\/users\/23"}],"replies":[{"embeddable":true,"href":"https:\/\/agora.xtec.cat\/ceiprellinars\/wp-json\/wp\/v2\/comments?post=8868"}],"version-history":[{"count":1,"href":"https:\/\/agora.xtec.cat\/ceiprellinars\/wp-json\/wp\/v2\/posts\/8868\/revisions"}],"predecessor-version":[{"id":8886,"href":"https:\/\/agora.xtec.cat\/ceiprellinars\/wp-json\/wp\/v2\/posts\/8868\/revisions\/8886"}],"wp:featuredmedia":[{"embeddable":true,"href":"https:\/\/agora.xtec.cat\/ceiprellinars\/wp-json\/wp\/v2\/media\/8869"}],"wp:attachment":[{"href":"https:\/\/agora.xtec.cat\/ceiprellinars\/wp-json\/wp\/v2\/media?parent=8868"}],"wp:term":[{"taxonomy":"category","embeddable":true,"href":"https:\/\/agora.xtec.cat\/ceiprellinars\/wp-json\/wp\/v2\/categories?post=8868"},{"taxonomy":"post_tag","embeddable":true,"href":"https:\/\/agora.xtec.cat\/ceiprellinars\/wp-json\/wp\/v2\/tags?post=8868"}],"curies":[{"name":"wp","href":"https:\/\/api.w.org\/{rel}","templated":true}]}}