{"id":8820,"date":"2023-03-26T22:28:22","date_gmt":"2023-03-26T20:28:22","guid":{"rendered":"https:\/\/agora.xtec.cat\/ceiprellinars\/?p=8820"},"modified":"2023-03-26T22:28:46","modified_gmt":"2023-03-26T20:28:46","slug":"som-persones-que-ajudem-a-persones","status":"publish","type":"post","link":"https:\/\/agora.xtec.cat\/ceiprellinars\/actualitat\/som-persones-que-ajudem-a-persones\/","title":{"rendered":"&#8220;Som persones que ajudem a persones&#8221;"},"content":{"rendered":"<p>Has dedicat tots els teus estalvis per aquest viatge, has viscut moltes situacions dif\u00edcils i la teva fam\u00edlia ha confiat amb tu per donar-te aquesta <strong>oportunitat<\/strong> que no pots deixar escapar. Milers de persones es veuen amb l&#8217;esperan\u00e7a de tenir una vida millor a l&#8217;altra part del Mediterrani &#8230;i nosaltres qu\u00e8 fem?<\/p>\n<p>El passat divendres 24 de mar\u00e7 ens va venir el Carlos, un voluntari de Open Arms. Aquesta ONG ajuda a les persones migrants que naufraguen al Mediterrani i denuncien les accions que fa la Uni\u00f3 Europea a l&#8217;hora d&#8217;afegir m\u00e9s entrebancs i fronteres a aquestes persones.<\/p>\n<p><a href=\"https:\/\/agora.xtec.cat\/ceiprellinars\/wp-content\/uploads\/usu566\/2023\/03\/IMG_20230324_095320-scaled.jpg\"><img loading=\"lazy\" decoding=\"async\" class=\"aligncenter size-medium wp-image-8821\" src=\"https:\/\/agora.xtec.cat\/ceiprellinars\/wp-content\/uploads\/usu566\/2023\/03\/IMG_20230324_095320-300x185.jpg\" alt=\"\" width=\"300\" height=\"185\" srcset=\"https:\/\/agora.xtec.cat\/ceiprellinars\/wp-content\/uploads\/usu566\/2023\/03\/IMG_20230324_095320-300x185.jpg 300w, https:\/\/agora.xtec.cat\/ceiprellinars\/wp-content\/uploads\/usu566\/2023\/03\/IMG_20230324_095320-1024x630.jpg 1024w, https:\/\/agora.xtec.cat\/ceiprellinars\/wp-content\/uploads\/usu566\/2023\/03\/IMG_20230324_095320-768x473.jpg 768w, https:\/\/agora.xtec.cat\/ceiprellinars\/wp-content\/uploads\/usu566\/2023\/03\/IMG_20230324_095320-1536x945.jpg 1536w, https:\/\/agora.xtec.cat\/ceiprellinars\/wp-content\/uploads\/usu566\/2023\/03\/IMG_20230324_095320-2048x1260.jpg 2048w\" sizes=\"auto, (max-width: 300px) 100vw, 300px\" \/><\/a><\/p>\n<p>El Carlos ens va explicar com funciona l&#8217;ONG i de com funcionen\u00a0 a l&#8217;hora de fer els rescats en alta mar. A la presentaci\u00f3 hem pogut veure un v\u00eddeo d&#8217;un rescat. Open Arms sobretot es situa en la zona entre Malta i It\u00e0lia, una zona on malauradament \u00e9s lloc de pas de moltes embarcacions a la deriva que surten de L\u00edbia amb l&#8217;esperan\u00e7a de trobar un lloc millor.<\/p>\n<p><a href=\"https:\/\/agora.xtec.cat\/ceiprellinars\/wp-content\/uploads\/usu566\/2023\/03\/IMG_20230324_094706-scaled.jpg\"><img loading=\"lazy\" decoding=\"async\" class=\"aligncenter size-medium wp-image-8823\" src=\"https:\/\/agora.xtec.cat\/ceiprellinars\/wp-content\/uploads\/usu566\/2023\/03\/IMG_20230324_094706-300x153.jpg\" alt=\"\" width=\"300\" height=\"153\" srcset=\"https:\/\/agora.xtec.cat\/ceiprellinars\/wp-content\/uploads\/usu566\/2023\/03\/IMG_20230324_094706-300x153.jpg 300w, https:\/\/agora.xtec.cat\/ceiprellinars\/wp-content\/uploads\/usu566\/2023\/03\/IMG_20230324_094706-1024x523.jpg 1024w, https:\/\/agora.xtec.cat\/ceiprellinars\/wp-content\/uploads\/usu566\/2023\/03\/IMG_20230324_094706-768x392.jpg 768w, https:\/\/agora.xtec.cat\/ceiprellinars\/wp-content\/uploads\/usu566\/2023\/03\/IMG_20230324_094706-1536x784.jpg 1536w, https:\/\/agora.xtec.cat\/ceiprellinars\/wp-content\/uploads\/usu566\/2023\/03\/IMG_20230324_094706-2048x1046.jpg 2048w\" sizes=\"auto, (max-width: 300px) 100vw, 300px\" \/><\/a><\/p>\n<p>Tamb\u00e9 ens va contar quins altres projectes tenen en actiu:<\/p>\n<ul>\n<li>Origen: On actuen al Senegal per tal d&#8217;informar i desmentir la idea id\u00edl\u00b7lica que es ven d&#8217;Europa i el viatge. Tamb\u00e9 ajuden als senegalesos a aprofitar les opcions de treball al seu pa\u00eds.<\/li>\n<li>Educaci\u00f3 per la llibertat: Assisteixen a diferents centres educatius ( com ara a nosaltres) per ensenyar qu\u00e8 \u00e9s el que fan des d&#8217;Open Arms.<\/li>\n<li>Emerg\u00e8ncia: Actuacions que es fan\u00a0<em>in situ<\/em> als llocs on ha ocorregut una cat\u00e0strofe per tal de donar suport i aportar aliments, roba, etc.\n<ul>\n<li>Guerra Ucra\u00efna<\/li>\n<li>Terratr\u00e8mol S\u00edria<\/li>\n<li>Covid-19 (finalitzat)<\/li>\n<\/ul>\n<\/li>\n<\/ul>\n<p>El torn de preguntes va ser for\u00e7a interessant, doncs despr\u00e9s d&#8217;aquesta explicaci\u00f3, ten\u00edem moltes preguntes a fer-li. El Carlos ha estat en alguns rescats amb Open Arms, i on un dels rescats m\u00e9s grans que va fer fou d&#8217;unes 350 persones! Les m\u00e0fies aprofiten l&#8217;estat de guerra en el que tamb\u00e9 es troba L\u00edbia per tal d&#8217;enganyar a les persones que volen creuar el Mediterrani, fent-los pagar gaireb\u00e9 tots els estalvis de la seva vida pel seu &#8220;bitllet de l&#8217;esperan\u00e7a&#8221;.<\/p>\n<p><a href=\"https:\/\/agora.xtec.cat\/ceiprellinars\/wp-content\/uploads\/usu566\/2023\/03\/IMG_20230324_100334-scaled.jpg\"><img loading=\"lazy\" decoding=\"async\" class=\"aligncenter size-medium wp-image-8822\" src=\"https:\/\/agora.xtec.cat\/ceiprellinars\/wp-content\/uploads\/usu566\/2023\/03\/IMG_20230324_100334-300x146.jpg\" alt=\"\" width=\"300\" height=\"146\" srcset=\"https:\/\/agora.xtec.cat\/ceiprellinars\/wp-content\/uploads\/usu566\/2023\/03\/IMG_20230324_100334-300x146.jpg 300w, https:\/\/agora.xtec.cat\/ceiprellinars\/wp-content\/uploads\/usu566\/2023\/03\/IMG_20230324_100334-1024x499.jpg 1024w, https:\/\/agora.xtec.cat\/ceiprellinars\/wp-content\/uploads\/usu566\/2023\/03\/IMG_20230324_100334-768x374.jpg 768w, https:\/\/agora.xtec.cat\/ceiprellinars\/wp-content\/uploads\/usu566\/2023\/03\/IMG_20230324_100334-1536x748.jpg 1536w, https:\/\/agora.xtec.cat\/ceiprellinars\/wp-content\/uploads\/usu566\/2023\/03\/IMG_20230324_100334-2048x998.jpg 2048w\" sizes=\"auto, (max-width: 300px) 100vw, 300px\" \/><\/a><\/p>\n<p>Gr\u00e0cies Open Arms per seguir ajudant a aquestes persones!<\/p>\n","protected":false},"excerpt":{"rendered":"<p>Has dedicat tots els teus estalvis per aquest viatge, has viscut moltes situacions dif\u00edcils i la teva fam\u00edlia ha confiat amb tu per donar-te aquesta oportunitat que no pots deixar escapar. Milers de persones es veuen amb l&#8217;esperan\u00e7a de tenir una vida millor a l&#8217;altra part del Mediterrani &#8230;i nosaltres qu\u00e8 fem? El passat divendres [&hellip;]<\/p>\n","protected":false},"author":23,"featured_media":8824,"comment_status":"open","ping_status":"closed","sticky":false,"template":"","format":"standard","meta":{"_bbp_topic_count":0,"_bbp_reply_count":0,"_bbp_total_topic_count":0,"_bbp_total_reply_count":0,"_bbp_voice_count":0,"_bbp_anonymous_reply_count":0,"_bbp_topic_count_hidden":0,"_bbp_reply_count_hidden":0,"_bbp_forum_subforum_count":0,"site-sidebar-layout":"default","site-content-layout":"","ast-site-content-layout":"","site-content-style":"default","site-sidebar-style":"default","ast-global-header-display":"","ast-banner-title-visibility":"","ast-main-header-display":"","ast-hfb-above-header-display":"","ast-hfb-below-header-display":"","ast-hfb-mobile-header-display":"","site-post-title":"","ast-breadcrumbs-content":"","ast-featured-img":"","footer-sml-layout":"","theme-transparent-header-meta":"","adv-header-id-meta":"","stick-header-meta":"","header-above-stick-meta":"","header-main-stick-meta":"","header-below-stick-meta":"","astra-migrate-meta-layouts":"default","ast-page-background-enabled":"default","ast-page-background-meta":{"desktop":{"background-color":"var(--ast-global-color-4)","background-image":"","background-repeat":"repeat","background-position":"center center","background-size":"auto","background-attachment":"scroll","background-type":"","background-media":"","overlay-type":"","overlay-color":"","overlay-opacity":"","overlay-gradient":""},"tablet":{"background-color":"","background-image":"","background-repeat":"repeat","background-position":"center center","background-size":"auto","background-attachment":"scroll","background-type":"","background-media":"","overlay-type":"","overlay-color":"","overlay-opacity":"","overlay-gradient":""},"mobile":{"background-color":"","background-image":"","background-repeat":"repeat","background-position":"center center","background-size":"auto","background-attachment":"scroll","background-type":"","background-media":"","overlay-type":"","overlay-color":"","overlay-opacity":"","overlay-gradient":""}},"ast-content-background-meta":{"desktop":{"background-color":"var(--ast-global-color-5)","background-image":"","background-repeat":"repeat","background-position":"center center","background-size":"auto","background-attachment":"scroll","background-type":"","background-media":"","overlay-type":"","overlay-color":"","overlay-opacity":"","overlay-gradient":""},"tablet":{"background-color":"var(--ast-global-color-5)","background-image":"","background-repeat":"repeat","background-position":"center center","background-size":"auto","background-attachment":"scroll","background-type":"","background-media":"","overlay-type":"","overlay-color":"","overlay-opacity":"","overlay-gradient":""},"mobile":{"background-color":"var(--ast-global-color-5)","background-image":"","background-repeat":"repeat","background-position":"center center","background-size":"auto","background-attachment":"scroll","background-type":"","background-media":"","overlay-type":"","overlay-color":"","overlay-opacity":"","overlay-gradient":""}},"footnotes":""},"categories":[1,27,9],"tags":[],"class_list":["post-8820","post","type-post","status-publish","format-standard","has-post-thumbnail","hentry","category-actualitat","category-escola","category-grans"],"post_mailing_queue_ids":[],"_links":{"self":[{"href":"https:\/\/agora.xtec.cat\/ceiprellinars\/wp-json\/wp\/v2\/posts\/8820","targetHints":{"allow":["GET"]}}],"collection":[{"href":"https:\/\/agora.xtec.cat\/ceiprellinars\/wp-json\/wp\/v2\/posts"}],"about":[{"href":"https:\/\/agora.xtec.cat\/ceiprellinars\/wp-json\/wp\/v2\/types\/post"}],"author":[{"embeddable":true,"href":"https:\/\/agora.xtec.cat\/ceiprellinars\/wp-json\/wp\/v2\/users\/23"}],"replies":[{"embeddable":true,"href":"https:\/\/agora.xtec.cat\/ceiprellinars\/wp-json\/wp\/v2\/comments?post=8820"}],"version-history":[{"count":2,"href":"https:\/\/agora.xtec.cat\/ceiprellinars\/wp-json\/wp\/v2\/posts\/8820\/revisions"}],"predecessor-version":[{"id":8827,"href":"https:\/\/agora.xtec.cat\/ceiprellinars\/wp-json\/wp\/v2\/posts\/8820\/revisions\/8827"}],"wp:featuredmedia":[{"embeddable":true,"href":"https:\/\/agora.xtec.cat\/ceiprellinars\/wp-json\/wp\/v2\/media\/8824"}],"wp:attachment":[{"href":"https:\/\/agora.xtec.cat\/ceiprellinars\/wp-json\/wp\/v2\/media?parent=8820"}],"wp:term":[{"taxonomy":"category","embeddable":true,"href":"https:\/\/agora.xtec.cat\/ceiprellinars\/wp-json\/wp\/v2\/categories?post=8820"},{"taxonomy":"post_tag","embeddable":true,"href":"https:\/\/agora.xtec.cat\/ceiprellinars\/wp-json\/wp\/v2\/tags?post=8820"}],"curies":[{"name":"wp","href":"https:\/\/api.w.org\/{rel}","templated":true}]}}