{"id":8493,"date":"2022-12-12T11:48:27","date_gmt":"2022-12-12T10:48:27","guid":{"rendered":"https:\/\/agora.xtec.cat\/ceiprellinars\/?p=8493"},"modified":"2026-02-03T18:59:16","modified_gmt":"2026-02-03T17:59:16","slug":"ens-visita-la-marta-ramos-reanima","status":"publish","type":"post","link":"https:\/\/agora.xtec.cat\/ceiprellinars\/actualitat\/ens-visita-la-marta-ramos-reanima\/","title":{"rendered":"ENS VISITA LA MARTA RAMOS (REANIMA)"},"content":{"rendered":"<p>El dimecres dia 23 de novembre ens va visitar la Marta Ramos per ensenyar-nos com es fa correctament la RCP (reanimaci\u00f3 cardio pulmonar). Ella treballa en les ambul\u00e0ncies i en un projecte que es diu REANIMA, per aix\u00f2 sap molt b\u00e9 com es fa.<\/p>\n<p>Li vam demanar a la Marta que vingu\u00e9s perqu\u00e8 estem fent un projecte sobre la Marat\u00f3 de TV3 que aquest any va sobre la salut cardiovascular. Moltes d&#8217;aquestes malalties necessiten d&#8217;una RCP per poder salvar la vida de les persones que pateixen un infart de miocardi, per exemple.<\/p>\n<p>A trav\u00e9s d&#8217;una presentaci\u00f3 , ens va anar explicant que el cor t\u00e9 diferents maneres d&#8217;avisar-nos: primer batega normal (ritme sinusal), despr\u00e9s comen\u00e7a a fibril.lar (el cor tremola) i per acabar, el cor es para (asist\u00f2lia). Per explicar-nos com funciona el cor, ens va posar un exemple on el comparava amb una esponja: quan l&#8217;apretem, l&#8217;aigua que cont\u00e9, surt; en canvi, si la deixes anar, absorveix l&#8217;aigua.<\/p>\n<p>Quins son els passos d&#8217;una reanimaci\u00f3 cardio pulmunar?<\/p>\n<ul>\n<li>Intentar despertar a la persona per saber si est\u00e0 conscient o no (parlant i tocant-li les espatlles)<\/li>\n<li>Maniobra front-ment\u00f3 per evitar que s&#8217;ennuegui amb la seva llengua i obrir les vies respirat\u00f2ries.<\/li>\n<li>Comprovar si respira, observant el pit (caixa tor\u00e0cica) i acostar l&#8217;orella a la boca.<\/li>\n<li>Trucar al 112<\/li>\n<li>Dir-li a una altra persona que vagi a buscar un DEA (desfibril.lador).<\/li>\n<li>Comen\u00e7ar la maniobra RCP si la persona est\u00e0 inconscient. Com? S&#8217;ha de fer pell en pell, per tant, necessites treure la samarreta del cos. Es fa una creu per marcar el lloc on comencem les compresions. Aquestes han de ser constants, i amb un ritme marcat (la can\u00e7\u00f3 de la Macarena) sense parar.<\/li>\n<li>No cal fer insuflacions (boca a boca).<\/li>\n<li>Si tenim un DEA, caldr\u00e0 seguir les instruccions que ens va dient. En el moment de la desc\u00e0rrega no podem tocar el pacient ni la m\u00e0quina.<\/li>\n<li>Si arriba l&#8217;ambul\u00e0ncia, els deixem actuar.<\/li>\n<li>Si la persona respira, per\u00f2 continua inconscient, cal col.locar-la de costat, per evitar que s&#8217;ennuegui. Posici\u00f3 laterial de seguretat.<\/li>\n<\/ul>\n<p>Volem agrair a la Marta que vingu\u00e9s a explicar-nos i ensenyar-nos totes aquestes coses. En general ens va agradar molt a tots i totes, va ser molt \u00fatil i creiem necessari que totes les persones ho sapiguen fer.<\/p>\n<p><a href=\"https:\/\/agora.xtec.cat\/ceiprellinars\/wp-content\/uploads\/usu566\/2022\/12\/REANIMA.jpg\"><img loading=\"lazy\" decoding=\"async\" class=\"alignnone size-full wp-image-8505\" src=\"https:\/\/agora.xtec.cat\/ceiprellinars\/wp-content\/uploads\/usu566\/2022\/12\/REANIMA.jpg\" alt=\"\" width=\"591\" height=\"443\" srcset=\"https:\/\/agora.xtec.cat\/ceiprellinars\/wp-content\/uploads\/usu566\/2022\/12\/REANIMA.jpg 591w, https:\/\/agora.xtec.cat\/ceiprellinars\/wp-content\/uploads\/usu566\/2022\/12\/REANIMA-300x225.jpg 300w, https:\/\/agora.xtec.cat\/ceiprellinars\/wp-content\/uploads\/usu566\/2022\/12\/REANIMA-200x150.jpg 200w\" sizes=\"auto, (max-width: 591px) 100vw, 591px\" \/><\/a> <a href=\"https:\/\/agora.xtec.cat\/ceiprellinars\/wp-content\/uploads\/usu566\/2022\/12\/REANIMA1.jpg\"><img loading=\"lazy\" decoding=\"async\" class=\"alignnone size-large wp-image-8506\" src=\"https:\/\/agora.xtec.cat\/ceiprellinars\/wp-content\/uploads\/usu566\/2022\/12\/REANIMA1.jpg\" alt=\"\" width=\"591\" height=\"443\" srcset=\"https:\/\/agora.xtec.cat\/ceiprellinars\/wp-content\/uploads\/usu566\/2022\/12\/REANIMA1.jpg 591w, https:\/\/agora.xtec.cat\/ceiprellinars\/wp-content\/uploads\/usu566\/2022\/12\/REANIMA1-300x225.jpg 300w, https:\/\/agora.xtec.cat\/ceiprellinars\/wp-content\/uploads\/usu566\/2022\/12\/REANIMA1-200x150.jpg 200w\" sizes=\"auto, (max-width: 591px) 100vw, 591px\" \/><\/a> <a href=\"https:\/\/agora.xtec.cat\/ceiprellinars\/wp-content\/uploads\/usu566\/2022\/12\/SANG.jpg\"><img loading=\"lazy\" decoding=\"async\" class=\"alignnone size-large wp-image-8507\" src=\"https:\/\/agora.xtec.cat\/ceiprellinars\/wp-content\/uploads\/usu566\/2022\/12\/SANG.jpg\" alt=\"\" width=\"591\" height=\"443\" srcset=\"https:\/\/agora.xtec.cat\/ceiprellinars\/wp-content\/uploads\/usu566\/2022\/12\/SANG.jpg 591w, https:\/\/agora.xtec.cat\/ceiprellinars\/wp-content\/uploads\/usu566\/2022\/12\/SANG-300x225.jpg 300w, https:\/\/agora.xtec.cat\/ceiprellinars\/wp-content\/uploads\/usu566\/2022\/12\/SANG-200x150.jpg 200w\" sizes=\"auto, (max-width: 591px) 100vw, 591px\" \/><\/a><\/p>\n<p>&nbsp;<\/p>\n<p>&nbsp;<\/p>\n","protected":false},"excerpt":{"rendered":"<p>El dimecres dia 23 de novembre ens va visitar la Marta Ramos per ensenyar-nos com es fa correctament la RCP (reanimaci\u00f3 cardio pulmonar). Ella treballa en les ambul\u00e0ncies i en un projecte que es diu REANIMA, per aix\u00f2 sap molt b\u00e9 com es fa. Li vam demanar a la Marta que vingu\u00e9s perqu\u00e8 estem fent [&hellip;]<\/p>\n","protected":false},"author":21,"featured_media":8507,"comment_status":"open","ping_status":"closed","sticky":false,"template":"","format":"standard","meta":{"_bbp_topic_count":0,"_bbp_reply_count":0,"_bbp_total_topic_count":0,"_bbp_total_reply_count":0,"_bbp_voice_count":0,"_bbp_anonymous_reply_count":0,"_bbp_topic_count_hidden":0,"_bbp_reply_count_hidden":0,"_bbp_forum_subforum_count":0,"site-sidebar-layout":"default","site-content-layout":"","ast-site-content-layout":"","site-content-style":"default","site-sidebar-style":"default","ast-global-header-display":"","ast-banner-title-visibility":"","ast-main-header-display":"","ast-hfb-above-header-display":"","ast-hfb-below-header-display":"","ast-hfb-mobile-header-display":"","site-post-title":"","ast-breadcrumbs-content":"","ast-featured-img":"","footer-sml-layout":"","theme-transparent-header-meta":"","adv-header-id-meta":"","stick-header-meta":"","header-above-stick-meta":"","header-main-stick-meta":"","header-below-stick-meta":"","astra-migrate-meta-layouts":"default","ast-page-background-enabled":"default","ast-page-background-meta":{"desktop":{"background-color":"var(--ast-global-color-4)","background-image":"","background-repeat":"repeat","background-position":"center center","background-size":"auto","background-attachment":"scroll","background-type":"","background-media":"","overlay-type":"","overlay-color":"","overlay-opacity":"","overlay-gradient":""},"tablet":{"background-color":"","background-image":"","background-repeat":"repeat","background-position":"center center","background-size":"auto","background-attachment":"scroll","background-type":"","background-media":"","overlay-type":"","overlay-color":"","overlay-opacity":"","overlay-gradient":""},"mobile":{"background-color":"","background-image":"","background-repeat":"repeat","background-position":"center center","background-size":"auto","background-attachment":"scroll","background-type":"","background-media":"","overlay-type":"","overlay-color":"","overlay-opacity":"","overlay-gradient":""}},"ast-content-background-meta":{"desktop":{"background-color":"var(--ast-global-color-5)","background-image":"","background-repeat":"repeat","background-position":"center center","background-size":"auto","background-attachment":"scroll","background-type":"","background-media":"","overlay-type":"","overlay-color":"","overlay-opacity":"","overlay-gradient":""},"tablet":{"background-color":"var(--ast-global-color-5)","background-image":"","background-repeat":"repeat","background-position":"center center","background-size":"auto","background-attachment":"scroll","background-type":"","background-media":"","overlay-type":"","overlay-color":"","overlay-opacity":"","overlay-gradient":""},"mobile":{"background-color":"var(--ast-global-color-5)","background-image":"","background-repeat":"repeat","background-position":"center center","background-size":"auto","background-attachment":"scroll","background-type":"","background-media":"","overlay-type":"","overlay-color":"","overlay-opacity":"","overlay-gradient":""}},"footnotes":""},"categories":[1,27,9],"tags":[],"class_list":["post-8493","post","type-post","status-publish","format-standard","has-post-thumbnail","hentry","category-actualitat","category-escola","category-grans"],"post_mailing_queue_ids":[],"_links":{"self":[{"href":"https:\/\/agora.xtec.cat\/ceiprellinars\/wp-json\/wp\/v2\/posts\/8493","targetHints":{"allow":["GET"]}}],"collection":[{"href":"https:\/\/agora.xtec.cat\/ceiprellinars\/wp-json\/wp\/v2\/posts"}],"about":[{"href":"https:\/\/agora.xtec.cat\/ceiprellinars\/wp-json\/wp\/v2\/types\/post"}],"author":[{"embeddable":true,"href":"https:\/\/agora.xtec.cat\/ceiprellinars\/wp-json\/wp\/v2\/users\/21"}],"replies":[{"embeddable":true,"href":"https:\/\/agora.xtec.cat\/ceiprellinars\/wp-json\/wp\/v2\/comments?post=8493"}],"version-history":[{"count":2,"href":"https:\/\/agora.xtec.cat\/ceiprellinars\/wp-json\/wp\/v2\/posts\/8493\/revisions"}],"predecessor-version":[{"id":8540,"href":"https:\/\/agora.xtec.cat\/ceiprellinars\/wp-json\/wp\/v2\/posts\/8493\/revisions\/8540"}],"wp:featuredmedia":[{"embeddable":true,"href":"https:\/\/agora.xtec.cat\/ceiprellinars\/wp-json\/wp\/v2\/media\/8507"}],"wp:attachment":[{"href":"https:\/\/agora.xtec.cat\/ceiprellinars\/wp-json\/wp\/v2\/media?parent=8493"}],"wp:term":[{"taxonomy":"category","embeddable":true,"href":"https:\/\/agora.xtec.cat\/ceiprellinars\/wp-json\/wp\/v2\/categories?post=8493"},{"taxonomy":"post_tag","embeddable":true,"href":"https:\/\/agora.xtec.cat\/ceiprellinars\/wp-json\/wp\/v2\/tags?post=8493"}],"curies":[{"name":"wp","href":"https:\/\/api.w.org\/{rel}","templated":true}]}}