{"id":7374,"date":"2021-06-08T22:12:53","date_gmt":"2021-06-08T20:12:53","guid":{"rendered":"http:\/\/agora.xtec.cat\/ceiprellinars\/?p=7374"},"modified":"2021-06-08T22:12:53","modified_gmt":"2021-06-08T20:12:53","slug":"fem-de-lescola-un-espai-segur-per-a-tothom","status":"publish","type":"post","link":"https:\/\/agora.xtec.cat\/ceiprellinars\/actualitat\/fem-de-lescola-un-espai-segur-per-a-tothom\/","title":{"rendered":"Fem de l&#8217;escola un espai segur per a tothom!"},"content":{"rendered":"<p>Ens ha portat molta feina, per\u00f2 finalment hem pogut adaptar l&#8217;escola per fer-la un lloc m\u00e9s segur per tothom, sobretot pels nens i nenes amb baixa visi\u00f3 que puguin venir a l&#8217;Escola de Rellinars.<\/p>\n<p>Ha sigut un projecte molt llarg per\u00f2 hem apr\u00e8s un munt de coses i el millor \u00e9s que ho hem pogut fer tot nosaltres mateixos i amb ajuda de moltes fam\u00edlies volunt\u00e0ries, sense les quals no hagu\u00e9s estat possible, moltes gr\u00e0cies!<\/p>\n<p>Hem folrat els armaris dels passadissos amb ironfix de colors perqu\u00e8 es vegin millor:<a href=\"https:\/\/agora.xtec.cat\/ceiprellinars\/wp-content\/uploads\/usu566\/2021\/06\/armaris-x.jpg\"><img loading=\"lazy\" decoding=\"async\" class=\"alignnone  wp-image-7389\" src=\"https:\/\/agora.xtec.cat\/ceiprellinars\/wp-content\/uploads\/usu566\/2021\/06\/armaris-x.jpg\" alt=\"\" width=\"588\" height=\"332\" srcset=\"https:\/\/agora.xtec.cat\/ceiprellinars\/wp-content\/uploads\/usu566\/2021\/06\/armaris-x.jpg 973w, https:\/\/agora.xtec.cat\/ceiprellinars\/wp-content\/uploads\/usu566\/2021\/06\/armaris-x-300x169.jpg 300w, https:\/\/agora.xtec.cat\/ceiprellinars\/wp-content\/uploads\/usu566\/2021\/06\/armaris-x-768x433.jpg 768w\" sizes=\"auto, (max-width: 588px) 100vw, 588px\" \/><\/a><\/p>\n<p>Hem pintat les columnes de vermell per no xocar-nos, hem pintat les porteries per sota per veure millor els ferros<\/p>\n<p><a href=\"https:\/\/agora.xtec.cat\/ceiprellinars\/wp-content\/uploads\/usu566\/2021\/06\/porteries-i-columna.jpg\"><img loading=\"lazy\" decoding=\"async\" class=\"alignnone  wp-image-7391\" src=\"https:\/\/agora.xtec.cat\/ceiprellinars\/wp-content\/uploads\/usu566\/2021\/06\/porteries-i-columna.jpg\" alt=\"\" width=\"583\" height=\"330\" srcset=\"https:\/\/agora.xtec.cat\/ceiprellinars\/wp-content\/uploads\/usu566\/2021\/06\/porteries-i-columna.jpg 981w, https:\/\/agora.xtec.cat\/ceiprellinars\/wp-content\/uploads\/usu566\/2021\/06\/porteries-i-columna-300x169.jpg 300w, https:\/\/agora.xtec.cat\/ceiprellinars\/wp-content\/uploads\/usu566\/2021\/06\/porteries-i-columna-768x434.jpg 768w\" sizes=\"auto, (max-width: 583px) 100vw, 583px\" \/><\/a><\/p>\n<p>Hem recobert totes les cistelles amb xurros de porexpan.<a href=\"https:\/\/agora.xtec.cat\/ceiprellinars\/wp-content\/uploads\/usu566\/2021\/06\/xurros.jpg\"><img loading=\"lazy\" decoding=\"async\" class=\"alignnone  wp-image-7392\" src=\"https:\/\/agora.xtec.cat\/ceiprellinars\/wp-content\/uploads\/usu566\/2021\/06\/xurros.jpg\" alt=\"\" width=\"510\" height=\"289\" srcset=\"https:\/\/agora.xtec.cat\/ceiprellinars\/wp-content\/uploads\/usu566\/2021\/06\/xurros.jpg 976w, https:\/\/agora.xtec.cat\/ceiprellinars\/wp-content\/uploads\/usu566\/2021\/06\/xurros-300x170.jpg 300w, https:\/\/agora.xtec.cat\/ceiprellinars\/wp-content\/uploads\/usu566\/2021\/06\/xurros-768x435.jpg 768w\" sizes=\"auto, (max-width: 510px) 100vw, 510px\" \/><\/a><\/p>\n<p>Tamb\u00e9 hem fet una feinada pintant les grades i la rampa per veure millor on comen\u00e7a i on acaba i no caure si anem distrets.<\/p>\n<p><a href=\"https:\/\/agora.xtec.cat\/ceiprellinars\/wp-content\/uploads\/usu566\/2021\/06\/IMG-20210523-WA0008.jpg\"><img loading=\"lazy\" decoding=\"async\" class=\"alignnone  wp-image-7390\" src=\"https:\/\/agora.xtec.cat\/ceiprellinars\/wp-content\/uploads\/usu566\/2021\/06\/IMG-20210523-WA0008-1024x576.jpg\" alt=\"\" width=\"475\" height=\"267\" srcset=\"https:\/\/agora.xtec.cat\/ceiprellinars\/wp-content\/uploads\/usu566\/2021\/06\/IMG-20210523-WA0008-1024x576.jpg 1024w, https:\/\/agora.xtec.cat\/ceiprellinars\/wp-content\/uploads\/usu566\/2021\/06\/IMG-20210523-WA0008-300x169.jpg 300w, https:\/\/agora.xtec.cat\/ceiprellinars\/wp-content\/uploads\/usu566\/2021\/06\/IMG-20210523-WA0008-768x432.jpg 768w, https:\/\/agora.xtec.cat\/ceiprellinars\/wp-content\/uploads\/usu566\/2021\/06\/IMG-20210523-WA0008.jpg 2048w\" sizes=\"auto, (max-width: 475px) 100vw, 475px\" \/><\/a><\/p>\n<p>Esperem que aquestes modificacions serveixin per fer de l&#8217;escola un espai m\u00e9s segur!<\/p>\n<p>PD: volem donar un agraiment especial a la Miriam, el Diego, la T\u00e0nia, l&#8217;\u00c0ngel i l&#8217;Ignasi!<\/p>\n","protected":false},"excerpt":{"rendered":"<p>Ens ha portat molta feina, per\u00f2 finalment hem pogut adaptar l&#8217;escola per fer-la un lloc m\u00e9s segur per tothom, sobretot pels nens i nenes amb baixa visi\u00f3 que puguin venir a l&#8217;Escola de Rellinars. Ha sigut un projecte molt llarg per\u00f2 hem apr\u00e8s un munt de coses i el millor \u00e9s que ho hem pogut [&hellip;]<\/p>\n","protected":false},"author":22,"featured_media":7390,"comment_status":"open","ping_status":"closed","sticky":false,"template":"","format":"standard","meta":{"_bbp_topic_count":0,"_bbp_reply_count":0,"_bbp_total_topic_count":0,"_bbp_total_reply_count":0,"_bbp_voice_count":0,"_bbp_anonymous_reply_count":0,"_bbp_topic_count_hidden":0,"_bbp_reply_count_hidden":0,"_bbp_forum_subforum_count":0,"site-sidebar-layout":"default","site-content-layout":"","ast-site-content-layout":"","site-content-style":"default","site-sidebar-style":"default","ast-global-header-display":"","ast-banner-title-visibility":"","ast-main-header-display":"","ast-hfb-above-header-display":"","ast-hfb-below-header-display":"","ast-hfb-mobile-header-display":"","site-post-title":"","ast-breadcrumbs-content":"","ast-featured-img":"","footer-sml-layout":"","theme-transparent-header-meta":"","adv-header-id-meta":"","stick-header-meta":"","header-above-stick-meta":"","header-main-stick-meta":"","header-below-stick-meta":"","astra-migrate-meta-layouts":"default","ast-page-background-enabled":"default","ast-page-background-meta":{"desktop":{"background-color":"var(--ast-global-color-4)","background-image":"","background-repeat":"repeat","background-position":"center center","background-size":"auto","background-attachment":"scroll","background-type":"","background-media":"","overlay-type":"","overlay-color":"","overlay-opacity":"","overlay-gradient":""},"tablet":{"background-color":"","background-image":"","background-repeat":"repeat","background-position":"center center","background-size":"auto","background-attachment":"scroll","background-type":"","background-media":"","overlay-type":"","overlay-color":"","overlay-opacity":"","overlay-gradient":""},"mobile":{"background-color":"","background-image":"","background-repeat":"repeat","background-position":"center center","background-size":"auto","background-attachment":"scroll","background-type":"","background-media":"","overlay-type":"","overlay-color":"","overlay-opacity":"","overlay-gradient":""}},"ast-content-background-meta":{"desktop":{"background-color":"var(--ast-global-color-5)","background-image":"","background-repeat":"repeat","background-position":"center center","background-size":"auto","background-attachment":"scroll","background-type":"","background-media":"","overlay-type":"","overlay-color":"","overlay-opacity":"","overlay-gradient":""},"tablet":{"background-color":"var(--ast-global-color-5)","background-image":"","background-repeat":"repeat","background-position":"center center","background-size":"auto","background-attachment":"scroll","background-type":"","background-media":"","overlay-type":"","overlay-color":"","overlay-opacity":"","overlay-gradient":""},"mobile":{"background-color":"var(--ast-global-color-5)","background-image":"","background-repeat":"repeat","background-position":"center center","background-size":"auto","background-attachment":"scroll","background-type":"","background-media":"","overlay-type":"","overlay-color":"","overlay-opacity":"","overlay-gradient":""}},"footnotes":""},"categories":[1,10],"tags":[329,312],"class_list":["post-7374","post","type-post","status-publish","format-standard","has-post-thumbnail","hentry","category-actualitat","category-mitjans-petits","tag-curs-2020-2021","tag-curs-2020-21"],"post_mailing_queue_ids":[],"_links":{"self":[{"href":"https:\/\/agora.xtec.cat\/ceiprellinars\/wp-json\/wp\/v2\/posts\/7374","targetHints":{"allow":["GET"]}}],"collection":[{"href":"https:\/\/agora.xtec.cat\/ceiprellinars\/wp-json\/wp\/v2\/posts"}],"about":[{"href":"https:\/\/agora.xtec.cat\/ceiprellinars\/wp-json\/wp\/v2\/types\/post"}],"author":[{"embeddable":true,"href":"https:\/\/agora.xtec.cat\/ceiprellinars\/wp-json\/wp\/v2\/users\/22"}],"replies":[{"embeddable":true,"href":"https:\/\/agora.xtec.cat\/ceiprellinars\/wp-json\/wp\/v2\/comments?post=7374"}],"version-history":[{"count":3,"href":"https:\/\/agora.xtec.cat\/ceiprellinars\/wp-json\/wp\/v2\/posts\/7374\/revisions"}],"predecessor-version":[{"id":7393,"href":"https:\/\/agora.xtec.cat\/ceiprellinars\/wp-json\/wp\/v2\/posts\/7374\/revisions\/7393"}],"wp:featuredmedia":[{"embeddable":true,"href":"https:\/\/agora.xtec.cat\/ceiprellinars\/wp-json\/wp\/v2\/media\/7390"}],"wp:attachment":[{"href":"https:\/\/agora.xtec.cat\/ceiprellinars\/wp-json\/wp\/v2\/media?parent=7374"}],"wp:term":[{"taxonomy":"category","embeddable":true,"href":"https:\/\/agora.xtec.cat\/ceiprellinars\/wp-json\/wp\/v2\/categories?post=7374"},{"taxonomy":"post_tag","embeddable":true,"href":"https:\/\/agora.xtec.cat\/ceiprellinars\/wp-json\/wp\/v2\/tags?post=7374"}],"curies":[{"name":"wp","href":"https:\/\/api.w.org\/{rel}","templated":true}]}}