{"id":10425,"date":"2026-02-11T10:22:36","date_gmt":"2026-02-11T09:22:36","guid":{"rendered":"https:\/\/agora.xtec.cat\/ceiprellinars\/?p=10425"},"modified":"2026-02-11T10:23:28","modified_gmt":"2026-02-11T09:23:28","slug":"ens-visita-la-mare-de-la-caterina","status":"publish","type":"post","link":"https:\/\/agora.xtec.cat\/ceiprellinars\/actualitat\/ens-visita-la-mare-de-la-caterina\/","title":{"rendered":"ENS VISITA LA MARE DE LA CATERINA"},"content":{"rendered":"\n<p>El dia 3 de febrer va venir la M\u00edriam, mare de la Caterina i la Violeta perqu\u00e8 \u00e9s professora d&#8217;hist\u00f2ria. <\/p>\n\n\n\n<p>Aquest any, com estem treballant l&#8217;Edat Mitjana,  la M\u00edriam ens ha vingut a explicar coses sobre el tema. <\/p>\n\n\n\n<p>Ens va portar imatges sobre la societat feudal, i ens va explicar qu\u00e8 \u00e9s un feu: un territori que pertanyia al Senyor Feudal o al Rei.  La M\u00edriam ens va portar uns <em>C\u00f2dex <\/em>de l&#8217;Ajuntament de Castellbell i el vilar, que \u00e9s un poble molt proper a Rellinars que t\u00e9 un Castell de l&#8217;\u00e8poca medieval. Ens va explicar que abans el poble es deia<em> Castrobellid<\/em>, Terrassa es deia <em>Egara<\/em>, Monistrol de Montserrat es deia <em>Monestariol <\/em>i Montserrat es deia <em>Monte Serrato.<\/em><\/p>\n\n\n\n<p>Vam estar buscant el Riu Llobregat, Rellinars (<em>Linars<\/em>), Vacarisses (<em>Vacarices<\/em>) i altres racons propers al nostre poble com Manresa, etc.. El c\u00f2dex est\u00e0 escrit en llat\u00ed i ens va costar una mica entendre el tipus de lletra, per\u00f2 ho vam anar llegint. <\/p>\n\n\n\n<p>En el C\u00f2dex explicava que era el Al-\u00c0ndalus que \u00e9s el territori de la Pen\u00ednsula Ib\u00e8rica que van ocupar els  \u00e0rabs durant  l&#8217;Edat Mitjana, que es sarra\u00efns. Van atacar part de la Pen\u00ednsula ib\u00e8rica  i va lluitar contra els francs. La zona fronterera es deia Marca Hisp\u00e0nica.<\/p>\n\n\n\n<p>Volem donar les gr\u00e0cies a la M\u00edriam, per compartir-nos una estona i ensenyar-nos coses que no sab\u00edem.<\/p>\n\n\n\n<figure class=\"wp-block-image alignright size-large is-resized\"><a href=\"https:\/\/agora.xtec.cat\/ceiprellinars\/wp-content\/uploads\/usu566\/2026\/02\/Miriam-2-scaled.jpg\"><img loading=\"lazy\" decoding=\"async\" width=\"1024\" height=\"768\" src=\"https:\/\/agora.xtec.cat\/ceiprellinars\/wp-content\/uploads\/usu566\/2026\/02\/Miriam-2-1024x768.jpg\" alt=\"\" class=\"wp-image-10426\" style=\"width:364px;height:auto\" srcset=\"https:\/\/agora.xtec.cat\/ceiprellinars\/wp-content\/uploads\/usu566\/2026\/02\/Miriam-2-1024x768.jpg 1024w, https:\/\/agora.xtec.cat\/ceiprellinars\/wp-content\/uploads\/usu566\/2026\/02\/Miriam-2-300x225.jpg 300w, https:\/\/agora.xtec.cat\/ceiprellinars\/wp-content\/uploads\/usu566\/2026\/02\/Miriam-2-768x576.jpg 768w, https:\/\/agora.xtec.cat\/ceiprellinars\/wp-content\/uploads\/usu566\/2026\/02\/Miriam-2-1536x1152.jpg 1536w, https:\/\/agora.xtec.cat\/ceiprellinars\/wp-content\/uploads\/usu566\/2026\/02\/Miriam-2-2048x1536.jpg 2048w\" sizes=\"auto, (max-width: 1024px) 100vw, 1024px\" \/><\/a><\/figure>\n\n\n\n<figure class=\"wp-block-image size-large is-resized\"><a href=\"https:\/\/agora.xtec.cat\/ceiprellinars\/wp-content\/uploads\/usu566\/2026\/02\/DSC05369-scaled.jpg\"><img loading=\"lazy\" decoding=\"async\" width=\"1024\" height=\"768\" src=\"https:\/\/agora.xtec.cat\/ceiprellinars\/wp-content\/uploads\/usu566\/2026\/02\/DSC05369-1024x768.jpg\" alt=\"\" class=\"wp-image-10428\" style=\"width:360px;height:auto\" srcset=\"https:\/\/agora.xtec.cat\/ceiprellinars\/wp-content\/uploads\/usu566\/2026\/02\/DSC05369-1024x768.jpg 1024w, https:\/\/agora.xtec.cat\/ceiprellinars\/wp-content\/uploads\/usu566\/2026\/02\/DSC05369-300x225.jpg 300w, https:\/\/agora.xtec.cat\/ceiprellinars\/wp-content\/uploads\/usu566\/2026\/02\/DSC05369-768x576.jpg 768w, https:\/\/agora.xtec.cat\/ceiprellinars\/wp-content\/uploads\/usu566\/2026\/02\/DSC05369-1536x1152.jpg 1536w, https:\/\/agora.xtec.cat\/ceiprellinars\/wp-content\/uploads\/usu566\/2026\/02\/DSC05369-2048x1536.jpg 2048w\" sizes=\"auto, (max-width: 1024px) 100vw, 1024px\" \/><\/a><\/figure>\n\n\n\n<figure class=\"wp-block-image alignleft size-large is-resized\"><a href=\"https:\/\/agora.xtec.cat\/ceiprellinars\/wp-content\/uploads\/usu566\/2026\/02\/Miriam-1-scaled.jpg\"><img loading=\"lazy\" decoding=\"async\" width=\"1024\" height=\"768\" src=\"https:\/\/agora.xtec.cat\/ceiprellinars\/wp-content\/uploads\/usu566\/2026\/02\/Miriam-1-1024x768.jpg\" alt=\"\" class=\"wp-image-10427\" style=\"width:372px;height:auto\" srcset=\"https:\/\/agora.xtec.cat\/ceiprellinars\/wp-content\/uploads\/usu566\/2026\/02\/Miriam-1-1024x768.jpg 1024w, https:\/\/agora.xtec.cat\/ceiprellinars\/wp-content\/uploads\/usu566\/2026\/02\/Miriam-1-300x225.jpg 300w, https:\/\/agora.xtec.cat\/ceiprellinars\/wp-content\/uploads\/usu566\/2026\/02\/Miriam-1-768x576.jpg 768w, https:\/\/agora.xtec.cat\/ceiprellinars\/wp-content\/uploads\/usu566\/2026\/02\/Miriam-1-1536x1152.jpg 1536w, https:\/\/agora.xtec.cat\/ceiprellinars\/wp-content\/uploads\/usu566\/2026\/02\/Miriam-1-2048x1536.jpg 2048w\" sizes=\"auto, (max-width: 1024px) 100vw, 1024px\" \/><\/a><\/figure>\n\n\n\n<p>Estem encantats de tenir experts a la classe que ens expliquin all\u00f2 que no sabem!<\/p>\n\n\n\n<p><\/p>\n","protected":false},"excerpt":{"rendered":"<p>El dia 3 de febrer va venir la M\u00edriam, mare de la Caterina i la Violeta perqu\u00e8 \u00e9s professora d&#8217;hist\u00f2ria. Aquest any, com estem treballant l&#8217;Edat Mitjana, la M\u00edriam ens ha vingut a explicar coses sobre el tema. Ens va portar imatges sobre la societat feudal, i ens va explicar qu\u00e8 \u00e9s un feu: un [&hellip;]<\/p>\n","protected":false},"author":21,"featured_media":10427,"comment_status":"open","ping_status":"open","sticky":false,"template":"","format":"standard","meta":{"_bbp_topic_count":0,"_bbp_reply_count":0,"_bbp_total_topic_count":0,"_bbp_total_reply_count":0,"_bbp_voice_count":0,"_bbp_anonymous_reply_count":0,"_bbp_topic_count_hidden":0,"_bbp_reply_count_hidden":0,"_bbp_forum_subforum_count":0,"site-sidebar-layout":"default","site-content-layout":"","ast-site-content-layout":"default","site-content-style":"default","site-sidebar-style":"default","ast-global-header-display":"","ast-banner-title-visibility":"","ast-main-header-display":"","ast-hfb-above-header-display":"","ast-hfb-below-header-display":"","ast-hfb-mobile-header-display":"","site-post-title":"","ast-breadcrumbs-content":"","ast-featured-img":"","footer-sml-layout":"","theme-transparent-header-meta":"","adv-header-id-meta":"","stick-header-meta":"","header-above-stick-meta":"","header-main-stick-meta":"","header-below-stick-meta":"","astra-migrate-meta-layouts":"set","ast-page-background-enabled":"default","ast-page-background-meta":{"desktop":{"background-color":"var(--ast-global-color-4)","background-image":"","background-repeat":"repeat","background-position":"center center","background-size":"auto","background-attachment":"scroll","background-type":"","background-media":"","overlay-type":"","overlay-color":"","overlay-opacity":"","overlay-gradient":""},"tablet":{"background-color":"","background-image":"","background-repeat":"repeat","background-position":"center center","background-size":"auto","background-attachment":"scroll","background-type":"","background-media":"","overlay-type":"","overlay-color":"","overlay-opacity":"","overlay-gradient":""},"mobile":{"background-color":"","background-image":"","background-repeat":"repeat","background-position":"center center","background-size":"auto","background-attachment":"scroll","background-type":"","background-media":"","overlay-type":"","overlay-color":"","overlay-opacity":"","overlay-gradient":""}},"ast-content-background-meta":{"desktop":{"background-color":"var(--ast-global-color-5)","background-image":"","background-repeat":"repeat","background-position":"center center","background-size":"auto","background-attachment":"scroll","background-type":"","background-media":"","overlay-type":"","overlay-color":"","overlay-opacity":"","overlay-gradient":""},"tablet":{"background-color":"var(--ast-global-color-5)","background-image":"","background-repeat":"repeat","background-position":"center center","background-size":"auto","background-attachment":"scroll","background-type":"","background-media":"","overlay-type":"","overlay-color":"","overlay-opacity":"","overlay-gradient":""},"mobile":{"background-color":"var(--ast-global-color-5)","background-image":"","background-repeat":"repeat","background-position":"center center","background-size":"auto","background-attachment":"scroll","background-type":"","background-media":"","overlay-type":"","overlay-color":"","overlay-opacity":"","overlay-gradient":""}},"footnotes":""},"categories":[1,27,427],"tags":[422],"class_list":["post-10425","post","type-post","status-publish","format-standard","has-post-thumbnail","hentry","category-actualitat","category-escola","category-mitjans-grans","tag-mitjans-grans-2-2025-2026"],"post_mailing_queue_ids":[],"_links":{"self":[{"href":"https:\/\/agora.xtec.cat\/ceiprellinars\/wp-json\/wp\/v2\/posts\/10425","targetHints":{"allow":["GET"]}}],"collection":[{"href":"https:\/\/agora.xtec.cat\/ceiprellinars\/wp-json\/wp\/v2\/posts"}],"about":[{"href":"https:\/\/agora.xtec.cat\/ceiprellinars\/wp-json\/wp\/v2\/types\/post"}],"author":[{"embeddable":true,"href":"https:\/\/agora.xtec.cat\/ceiprellinars\/wp-json\/wp\/v2\/users\/21"}],"replies":[{"embeddable":true,"href":"https:\/\/agora.xtec.cat\/ceiprellinars\/wp-json\/wp\/v2\/comments?post=10425"}],"version-history":[{"count":2,"href":"https:\/\/agora.xtec.cat\/ceiprellinars\/wp-json\/wp\/v2\/posts\/10425\/revisions"}],"predecessor-version":[{"id":10430,"href":"https:\/\/agora.xtec.cat\/ceiprellinars\/wp-json\/wp\/v2\/posts\/10425\/revisions\/10430"}],"wp:featuredmedia":[{"embeddable":true,"href":"https:\/\/agora.xtec.cat\/ceiprellinars\/wp-json\/wp\/v2\/media\/10427"}],"wp:attachment":[{"href":"https:\/\/agora.xtec.cat\/ceiprellinars\/wp-json\/wp\/v2\/media?parent=10425"}],"wp:term":[{"taxonomy":"category","embeddable":true,"href":"https:\/\/agora.xtec.cat\/ceiprellinars\/wp-json\/wp\/v2\/categories?post=10425"},{"taxonomy":"post_tag","embeddable":true,"href":"https:\/\/agora.xtec.cat\/ceiprellinars\/wp-json\/wp\/v2\/tags?post=10425"}],"curies":[{"name":"wp","href":"https:\/\/api.w.org\/{rel}","templated":true}]}}