{"id":10193,"date":"2025-12-15T19:18:59","date_gmt":"2025-12-15T18:18:59","guid":{"rendered":"https:\/\/agora.xtec.cat\/ceiprellinars\/?p=10193"},"modified":"2026-02-03T19:42:29","modified_gmt":"2026-02-03T18:42:29","slug":"fali-fala-joc-entre-dues-cultures","status":"publish","type":"post","link":"https:\/\/agora.xtec.cat\/ceiprellinars\/actualitat\/fali-fala-joc-entre-dues-cultures\/","title":{"rendered":"Fal\u00ed-Fal\u00e0: joc entre dues cultures"},"content":{"rendered":"<p data-start=\"194\" data-end=\"389\">Ens han vingut a fer un taller que es deia <strong data-start=\"235\" data-end=\"273\">Fal\u00ed-Fal\u00e0: joc entre dues cultures<\/strong>. Va venir el <strong data-start=\"287\" data-end=\"295\">Guim<\/strong>, tallerista de l\u2019associaci\u00f3 <strong data-start=\"324\" data-end=\"334\">Ir\u00e8nia<\/strong>, per explicar-nos i guiar-nos durant tota l\u2019activitat.<\/p>\n<p data-start=\"391\" data-end=\"608\">Ens vam separar en dos grups perqu\u00e8 hav\u00edem de viure en dos pa\u00efsos diferents: <strong data-start=\"468\" data-end=\"476\">Fal\u00ed<\/strong> i <strong data-start=\"479\" data-end=\"487\">Fal\u00e0<\/strong>. Cada pa\u00eds tenia normes pr\u00f2pies, molt diferents entre elles, i aix\u00f2 feia que al principi ens sent\u00edssim una mica perduts.<\/p>\n<p data-start=\"610\" data-end=\"922\">Al pa\u00eds de <strong data-start=\"621\" data-end=\"629\">Fal\u00e0<\/strong>, hav\u00edem d\u2019aconseguir <strong data-start=\"651\" data-end=\"705\">cinc cartes del mateix color amb animals diferents<\/strong>, per\u00f2 hi havia una condici\u00f3 important: <strong data-start=\"745\" data-end=\"780\">no pod\u00edem parlar ni tocar ning\u00fa<\/strong>. Per comunicar-nos, nom\u00e9s pod\u00edem ensenyar el color de la carta i fer el so de l\u2019animal que vol\u00edem. No era gens f\u00e0cil, per\u00f2 era molt divertit.<\/p>\n<p data-start=\"610\" data-end=\"922\"><a href=\"https:\/\/agora.xtec.cat\/ceiprellinars\/wp-content\/uploads\/usu566\/2025\/12\/DSC02903-scaled.jpg\"><img loading=\"lazy\" decoding=\"async\" class=\"aligncenter size-medium wp-image-10194\" src=\"https:\/\/agora.xtec.cat\/ceiprellinars\/wp-content\/uploads\/usu566\/2025\/12\/DSC02903-300x225.jpg\" alt=\"\" width=\"300\" height=\"225\" srcset=\"https:\/\/agora.xtec.cat\/ceiprellinars\/wp-content\/uploads\/usu566\/2025\/12\/DSC02903-300x225.jpg 300w, https:\/\/agora.xtec.cat\/ceiprellinars\/wp-content\/uploads\/usu566\/2025\/12\/DSC02903-1024x768.jpg 1024w, https:\/\/agora.xtec.cat\/ceiprellinars\/wp-content\/uploads\/usu566\/2025\/12\/DSC02903-768x576.jpg 768w, https:\/\/agora.xtec.cat\/ceiprellinars\/wp-content\/uploads\/usu566\/2025\/12\/DSC02903-1536x1152.jpg 1536w, https:\/\/agora.xtec.cat\/ceiprellinars\/wp-content\/uploads\/usu566\/2025\/12\/DSC02903-2048x1536.jpg 2048w, https:\/\/agora.xtec.cat\/ceiprellinars\/wp-content\/uploads\/usu566\/2025\/12\/DSC02903-200x150.jpg 200w\" sizes=\"auto, (max-width: 300px) 100vw, 300px\" \/><\/a><a href=\"https:\/\/agora.xtec.cat\/ceiprellinars\/wp-content\/uploads\/usu566\/2025\/12\/DSC02899-scaled.jpg\"><img loading=\"lazy\" decoding=\"async\" class=\"aligncenter size-medium wp-image-10196\" src=\"https:\/\/agora.xtec.cat\/ceiprellinars\/wp-content\/uploads\/usu566\/2025\/12\/DSC02899-300x225.jpg\" alt=\"\" width=\"300\" height=\"225\" srcset=\"https:\/\/agora.xtec.cat\/ceiprellinars\/wp-content\/uploads\/usu566\/2025\/12\/DSC02899-300x225.jpg 300w, https:\/\/agora.xtec.cat\/ceiprellinars\/wp-content\/uploads\/usu566\/2025\/12\/DSC02899-1024x768.jpg 1024w, https:\/\/agora.xtec.cat\/ceiprellinars\/wp-content\/uploads\/usu566\/2025\/12\/DSC02899-768x576.jpg 768w, https:\/\/agora.xtec.cat\/ceiprellinars\/wp-content\/uploads\/usu566\/2025\/12\/DSC02899-1536x1152.jpg 1536w, https:\/\/agora.xtec.cat\/ceiprellinars\/wp-content\/uploads\/usu566\/2025\/12\/DSC02899-2048x1536.jpg 2048w, https:\/\/agora.xtec.cat\/ceiprellinars\/wp-content\/uploads\/usu566\/2025\/12\/DSC02899-200x150.jpg 200w\" sizes=\"auto, (max-width: 300px) 100vw, 300px\" \/><\/a><\/p>\n<p data-start=\"924\" data-end=\"1257\">Al pa\u00eds de <strong data-start=\"935\" data-end=\"943\">Fal\u00ed<\/strong>, el joc funcionava d\u2019una altra manera. Si volies jugar amb alg\u00fa, havies de <strong data-start=\"1019\" data-end=\"1048\">picar el peu tres vegades<\/strong>. Si l\u2019altra persona volia jugar, havia de <strong data-start=\"1091\" data-end=\"1114\">trepitjar-te el peu<\/strong>, i si no, havia de <strong data-start=\"1134\" data-end=\"1155\">creuar els bra\u00e7os<\/strong>. Quan accept\u00e0vem jugar, cadasc\u00fa tenia un <strong data-start=\"1197\" data-end=\"1212\">gra de caf\u00e8<\/strong>. El joc consistia a endevinar on era el gra.<\/p>\n<p data-start=\"924\" data-end=\"1257\"><a href=\"https:\/\/agora.xtec.cat\/ceiprellinars\/wp-content\/uploads\/usu566\/2025\/12\/DSC02902-scaled.jpg\"><img loading=\"lazy\" decoding=\"async\" class=\"aligncenter size-medium wp-image-10197\" src=\"https:\/\/agora.xtec.cat\/ceiprellinars\/wp-content\/uploads\/usu566\/2025\/12\/DSC02902-300x225.jpg\" alt=\"\" width=\"300\" height=\"225\" srcset=\"https:\/\/agora.xtec.cat\/ceiprellinars\/wp-content\/uploads\/usu566\/2025\/12\/DSC02902-300x225.jpg 300w, https:\/\/agora.xtec.cat\/ceiprellinars\/wp-content\/uploads\/usu566\/2025\/12\/DSC02902-1024x768.jpg 1024w, https:\/\/agora.xtec.cat\/ceiprellinars\/wp-content\/uploads\/usu566\/2025\/12\/DSC02902-768x576.jpg 768w, https:\/\/agora.xtec.cat\/ceiprellinars\/wp-content\/uploads\/usu566\/2025\/12\/DSC02902-1536x1152.jpg 1536w, https:\/\/agora.xtec.cat\/ceiprellinars\/wp-content\/uploads\/usu566\/2025\/12\/DSC02902-2048x1536.jpg 2048w, https:\/\/agora.xtec.cat\/ceiprellinars\/wp-content\/uploads\/usu566\/2025\/12\/DSC02902-200x150.jpg 200w\" sizes=\"auto, (max-width: 300px) 100vw, 300px\" \/><\/a><a href=\"https:\/\/agora.xtec.cat\/ceiprellinars\/wp-content\/uploads\/usu566\/2025\/12\/DSC02890-scaled.jpg\"><img loading=\"lazy\" decoding=\"async\" class=\"aligncenter size-medium wp-image-10195\" src=\"https:\/\/agora.xtec.cat\/ceiprellinars\/wp-content\/uploads\/usu566\/2025\/12\/DSC02890-300x225.jpg\" alt=\"\" width=\"300\" height=\"225\" srcset=\"https:\/\/agora.xtec.cat\/ceiprellinars\/wp-content\/uploads\/usu566\/2025\/12\/DSC02890-300x225.jpg 300w, https:\/\/agora.xtec.cat\/ceiprellinars\/wp-content\/uploads\/usu566\/2025\/12\/DSC02890-1024x768.jpg 1024w, https:\/\/agora.xtec.cat\/ceiprellinars\/wp-content\/uploads\/usu566\/2025\/12\/DSC02890-768x576.jpg 768w, https:\/\/agora.xtec.cat\/ceiprellinars\/wp-content\/uploads\/usu566\/2025\/12\/DSC02890-1536x1152.jpg 1536w, https:\/\/agora.xtec.cat\/ceiprellinars\/wp-content\/uploads\/usu566\/2025\/12\/DSC02890-2048x1536.jpg 2048w, https:\/\/agora.xtec.cat\/ceiprellinars\/wp-content\/uploads\/usu566\/2025\/12\/DSC02890-200x150.jpg 200w\" sizes=\"auto, (max-width: 300px) 100vw, 300px\" \/><\/a><\/p>\n<p data-start=\"1259\" data-end=\"1680\">El <strong data-start=\"1262\" data-end=\"1283\">n\u00famero de la sort<\/strong> a Fal\u00ed era el <strong data-start=\"1298\" data-end=\"1306\">tres<\/strong>, i per aix\u00f2, si alg\u00fa endevinava tres vegades seguides, havia de fer <strong data-start=\"1375\" data-end=\"1410\">tres cops el gest amb tres dits<\/strong> i dir: <em data-start=\"1418\" data-end=\"1442\">dododo, dododo, dododo<\/em>. Si alg\u00fa es saltava les normes, a Fal\u00ed l\u2019agafaven per la samarreta i el portaven a la pres\u00f3. En canvi, a Fal\u00e0 el c\u00e0stig era diferent: tots sacsejaven les mans perqu\u00e8 s\u2019abaix\u00e9s el volum, sense parlar ni tocar ning\u00fa, fent <em data-start=\"1663\" data-end=\"1679\">dududududududu<\/em>.<\/p>\n<p data-start=\"1682\" data-end=\"1987\">Quan vam acabar de jugar, vam fer un <strong data-start=\"1719\" data-end=\"1728\">debat<\/strong>. Vam parlar de les persones que van a viure a altres pa\u00efsos i dels <strong data-start=\"1796\" data-end=\"1806\">motius<\/strong> que les porten a fer-ho. Tamb\u00e9 vam reflexionar sobre com ens hav\u00edem sentit quan no enten\u00edem les normes o la manera de comunicar-nos. Aix\u00ed vam treballar i verbalitzar l\u2019<strong data-start=\"1975\" data-end=\"1986\">empatia<\/strong>.<\/p>\n<p data-start=\"1989\" data-end=\"2148\">Va ser una manera <strong data-start=\"2007\" data-end=\"2035\">molt divertida i intensa<\/strong> d\u2019entendre com se senten les persones quan arriben a un lloc nou i de posar-nos, per una estona, a la seva pell.<\/p>\n","protected":false},"excerpt":{"rendered":"<p>Ens han vingut a fer un taller que es deia Fal\u00ed-Fal\u00e0: joc entre dues cultures. Va venir el Guim, tallerista de l\u2019associaci\u00f3 Ir\u00e8nia, per explicar-nos i guiar-nos durant tota l\u2019activitat. Ens vam separar en dos grups perqu\u00e8 hav\u00edem de viure en dos pa\u00efsos diferents: Fal\u00ed i Fal\u00e0. Cada pa\u00eds tenia normes pr\u00f2pies, molt diferents entre [&hellip;]<\/p>\n","protected":false},"author":23,"featured_media":10197,"comment_status":"open","ping_status":"open","sticky":false,"template":"","format":"standard","meta":{"_bbp_topic_count":0,"_bbp_reply_count":0,"_bbp_total_topic_count":0,"_bbp_total_reply_count":0,"_bbp_voice_count":0,"_bbp_anonymous_reply_count":0,"_bbp_topic_count_hidden":0,"_bbp_reply_count_hidden":0,"_bbp_forum_subforum_count":0,"site-sidebar-layout":"default","site-content-layout":"","ast-site-content-layout":"default","site-content-style":"default","site-sidebar-style":"default","ast-global-header-display":"","ast-banner-title-visibility":"","ast-main-header-display":"","ast-hfb-above-header-display":"","ast-hfb-below-header-display":"","ast-hfb-mobile-header-display":"","site-post-title":"","ast-breadcrumbs-content":"","ast-featured-img":"","footer-sml-layout":"","theme-transparent-header-meta":"","adv-header-id-meta":"","stick-header-meta":"","header-above-stick-meta":"","header-main-stick-meta":"","header-below-stick-meta":"","astra-migrate-meta-layouts":"set","ast-page-background-enabled":"default","ast-page-background-meta":{"desktop":{"background-color":"var(--ast-global-color-4)","background-image":"","background-repeat":"repeat","background-position":"center center","background-size":"auto","background-attachment":"scroll","background-type":"","background-media":"","overlay-type":"","overlay-color":"","overlay-opacity":"","overlay-gradient":""},"tablet":{"background-color":"","background-image":"","background-repeat":"repeat","background-position":"center center","background-size":"auto","background-attachment":"scroll","background-type":"","background-media":"","overlay-type":"","overlay-color":"","overlay-opacity":"","overlay-gradient":""},"mobile":{"background-color":"","background-image":"","background-repeat":"repeat","background-position":"center center","background-size":"auto","background-attachment":"scroll","background-type":"","background-media":"","overlay-type":"","overlay-color":"","overlay-opacity":"","overlay-gradient":""}},"ast-content-background-meta":{"desktop":{"background-color":"var(--ast-global-color-5)","background-image":"","background-repeat":"repeat","background-position":"center center","background-size":"auto","background-attachment":"scroll","background-type":"","background-media":"","overlay-type":"","overlay-color":"","overlay-opacity":"","overlay-gradient":""},"tablet":{"background-color":"var(--ast-global-color-5)","background-image":"","background-repeat":"repeat","background-position":"center center","background-size":"auto","background-attachment":"scroll","background-type":"","background-media":"","overlay-type":"","overlay-color":"","overlay-opacity":"","overlay-gradient":""},"mobile":{"background-color":"var(--ast-global-color-5)","background-image":"","background-repeat":"repeat","background-position":"center center","background-size":"auto","background-attachment":"scroll","background-type":"","background-media":"","overlay-type":"","overlay-color":"","overlay-opacity":"","overlay-gradient":""}},"footnotes":""},"categories":[1,27,427],"tags":[421],"class_list":["post-10193","post","type-post","status-publish","format-standard","has-post-thumbnail","hentry","category-actualitat","category-escola","category-mitjans-grans","tag-mitjans-grans-1-2025-2026"],"post_mailing_queue_ids":[],"_links":{"self":[{"href":"https:\/\/agora.xtec.cat\/ceiprellinars\/wp-json\/wp\/v2\/posts\/10193","targetHints":{"allow":["GET"]}}],"collection":[{"href":"https:\/\/agora.xtec.cat\/ceiprellinars\/wp-json\/wp\/v2\/posts"}],"about":[{"href":"https:\/\/agora.xtec.cat\/ceiprellinars\/wp-json\/wp\/v2\/types\/post"}],"author":[{"embeddable":true,"href":"https:\/\/agora.xtec.cat\/ceiprellinars\/wp-json\/wp\/v2\/users\/23"}],"replies":[{"embeddable":true,"href":"https:\/\/agora.xtec.cat\/ceiprellinars\/wp-json\/wp\/v2\/comments?post=10193"}],"version-history":[{"count":3,"href":"https:\/\/agora.xtec.cat\/ceiprellinars\/wp-json\/wp\/v2\/posts\/10193\/revisions"}],"predecessor-version":[{"id":10328,"href":"https:\/\/agora.xtec.cat\/ceiprellinars\/wp-json\/wp\/v2\/posts\/10193\/revisions\/10328"}],"wp:featuredmedia":[{"embeddable":true,"href":"https:\/\/agora.xtec.cat\/ceiprellinars\/wp-json\/wp\/v2\/media\/10197"}],"wp:attachment":[{"href":"https:\/\/agora.xtec.cat\/ceiprellinars\/wp-json\/wp\/v2\/media?parent=10193"}],"wp:term":[{"taxonomy":"category","embeddable":true,"href":"https:\/\/agora.xtec.cat\/ceiprellinars\/wp-json\/wp\/v2\/categories?post=10193"},{"taxonomy":"post_tag","embeddable":true,"href":"https:\/\/agora.xtec.cat\/ceiprellinars\/wp-json\/wp\/v2\/tags?post=10193"}],"curies":[{"name":"wp","href":"https:\/\/api.w.org\/{rel}","templated":true}]}}