{"id":10133,"date":"2025-10-17T13:07:01","date_gmt":"2025-10-17T11:07:01","guid":{"rendered":"https:\/\/agora.xtec.cat\/ceiprellinars\/?p=10133"},"modified":"2026-02-03T19:43:00","modified_gmt":"2026-02-03T18:43:00","slug":"es-possible-fer-la-volta-al-mon-en-quaranta-dies","status":"publish","type":"post","link":"https:\/\/agora.xtec.cat\/ceiprellinars\/actualitat\/es-possible-fer-la-volta-al-mon-en-quaranta-dies\/","title":{"rendered":"\u00c9s possible fer la volta al m\u00f3n en quaranta dies?"},"content":{"rendered":"<p>Qu\u00e8 farieu si arribeu al port per agafar un vaixell i us adoneu que l&#8217;heu perdut?<\/p>\n<p><span style=\"font-weight: 300;\">A filosofia estem comen\u00e7ant a treballar un llibre que \u00e9s titula \u201cLa volta al m\u00f3n en quaranta dies\u201d.<\/span><\/p>\n<p><span style=\"font-weight: 300;\"><a href=\"https:\/\/agora.xtec.cat\/ceiprellinars\/wp-content\/uploads\/usu566\/2025\/10\/la-volta-al-mon-en-quaranta-dies.jpg\"><img loading=\"lazy\" decoding=\"async\" class=\"aligncenter size-medium wp-image-10135\" src=\"https:\/\/agora.xtec.cat\/ceiprellinars\/wp-content\/uploads\/usu566\/2025\/10\/la-volta-al-mon-en-quaranta-dies-190x300.jpg\" alt=\"\" width=\"190\" height=\"300\" srcset=\"https:\/\/agora.xtec.cat\/ceiprellinars\/wp-content\/uploads\/usu566\/2025\/10\/la-volta-al-mon-en-quaranta-dies-190x300.jpg 190w, https:\/\/agora.xtec.cat\/ceiprellinars\/wp-content\/uploads\/usu566\/2025\/10\/la-volta-al-mon-en-quaranta-dies.jpg 290w\" sizes=\"auto, (max-width: 190px) 100vw, 190px\" \/><\/a><\/span><\/p>\n<p><span style=\"font-weight: 300;\">Hem fet algunes activitats com <\/span><span style=\"font-weight: 300;\">apuntar a la llibreta de que creiem que parlava el llibre o anotar en un full q<\/span><span style=\"font-weight: 300;\">ue ens emportar\u00ecem per anar-nos de viatge.<\/span><\/p>\n<p><span style=\"font-weight: 300;\">Tamb\u00e9 hem llegit tamb\u00e9 un text sobre l\u2019Oriol Canosa, l\u2019autor del llibre per con\u00e8ixer una mica m\u00e9s sobre aquest autor. Abans de comen\u00e7ar a llegir el llibre, tamb\u00e9 hem mirat un altre text que ens parla sobre la pen\u00ednsula Ib\u00e8rica on haviem d\u2019ubicar algunes ciutats des d&#8217;on comen\u00e7ar\u00e0 aquest gran viatge.<\/span><\/p>\n<p><span style=\"font-weight: 300;\">Nosaltres tenim moltes ganes de comen\u00e7ar a llegir aquest llibre. Ja us esplicarem de que va el llibre per\u00f2 no volem fer-vos cap esp\u00f2iler, creiem que ser\u00e0 molt divertit i ple d\u2019aventures.<\/span><\/p>\n","protected":false},"excerpt":{"rendered":"<p>Qu\u00e8 farieu si arribeu al port per agafar un vaixell i us adoneu que l&#8217;heu perdut? A filosofia estem comen\u00e7ant a treballar un llibre que \u00e9s titula \u201cLa volta al m\u00f3n en quaranta dies\u201d. Hem fet algunes activitats com apuntar a la llibreta de que creiem que parlava el llibre o anotar en un full [&hellip;]<\/p>\n","protected":false},"author":23,"featured_media":10135,"comment_status":"open","ping_status":"open","sticky":false,"template":"","format":"standard","meta":{"_bbp_topic_count":0,"_bbp_reply_count":0,"_bbp_total_topic_count":0,"_bbp_total_reply_count":0,"_bbp_voice_count":0,"_bbp_anonymous_reply_count":0,"_bbp_topic_count_hidden":0,"_bbp_reply_count_hidden":0,"_bbp_forum_subforum_count":0,"site-sidebar-layout":"default","site-content-layout":"","ast-site-content-layout":"default","site-content-style":"default","site-sidebar-style":"default","ast-global-header-display":"","ast-banner-title-visibility":"","ast-main-header-display":"","ast-hfb-above-header-display":"","ast-hfb-below-header-display":"","ast-hfb-mobile-header-display":"","site-post-title":"","ast-breadcrumbs-content":"","ast-featured-img":"","footer-sml-layout":"","theme-transparent-header-meta":"","adv-header-id-meta":"","stick-header-meta":"","header-above-stick-meta":"","header-main-stick-meta":"","header-below-stick-meta":"","astra-migrate-meta-layouts":"set","ast-page-background-enabled":"default","ast-page-background-meta":{"desktop":{"background-color":"var(--ast-global-color-4)","background-image":"","background-repeat":"repeat","background-position":"center center","background-size":"auto","background-attachment":"scroll","background-type":"","background-media":"","overlay-type":"","overlay-color":"","overlay-opacity":"","overlay-gradient":""},"tablet":{"background-color":"","background-image":"","background-repeat":"repeat","background-position":"center center","background-size":"auto","background-attachment":"scroll","background-type":"","background-media":"","overlay-type":"","overlay-color":"","overlay-opacity":"","overlay-gradient":""},"mobile":{"background-color":"","background-image":"","background-repeat":"repeat","background-position":"center center","background-size":"auto","background-attachment":"scroll","background-type":"","background-media":"","overlay-type":"","overlay-color":"","overlay-opacity":"","overlay-gradient":""}},"ast-content-background-meta":{"desktop":{"background-color":"var(--ast-global-color-5)","background-image":"","background-repeat":"repeat","background-position":"center center","background-size":"auto","background-attachment":"scroll","background-type":"","background-media":"","overlay-type":"","overlay-color":"","overlay-opacity":"","overlay-gradient":""},"tablet":{"background-color":"var(--ast-global-color-5)","background-image":"","background-repeat":"repeat","background-position":"center center","background-size":"auto","background-attachment":"scroll","background-type":"","background-media":"","overlay-type":"","overlay-color":"","overlay-opacity":"","overlay-gradient":""},"mobile":{"background-color":"var(--ast-global-color-5)","background-image":"","background-repeat":"repeat","background-position":"center center","background-size":"auto","background-attachment":"scroll","background-type":"","background-media":"","overlay-type":"","overlay-color":"","overlay-opacity":"","overlay-gradient":""}},"footnotes":""},"categories":[1,27,427],"tags":[421],"class_list":["post-10133","post","type-post","status-publish","format-standard","has-post-thumbnail","hentry","category-actualitat","category-escola","category-mitjans-grans","tag-mitjans-grans-1-2025-2026"],"post_mailing_queue_ids":[],"_links":{"self":[{"href":"https:\/\/agora.xtec.cat\/ceiprellinars\/wp-json\/wp\/v2\/posts\/10133","targetHints":{"allow":["GET"]}}],"collection":[{"href":"https:\/\/agora.xtec.cat\/ceiprellinars\/wp-json\/wp\/v2\/posts"}],"about":[{"href":"https:\/\/agora.xtec.cat\/ceiprellinars\/wp-json\/wp\/v2\/types\/post"}],"author":[{"embeddable":true,"href":"https:\/\/agora.xtec.cat\/ceiprellinars\/wp-json\/wp\/v2\/users\/23"}],"replies":[{"embeddable":true,"href":"https:\/\/agora.xtec.cat\/ceiprellinars\/wp-json\/wp\/v2\/comments?post=10133"}],"version-history":[{"count":3,"href":"https:\/\/agora.xtec.cat\/ceiprellinars\/wp-json\/wp\/v2\/posts\/10133\/revisions"}],"predecessor-version":[{"id":10338,"href":"https:\/\/agora.xtec.cat\/ceiprellinars\/wp-json\/wp\/v2\/posts\/10133\/revisions\/10338"}],"wp:featuredmedia":[{"embeddable":true,"href":"https:\/\/agora.xtec.cat\/ceiprellinars\/wp-json\/wp\/v2\/media\/10135"}],"wp:attachment":[{"href":"https:\/\/agora.xtec.cat\/ceiprellinars\/wp-json\/wp\/v2\/media?parent=10133"}],"wp:term":[{"taxonomy":"category","embeddable":true,"href":"https:\/\/agora.xtec.cat\/ceiprellinars\/wp-json\/wp\/v2\/categories?post=10133"},{"taxonomy":"post_tag","embeddable":true,"href":"https:\/\/agora.xtec.cat\/ceiprellinars\/wp-json\/wp\/v2\/tags?post=10133"}],"curies":[{"name":"wp","href":"https:\/\/api.w.org\/{rel}","templated":true}]}}