{"id":19378,"date":"2026-04-29T17:11:00","date_gmt":"2026-04-29T15:11:00","guid":{"rendered":"https:\/\/agora.xtec.cat\/ceipreixac\/?p=19378"},"modified":"2026-04-29T17:11:00","modified_gmt":"2026-04-29T15:11:00","slug":"5e-bestia-poetica","status":"publish","type":"post","link":"https:\/\/agora.xtec.cat\/ceipreixac\/portada\/5e-bestia-poetica\/","title":{"rendered":"5\u00e8: B\u00c8STIA PO\u00c8TICA"},"content":{"rendered":"<p style=\"text-align: justify;\">Amb l&#8217;arribada del Sant Jordi ens creix la inspiraci\u00f3 po\u00e8tica. Tant \u00e9s aix\u00ed que els alumnes de 5\u00e8 s&#8217;han animat a crear la seva pr\u00f2pia B\u00e8stia Po\u00e8tica, a trav\u00e9s del poema amb el mateix t\u00edtol, del poemari <em>Bitxopoemes i altres b\u00e8sties<\/em>, de la <em>Leire Bilbao<\/em> i la <em>Maite Mutuberria<\/em>. Impossible decantar-se tan sols per un. L&#8217;enginy infantil, supera qualsevol expectativa. Que visquin els bitxos i que visquin els poemes!<\/p>\n<p><a href=\"https:\/\/drive.google.com\/file\/d\/1Bz1BgYxn3KbWA8_g5m7k0mftLuS_Jmx4\/view?usp=sharing\" target=\"_blank\" rel=\"noopener\"><img loading=\"lazy\" decoding=\"async\" class=\"alignleft size-medium wp-image-19381\" src=\"https:\/\/agora.xtec.cat\/ceipreixac\/wp-content\/uploads\/usu1230\/2026\/04\/bestia-poetica-223x300.jpg\" alt=\"\" width=\"223\" height=\"300\" srcset=\"https:\/\/agora.xtec.cat\/ceipreixac\/wp-content\/uploads\/usu1230\/2026\/04\/bestia-poetica-223x300.jpg 223w, https:\/\/agora.xtec.cat\/ceipreixac\/wp-content\/uploads\/usu1230\/2026\/04\/bestia-poetica.jpg 591w\" sizes=\"auto, (max-width: 223px) 100vw, 223px\" \/><\/a><a href=\"https:\/\/drive.google.com\/file\/d\/1Bz1BgYxn3KbWA8_g5m7k0mftLuS_Jmx4\/view?usp=sharing\" target=\"_blank\" rel=\"noopener\"><img loading=\"lazy\" decoding=\"async\" class=\"alignleft size-medium wp-image-19383\" src=\"https:\/\/agora.xtec.cat\/ceipreixac\/wp-content\/uploads\/usu1230\/2026\/04\/bp2-1-202x300.jpg\" alt=\"\" width=\"202\" height=\"300\" srcset=\"https:\/\/agora.xtec.cat\/ceipreixac\/wp-content\/uploads\/usu1230\/2026\/04\/bp2-1-202x300.jpg 202w, https:\/\/agora.xtec.cat\/ceipreixac\/wp-content\/uploads\/usu1230\/2026\/04\/bp2-1.jpg 565w\" sizes=\"auto, (max-width: 202px) 100vw, 202px\" \/><\/a><\/p>\n","protected":false},"excerpt":{"rendered":"<p>Que visquin els bitxos i que visquin els poemes!&hellip;  <a href=\"https:\/\/agora.xtec.cat\/ceipreixac\/portada\/5e-bestia-poetica\/\" title=\"Read 5\u00e8: B\u00c8STIA PO\u00c8TICA\">Llegeix m\u00e9s\u00bb<\/a><\/p>\n","protected":false},"author":1,"featured_media":19379,"comment_status":"open","ping_status":"open","sticky":false,"template":"","format":"standard","meta":{"_bbp_topic_count":0,"_bbp_reply_count":0,"_bbp_total_topic_count":0,"_bbp_total_reply_count":0,"_bbp_voice_count":0,"_bbp_anonymous_reply_count":0,"_bbp_topic_count_hidden":0,"_bbp_reply_count_hidden":0,"_bbp_forum_subforum_count":0,"footnotes":""},"categories":[62,1],"tags":[386,111,475],"class_list":["post-19378","post","type-post","status-publish","format-standard","has-post-thumbnail","hentry","category-cicle-superior","category-portada","tag-quefemalesbiblios","tag-animacio-lectora","tag-creativitat"],"post_mailing_queue_ids":[],"_links":{"self":[{"href":"https:\/\/agora.xtec.cat\/ceipreixac\/wp-json\/wp\/v2\/posts\/19378","targetHints":{"allow":["GET"]}}],"collection":[{"href":"https:\/\/agora.xtec.cat\/ceipreixac\/wp-json\/wp\/v2\/posts"}],"about":[{"href":"https:\/\/agora.xtec.cat\/ceipreixac\/wp-json\/wp\/v2\/types\/post"}],"author":[{"embeddable":true,"href":"https:\/\/agora.xtec.cat\/ceipreixac\/wp-json\/wp\/v2\/users\/1"}],"replies":[{"embeddable":true,"href":"https:\/\/agora.xtec.cat\/ceipreixac\/wp-json\/wp\/v2\/comments?post=19378"}],"version-history":[{"count":2,"href":"https:\/\/agora.xtec.cat\/ceipreixac\/wp-json\/wp\/v2\/posts\/19378\/revisions"}],"predecessor-version":[{"id":19385,"href":"https:\/\/agora.xtec.cat\/ceipreixac\/wp-json\/wp\/v2\/posts\/19378\/revisions\/19385"}],"wp:featuredmedia":[{"embeddable":true,"href":"https:\/\/agora.xtec.cat\/ceipreixac\/wp-json\/wp\/v2\/media\/19379"}],"wp:attachment":[{"href":"https:\/\/agora.xtec.cat\/ceipreixac\/wp-json\/wp\/v2\/media?parent=19378"}],"wp:term":[{"taxonomy":"category","embeddable":true,"href":"https:\/\/agora.xtec.cat\/ceipreixac\/wp-json\/wp\/v2\/categories?post=19378"},{"taxonomy":"post_tag","embeddable":true,"href":"https:\/\/agora.xtec.cat\/ceipreixac\/wp-json\/wp\/v2\/tags?post=19378"}],"curies":[{"name":"wp","href":"https:\/\/api.w.org\/{rel}","templated":true}]}}