{"id":19319,"date":"2026-04-28T15:24:36","date_gmt":"2026-04-28T13:24:36","guid":{"rendered":"https:\/\/agora.xtec.cat\/ceipreixac\/?p=19319"},"modified":"2026-04-28T15:24:36","modified_gmt":"2026-04-28T13:24:36","slug":"claustre-literari-lectures-que-fan-olor","status":"publish","type":"post","link":"https:\/\/agora.xtec.cat\/ceipreixac\/portada\/claustre-literari-lectures-que-fan-olor\/","title":{"rendered":"CLAUSTRE LITERARI: LECTURES QUE FAN OLOR!"},"content":{"rendered":"<p style=\"text-align: justify;\">I amb aquest ja s\u00f3n quatre els claustres que hem dedicat a valorar, raonar i compartir les novetats bibliogr\u00e0fiques i liter\u00e0ries que van arribant a la biblioteca escolar. Una oportunitat per donar a con\u00e8ixer els nous t\u00edtols i sobretot, per compartir la utilitat did\u00e0ctica, pedag\u00f2gica i pr\u00e0ctica dels mateixos. Llibres de ficci\u00f3 i tamb\u00e9 de coneixements. A m\u00e9s a m\u00e9s de llibres musicals, poemaris i narracions a trav\u00e9s de kamishibais. Tamb\u00e9 van presentar les noves propostes d&#8217;animaci\u00f3 ideades des de la Comissi\u00f3 de la biblioteca: &#8216;la festa de peluixos&#8217; i &#8216;lectures que fan olor&#8217;!<\/p>\n<p style=\"text-align: justify;\">Si us v\u00e0reu quedar amb ganes de saber com acaba el <a href=\"https:\/\/drive.google.com\/file\/d\/1hCLiL95x2zAO04G3hLHkPATdQhMyaiq7\/view?usp=drive_link\" target=\"_blank\" rel=\"noopener\">relat de les formigues, podeu clicar aqu\u00ed<\/a>. I per escoltar el <a href=\"https:\/\/drive.google.com\/file\/d\/19HXZHWs_eqBOgIsD7fX0tV8XCC7lUCyC\/view?usp=drive_link\" target=\"_blank\" rel=\"noopener\">conte musical aqu\u00ed.<\/a><\/p>\n<p>Compartir llibres ens ajuda a definir, repensar i enriquir el pla lector de centre. Ens permet parar atenci\u00f3 a un dels elements m\u00e9s preuats i valorats en la conservaci\u00f3 de la cultura: el llibre!<\/p>\n<p><a href=\"https:\/\/drive.google.com\/drive\/folders\/1beX4k0oL59DoTeKIBdbGuOjpvSorOR0F?usp=sharing\" target=\"_blank\" rel=\"noopener\"><img loading=\"lazy\" decoding=\"async\" class=\"size-medium wp-image-19368 aligncenter\" src=\"https:\/\/agora.xtec.cat\/ceipreixac\/wp-content\/uploads\/usu1230\/2026\/04\/IMG_20260416_134618005-300x169.jpg\" alt=\"\" width=\"300\" height=\"169\" srcset=\"https:\/\/agora.xtec.cat\/ceipreixac\/wp-content\/uploads\/usu1230\/2026\/04\/IMG_20260416_134618005-300x169.jpg 300w, https:\/\/agora.xtec.cat\/ceipreixac\/wp-content\/uploads\/usu1230\/2026\/04\/IMG_20260416_134618005-1024x576.jpg 1024w, https:\/\/agora.xtec.cat\/ceipreixac\/wp-content\/uploads\/usu1230\/2026\/04\/IMG_20260416_134618005-768x432.jpg 768w, https:\/\/agora.xtec.cat\/ceipreixac\/wp-content\/uploads\/usu1230\/2026\/04\/IMG_20260416_134618005-1536x864.jpg 1536w, https:\/\/agora.xtec.cat\/ceipreixac\/wp-content\/uploads\/usu1230\/2026\/04\/IMG_20260416_134618005.jpg 1639w\" sizes=\"auto, (max-width: 300px) 100vw, 300px\" \/><\/a><\/p>\n","protected":false},"excerpt":{"rendered":"<p>Una oda als llibres, a la seva v\u00e0lua, i a la seva defensa com a elements culturals i emocionals.&hellip;  <a href=\"https:\/\/agora.xtec.cat\/ceipreixac\/portada\/claustre-literari-lectures-que-fan-olor\/\" title=\"Read CLAUSTRE LITERARI: LECTURES QUE FAN OLOR!\">Llegeix m\u00e9s\u00bb<\/a><\/p>\n","protected":false},"author":1,"featured_media":19369,"comment_status":"open","ping_status":"open","sticky":false,"template":"","format":"standard","meta":{"_bbp_topic_count":0,"_bbp_reply_count":0,"_bbp_total_topic_count":0,"_bbp_total_reply_count":0,"_bbp_voice_count":0,"_bbp_anonymous_reply_count":0,"_bbp_topic_count_hidden":0,"_bbp_reply_count_hidden":0,"_bbp_forum_subforum_count":0,"footnotes":""},"categories":[71,1],"tags":[386,111,381,455],"class_list":["post-19319","post","type-post","status-publish","format-standard","has-post-thumbnail","hentry","category-general","category-portada","tag-quefemalesbiblios","tag-animacio-lectora","tag-claustre-literari","tag-curs-25-26"],"post_mailing_queue_ids":[],"_links":{"self":[{"href":"https:\/\/agora.xtec.cat\/ceipreixac\/wp-json\/wp\/v2\/posts\/19319","targetHints":{"allow":["GET"]}}],"collection":[{"href":"https:\/\/agora.xtec.cat\/ceipreixac\/wp-json\/wp\/v2\/posts"}],"about":[{"href":"https:\/\/agora.xtec.cat\/ceipreixac\/wp-json\/wp\/v2\/types\/post"}],"author":[{"embeddable":true,"href":"https:\/\/agora.xtec.cat\/ceipreixac\/wp-json\/wp\/v2\/users\/1"}],"replies":[{"embeddable":true,"href":"https:\/\/agora.xtec.cat\/ceipreixac\/wp-json\/wp\/v2\/comments?post=19319"}],"version-history":[{"count":5,"href":"https:\/\/agora.xtec.cat\/ceipreixac\/wp-json\/wp\/v2\/posts\/19319\/revisions"}],"predecessor-version":[{"id":19372,"href":"https:\/\/agora.xtec.cat\/ceipreixac\/wp-json\/wp\/v2\/posts\/19319\/revisions\/19372"}],"wp:featuredmedia":[{"embeddable":true,"href":"https:\/\/agora.xtec.cat\/ceipreixac\/wp-json\/wp\/v2\/media\/19369"}],"wp:attachment":[{"href":"https:\/\/agora.xtec.cat\/ceipreixac\/wp-json\/wp\/v2\/media?parent=19319"}],"wp:term":[{"taxonomy":"category","embeddable":true,"href":"https:\/\/agora.xtec.cat\/ceipreixac\/wp-json\/wp\/v2\/categories?post=19319"},{"taxonomy":"post_tag","embeddable":true,"href":"https:\/\/agora.xtec.cat\/ceipreixac\/wp-json\/wp\/v2\/tags?post=19319"}],"curies":[{"name":"wp","href":"https:\/\/api.w.org\/{rel}","templated":true}]}}