{"id":19019,"date":"2026-01-14T15:24:48","date_gmt":"2026-01-14T14:24:48","guid":{"rendered":"https:\/\/agora.xtec.cat\/ceipreixac\/?p=19019"},"modified":"2026-02-06T12:43:58","modified_gmt":"2026-02-06T11:43:58","slug":"els-reis-i-el-seu-pas-pel-reixac","status":"publish","type":"post","link":"https:\/\/agora.xtec.cat\/ceipreixac\/portada\/els-reis-i-el-seu-pas-pel-reixac\/","title":{"rendered":"ELS REIS I EL SEU PAS PEL REIXAC"},"content":{"rendered":"<p style=\"text-align: justify;\">Dijous passat vam tornar a l\u2019escola despr\u00e9s de les vacances de Nadal, i l\u2019ambient es va omplir d\u2019alegria i emoci\u00f3 des del primer moment. Els infants van arribar molt contents, amb ganes de retrobar-se amb els companys, companyes i mestres per compartir tot all\u00f2 que han viscut durant aquests dies tan especials.<\/p>\n<p style=\"text-align: justify;\">En arribar a l\u2019escola, ens esperava una gran sorpresa! A les aules hi vam trobar molts regals. Vam poder descobrir, gaudir i compartir les noves joguines, fet que va convertir la jornada en un dia tranquil i agradable, ideal per tornar a connectar amb l\u2019escola i la rutina d\u2019una manera amable i progressiva.<\/p>\n<p style=\"text-align: justify;\">Tamb\u00e9 vam tenir temps per explicar qu\u00e8 hav\u00edem fet durant les vacances. Les joguines, els moments viscuts en fam\u00edlia i les experi\u00e8ncies compartides van esdevenir protagonistes de les converses, regalant-nos somriures, riures i records de moments molt feli\u00e7os.<\/p>\n<p style=\"text-align: justify;\">Comencem aquest nou trimestre amb moltes ganes d\u2019aprendre, de cr\u00e9ixer plegats i de continuar vivint experi\u00e8ncies que ens ajudin a construir nous aprenentatges.<\/p>\n<p><a href=\"https:\/\/drive.google.com\/drive\/folders\/1_byjkSHv6_pjd_uQPDdYxBiAcex-8yoB?usp=sharing\" target=\"_blank\" rel=\"noopener\"><img loading=\"lazy\" decoding=\"async\" class=\"size-medium wp-image-19021 aligncenter\" src=\"https:\/\/agora.xtec.cat\/ceipreixac\/wp-content\/uploads\/usu1230\/2026\/01\/joc-225x300.jpg\" alt=\"\" width=\"225\" height=\"300\" srcset=\"https:\/\/agora.xtec.cat\/ceipreixac\/wp-content\/uploads\/usu1230\/2026\/01\/joc-225x300.jpg 225w, https:\/\/agora.xtec.cat\/ceipreixac\/wp-content\/uploads\/usu1230\/2026\/01\/joc.jpg 600w\" sizes=\"auto, (max-width: 225px) 100vw, 225px\" \/><\/a><\/p>\n","protected":false},"excerpt":{"rendered":"<p>Els reis han deixat alegria arreu&hellip;  <a href=\"https:\/\/agora.xtec.cat\/ceipreixac\/portada\/els-reis-i-el-seu-pas-pel-reixac\/\" title=\"Read ELS REIS I EL SEU PAS PEL REIXAC\">Llegeix m\u00e9s\u00bb<\/a><\/p>\n","protected":false},"author":1,"featured_media":19022,"comment_status":"open","ping_status":"open","sticky":false,"template":"","format":"standard","meta":{"_bbp_topic_count":0,"_bbp_reply_count":0,"_bbp_total_topic_count":0,"_bbp_total_reply_count":0,"_bbp_voice_count":0,"_bbp_anonymous_reply_count":0,"_bbp_topic_count_hidden":0,"_bbp_reply_count_hidden":0,"_bbp_forum_subforum_count":0,"footnotes":""},"categories":[60,61,62,2,1],"tags":[455,457,238],"class_list":["post-19019","post","type-post","status-publish","format-standard","has-post-thumbnail","hentry","category-cicle-inicial","category-cicle-mitja","category-cicle-superior","category-infantil","category-portada","tag-curs-25-26","tag-joquines","tag-reis"],"post_mailing_queue_ids":[],"_links":{"self":[{"href":"https:\/\/agora.xtec.cat\/ceipreixac\/wp-json\/wp\/v2\/posts\/19019","targetHints":{"allow":["GET"]}}],"collection":[{"href":"https:\/\/agora.xtec.cat\/ceipreixac\/wp-json\/wp\/v2\/posts"}],"about":[{"href":"https:\/\/agora.xtec.cat\/ceipreixac\/wp-json\/wp\/v2\/types\/post"}],"author":[{"embeddable":true,"href":"https:\/\/agora.xtec.cat\/ceipreixac\/wp-json\/wp\/v2\/users\/1"}],"replies":[{"embeddable":true,"href":"https:\/\/agora.xtec.cat\/ceipreixac\/wp-json\/wp\/v2\/comments?post=19019"}],"version-history":[{"count":3,"href":"https:\/\/agora.xtec.cat\/ceipreixac\/wp-json\/wp\/v2\/posts\/19019\/revisions"}],"predecessor-version":[{"id":19024,"href":"https:\/\/agora.xtec.cat\/ceipreixac\/wp-json\/wp\/v2\/posts\/19019\/revisions\/19024"}],"wp:featuredmedia":[{"embeddable":true,"href":"https:\/\/agora.xtec.cat\/ceipreixac\/wp-json\/wp\/v2\/media\/19022"}],"wp:attachment":[{"href":"https:\/\/agora.xtec.cat\/ceipreixac\/wp-json\/wp\/v2\/media?parent=19019"}],"wp:term":[{"taxonomy":"category","embeddable":true,"href":"https:\/\/agora.xtec.cat\/ceipreixac\/wp-json\/wp\/v2\/categories?post=19019"},{"taxonomy":"post_tag","embeddable":true,"href":"https:\/\/agora.xtec.cat\/ceipreixac\/wp-json\/wp\/v2\/tags?post=19019"}],"curies":[{"name":"wp","href":"https:\/\/api.w.org\/{rel}","templated":true}]}}