{"id":18916,"date":"2025-12-12T15:27:35","date_gmt":"2025-12-12T14:27:35","guid":{"rendered":"https:\/\/agora.xtec.cat\/ceipreixac\/?p=18916"},"modified":"2025-12-12T15:27:35","modified_gmt":"2025-12-12T14:27:35","slug":"construim-mons-meravellosos","status":"publish","type":"post","link":"https:\/\/agora.xtec.cat\/ceipreixac\/portada\/construim-mons-meravellosos\/","title":{"rendered":"CONSTRUIM MONS MERAVELLOSOS"},"content":{"rendered":"<p style=\"text-align: justify;\"><span style=\"font-weight: 400;\">Aquesta setmana, gr\u00e0cies a les activitats que ens proposa el col\u00b7lectiu Irenia, ens ha visitat l\u2019il\u00b7lustrador Yorgos a les classes dels Coales i els Conills.\u00a0<\/span><\/p>\n<p style=\"text-align: justify;\"><span style=\"font-weight: 400;\">Yorgos ha omplert les nostres aules de m\u00e0gia amb un conte preci\u00f3s i, a trav\u00e9s dels seus dibuixos i les nostres petites obres d\u2019art, hem conegut la hist\u00f2ria de F\u00e9rvol, el Cavall Volador.<\/span><\/p>\n<p style=\"text-align: justify;\"><span style=\"font-weight: 400;\">El relat comen\u00e7a en un pa\u00eds on viuen dos infants inseparables: Meki i Picto. Tots dos tenen poques coses materials, per\u00f2 els sobra creativitat.\u00a0<\/span><\/p>\n<p style=\"text-align: justify;\"><span style=\"font-weight: 400;\">Un dia, en una de les seves excursions a la deixalleria, decideixen construir un cavall volador per fugir del seu empobrit pa\u00eds. D\u2019aquesta manera, comen\u00e7a la seva aventura per trobar el millor pa\u00eds del m\u00f3n.<\/span><\/p>\n<p style=\"text-align: justify;\"><span style=\"font-weight: 400;\">Durant el viatge, veuen paisatges nous, persones diferents i altres infants amb hist\u00f2ries tan diverses com les peces que formen Fervol. Tots junts entenen que cadasc\u00fa aporta alguna cosa \u00fanica i que, quan unim difer\u00e8ncies, podem construir mons meravellosos.\u00a0<\/span><\/p>\n<p style=\"text-align: justify;\"><span style=\"font-weight: 400;\">Meki, Picto i tots els amics que fan durant el seu viatge ens deixen un missatge clar: tots els infants tenen dret a viure en pau, a sentir-se segurs, a imaginar i a construir un futur millor.<\/span><\/p>\n<p><a href=\"https:\/\/drive.google.com\/drive\/folders\/1-0k8MiTwT1ZZHPo0t4J4IEKApdEYtL_g?usp=drive_link\" target=\"_blank\" rel=\"noopener\"><img loading=\"lazy\" decoding=\"async\" class=\"size-medium wp-image-18919 aligncenter\" src=\"https:\/\/agora.xtec.cat\/ceipreixac\/wp-content\/uploads\/usu1230\/2025\/12\/yor-1-300x269.jpg\" alt=\"\" width=\"300\" height=\"269\" srcset=\"https:\/\/agora.xtec.cat\/ceipreixac\/wp-content\/uploads\/usu1230\/2025\/12\/yor-1-300x269.jpg 300w, https:\/\/agora.xtec.cat\/ceipreixac\/wp-content\/uploads\/usu1230\/2025\/12\/yor-1-768x689.jpg 768w, https:\/\/agora.xtec.cat\/ceipreixac\/wp-content\/uploads\/usu1230\/2025\/12\/yor-1.jpg 873w\" sizes=\"auto, (max-width: 300px) 100vw, 300px\" \/><\/a><\/p>\n","protected":false},"excerpt":{"rendered":"<p>La diversitat ens enriqueix&hellip;  <a href=\"https:\/\/agora.xtec.cat\/ceipreixac\/portada\/construim-mons-meravellosos\/\" title=\"Read CONSTRUIM MONS MERAVELLOSOS\">Llegeix m\u00e9s\u00bb<\/a><\/p>\n","protected":false},"author":1,"featured_media":18917,"comment_status":"open","ping_status":"open","sticky":false,"template":"","format":"standard","meta":{"_bbp_topic_count":0,"_bbp_reply_count":0,"_bbp_total_topic_count":0,"_bbp_total_reply_count":0,"_bbp_voice_count":0,"_bbp_anonymous_reply_count":0,"_bbp_topic_count_hidden":0,"_bbp_reply_count_hidden":0,"_bbp_forum_subforum_count":0,"footnotes":""},"categories":[60,1],"tags":[169,302],"class_list":["post-18916","post","type-post","status-publish","format-standard","has-post-thumbnail","hentry","category-cicle-inicial","category-portada","tag-cicle-inicial","tag-educacio-emocional"],"post_mailing_queue_ids":[],"_links":{"self":[{"href":"https:\/\/agora.xtec.cat\/ceipreixac\/wp-json\/wp\/v2\/posts\/18916","targetHints":{"allow":["GET"]}}],"collection":[{"href":"https:\/\/agora.xtec.cat\/ceipreixac\/wp-json\/wp\/v2\/posts"}],"about":[{"href":"https:\/\/agora.xtec.cat\/ceipreixac\/wp-json\/wp\/v2\/types\/post"}],"author":[{"embeddable":true,"href":"https:\/\/agora.xtec.cat\/ceipreixac\/wp-json\/wp\/v2\/users\/1"}],"replies":[{"embeddable":true,"href":"https:\/\/agora.xtec.cat\/ceipreixac\/wp-json\/wp\/v2\/comments?post=18916"}],"version-history":[{"count":1,"href":"https:\/\/agora.xtec.cat\/ceipreixac\/wp-json\/wp\/v2\/posts\/18916\/revisions"}],"predecessor-version":[{"id":18920,"href":"https:\/\/agora.xtec.cat\/ceipreixac\/wp-json\/wp\/v2\/posts\/18916\/revisions\/18920"}],"wp:featuredmedia":[{"embeddable":true,"href":"https:\/\/agora.xtec.cat\/ceipreixac\/wp-json\/wp\/v2\/media\/18917"}],"wp:attachment":[{"href":"https:\/\/agora.xtec.cat\/ceipreixac\/wp-json\/wp\/v2\/media?parent=18916"}],"wp:term":[{"taxonomy":"category","embeddable":true,"href":"https:\/\/agora.xtec.cat\/ceipreixac\/wp-json\/wp\/v2\/categories?post=18916"},{"taxonomy":"post_tag","embeddable":true,"href":"https:\/\/agora.xtec.cat\/ceipreixac\/wp-json\/wp\/v2\/tags?post=18916"}],"curies":[{"name":"wp","href":"https:\/\/api.w.org\/{rel}","templated":true}]}}