{"id":18882,"date":"2025-12-05T16:27:19","date_gmt":"2025-12-05T15:27:19","guid":{"rendered":"https:\/\/agora.xtec.cat\/ceipreixac\/?p=18882"},"modified":"2025-12-19T10:06:30","modified_gmt":"2025-12-19T09:06:30","slug":"jornada-de-la-diversitat-funcional","status":"publish","type":"post","link":"https:\/\/agora.xtec.cat\/ceipreixac\/portada\/jornada-de-la-diversitat-funcional\/","title":{"rendered":"JORNADA DE LA DIVERSITAT FUNCIONAL"},"content":{"rendered":"<p>Els mestres d&#8217;educaci\u00f3 f\u00edsica hem preparat un espai de trobada i aprenentatge on l&#8217;educaci\u00f3 f\u00edsica es converteix en una eina per entendre, respectar i valorar la diversitat funcional.<\/p>\n<p><a href=\"https:\/\/drive.google.com\/drive\/folders\/114zqcc7Fg4xv7WNit5enZ_7nSFenvP71?usp=sharing\" target=\"_blank\" rel=\"noopener\"><img loading=\"lazy\" decoding=\"async\" class=\"wp-image-18883 aligncenter\" src=\"https:\/\/agora.xtec.cat\/ceipreixac\/wp-content\/uploads\/usu1230\/2025\/12\/IMG_3800-1-1024x1024.jpg\" alt=\"\" width=\"350\" height=\"350\" srcset=\"https:\/\/agora.xtec.cat\/ceipreixac\/wp-content\/uploads\/usu1230\/2025\/12\/IMG_3800-1-1024x1024.jpg 1024w, https:\/\/agora.xtec.cat\/ceipreixac\/wp-content\/uploads\/usu1230\/2025\/12\/IMG_3800-1-300x300.jpg 300w, https:\/\/agora.xtec.cat\/ceipreixac\/wp-content\/uploads\/usu1230\/2025\/12\/IMG_3800-1-150x150.jpg 150w, https:\/\/agora.xtec.cat\/ceipreixac\/wp-content\/uploads\/usu1230\/2025\/12\/IMG_3800-1-768x768.jpg 768w, https:\/\/agora.xtec.cat\/ceipreixac\/wp-content\/uploads\/usu1230\/2025\/12\/IMG_3800-1-1536x1536.jpg 1536w, https:\/\/agora.xtec.cat\/ceipreixac\/wp-content\/uploads\/usu1230\/2025\/12\/IMG_3800-1-2048x2048.jpg 2048w\" sizes=\"auto, (max-width: 350px) 100vw, 350px\" \/><\/a><\/p>\n","protected":false},"excerpt":{"rendered":"<p>Una experi\u00e8ncia per aprendre a posar-nos en el lloc dels altres&hellip;  <a href=\"https:\/\/agora.xtec.cat\/ceipreixac\/portada\/jornada-de-la-diversitat-funcional\/\" title=\"Read JORNADA DE LA DIVERSITAT FUNCIONAL\">Llegeix m\u00e9s\u00bb<\/a><\/p>\n","protected":false},"author":9,"featured_media":18958,"comment_status":"open","ping_status":"open","sticky":false,"template":"","format":"standard","meta":{"_bbp_topic_count":0,"_bbp_reply_count":0,"_bbp_total_topic_count":0,"_bbp_total_reply_count":0,"_bbp_voice_count":0,"_bbp_anonymous_reply_count":0,"_bbp_topic_count_hidden":0,"_bbp_reply_count_hidden":0,"_bbp_forum_subforum_count":0,"footnotes":""},"categories":[60,61,62,1],"tags":[455,93,444],"class_list":["post-18882","post","type-post","status-publish","format-standard","has-post-thumbnail","hentry","category-cicle-inicial","category-cicle-mitja","category-cicle-superior","category-portada","tag-curs-25-26","tag-diversitat","tag-esport-adaptat"],"post_mailing_queue_ids":[],"_links":{"self":[{"href":"https:\/\/agora.xtec.cat\/ceipreixac\/wp-json\/wp\/v2\/posts\/18882","targetHints":{"allow":["GET"]}}],"collection":[{"href":"https:\/\/agora.xtec.cat\/ceipreixac\/wp-json\/wp\/v2\/posts"}],"about":[{"href":"https:\/\/agora.xtec.cat\/ceipreixac\/wp-json\/wp\/v2\/types\/post"}],"author":[{"embeddable":true,"href":"https:\/\/agora.xtec.cat\/ceipreixac\/wp-json\/wp\/v2\/users\/9"}],"replies":[{"embeddable":true,"href":"https:\/\/agora.xtec.cat\/ceipreixac\/wp-json\/wp\/v2\/comments?post=18882"}],"version-history":[{"count":4,"href":"https:\/\/agora.xtec.cat\/ceipreixac\/wp-json\/wp\/v2\/posts\/18882\/revisions"}],"predecessor-version":[{"id":18960,"href":"https:\/\/agora.xtec.cat\/ceipreixac\/wp-json\/wp\/v2\/posts\/18882\/revisions\/18960"}],"wp:featuredmedia":[{"embeddable":true,"href":"https:\/\/agora.xtec.cat\/ceipreixac\/wp-json\/wp\/v2\/media\/18958"}],"wp:attachment":[{"href":"https:\/\/agora.xtec.cat\/ceipreixac\/wp-json\/wp\/v2\/media?parent=18882"}],"wp:term":[{"taxonomy":"category","embeddable":true,"href":"https:\/\/agora.xtec.cat\/ceipreixac\/wp-json\/wp\/v2\/categories?post=18882"},{"taxonomy":"post_tag","embeddable":true,"href":"https:\/\/agora.xtec.cat\/ceipreixac\/wp-json\/wp\/v2\/tags?post=18882"}],"curies":[{"name":"wp","href":"https:\/\/api.w.org\/{rel}","templated":true}]}}