{"id":18708,"date":"2025-10-09T14:02:26","date_gmt":"2025-10-09T12:02:26","guid":{"rendered":"https:\/\/agora.xtec.cat\/ceipreixac\/?p=18708"},"modified":"2025-12-19T10:01:04","modified_gmt":"2025-12-19T09:01:04","slug":"primera-sortida-del-curs-a-can-ribes","status":"publish","type":"post","link":"https:\/\/agora.xtec.cat\/ceipreixac\/portada\/primera-sortida-del-curs-a-can-ribes\/","title":{"rendered":"SORTIDA A CAN RIBES"},"content":{"rendered":"<p style=\"text-align: justify;\">El dilluns <b>29 de setembre<\/b>, els nens i nenes de <b>cicle inicial<\/b> vam viure un dia molt especial: la <b>primera sortida del curs<\/b>. Des de bon mat\u00ed es notaven els nervis i la il\u00b7lusi\u00f3 a l\u2019ambient, ja que molts infants esperaven amb ganes poder compartir aquesta experi\u00e8ncia amb els companys i companyes.<\/p>\n<p style=\"text-align: justify;\">La destinaci\u00f3 va ser <b>Can Ribes<\/b>, on ens van preparar tot un seguit d\u2019activitats ambientades en el m\u00f3n dels <b>cowboys i els indis<\/b>. Els infants es van endinsar en aquest univers de joc i imaginaci\u00f3, tot participant en din\u00e0miques que combinaven moviment, cooperaci\u00f3 i diversi\u00f3. Van poder c\u00f3rrer, riure, superar reptes en equip i viure hist\u00f2ries que els transportaven a un altre temps i lloc.<\/p>\n<p style=\"text-align: justify;\">A m\u00e9s de jugar, la sortida va ser una oportunitat per <b>enfortir els vincles dins del cicle<\/b>. Els infants van tenir moments per compartir, ajudar-se, descobrir coses noves i gaudir junts d\u2019un entorn diferent del de l\u2019escola. La natura i les activitats proposades van afavorir un clima de <b>germanor i conviv\u00e8ncia<\/b>, en qu\u00e8 tothom hi va trobar el seu espai i el seu moment per brillar.<\/p>\n<p style=\"text-align: justify;\">Al final del dia, la sensaci\u00f3 comuna era de felicitat i cansament agradable. Ens enduem a casa records plens de rialles, complicitats i aventures compartides. Sense cap dubte, aquesta primera sortida ha estat un magn\u00edfic punt de partida per totes les experi\u00e8ncies que encara ens esperen aquest curs.<\/p>\n<p style=\"text-align: justify;\">Cliqueu a la imatge per veure les fotos.<\/p>\n<p><a href=\"https:\/\/drive.google.com\/drive\/u\/2\/folders\/1tz36OrMcWZmcROMkbKoN5XMFMJpEzFZt\"><img loading=\"lazy\" decoding=\"async\" class=\"aligncenter size-large wp-image-18709\" src=\"https:\/\/agora.xtec.cat\/ceipreixac\/wp-content\/uploads\/usu1230\/2025\/10\/1584455086-1-can-ribas-233-38288-1024x768.jpg\" alt=\"\" width=\"1024\" height=\"768\" srcset=\"https:\/\/agora.xtec.cat\/ceipreixac\/wp-content\/uploads\/usu1230\/2025\/10\/1584455086-1-can-ribas-233-38288-1024x768.jpg 1024w, https:\/\/agora.xtec.cat\/ceipreixac\/wp-content\/uploads\/usu1230\/2025\/10\/1584455086-1-can-ribas-233-38288-300x225.jpg 300w, https:\/\/agora.xtec.cat\/ceipreixac\/wp-content\/uploads\/usu1230\/2025\/10\/1584455086-1-can-ribas-233-38288-768x576.jpg 768w, https:\/\/agora.xtec.cat\/ceipreixac\/wp-content\/uploads\/usu1230\/2025\/10\/1584455086-1-can-ribas-233-38288-200x150.jpg 200w, https:\/\/agora.xtec.cat\/ceipreixac\/wp-content\/uploads\/usu1230\/2025\/10\/1584455086-1-can-ribas-233-38288.jpg 1167w\" sizes=\"auto, (max-width: 1024px) 100vw, 1024px\" \/><\/a><\/p>\n","protected":false},"excerpt":{"rendered":"<p>El cicle inicial estrena les sortides aquest curs&hellip;  <a href=\"https:\/\/agora.xtec.cat\/ceipreixac\/portada\/primera-sortida-del-curs-a-can-ribes\/\" title=\"Read SORTIDA A CAN RIBES\">Llegeix m\u00e9s\u00bb<\/a><\/p>\n","protected":false},"author":9,"featured_media":18709,"comment_status":"open","ping_status":"open","sticky":false,"template":"","format":"standard","meta":{"_bbp_topic_count":0,"_bbp_reply_count":0,"_bbp_total_topic_count":0,"_bbp_total_reply_count":0,"_bbp_voice_count":0,"_bbp_anonymous_reply_count":0,"_bbp_topic_count_hidden":0,"_bbp_reply_count_hidden":0,"_bbp_forum_subforum_count":0,"footnotes":""},"categories":[60,1],"tags":[430,455,219],"class_list":["post-18708","post","type-post","status-publish","format-standard","has-post-thumbnail","hentry","category-cicle-inicial","category-portada","tag-can-ribes","tag-curs-25-26","tag-sortides-cicle-inicial"],"post_mailing_queue_ids":[],"_links":{"self":[{"href":"https:\/\/agora.xtec.cat\/ceipreixac\/wp-json\/wp\/v2\/posts\/18708","targetHints":{"allow":["GET"]}}],"collection":[{"href":"https:\/\/agora.xtec.cat\/ceipreixac\/wp-json\/wp\/v2\/posts"}],"about":[{"href":"https:\/\/agora.xtec.cat\/ceipreixac\/wp-json\/wp\/v2\/types\/post"}],"author":[{"embeddable":true,"href":"https:\/\/agora.xtec.cat\/ceipreixac\/wp-json\/wp\/v2\/users\/9"}],"replies":[{"embeddable":true,"href":"https:\/\/agora.xtec.cat\/ceipreixac\/wp-json\/wp\/v2\/comments?post=18708"}],"version-history":[{"count":4,"href":"https:\/\/agora.xtec.cat\/ceipreixac\/wp-json\/wp\/v2\/posts\/18708\/revisions"}],"predecessor-version":[{"id":18723,"href":"https:\/\/agora.xtec.cat\/ceipreixac\/wp-json\/wp\/v2\/posts\/18708\/revisions\/18723"}],"wp:featuredmedia":[{"embeddable":true,"href":"https:\/\/agora.xtec.cat\/ceipreixac\/wp-json\/wp\/v2\/media\/18709"}],"wp:attachment":[{"href":"https:\/\/agora.xtec.cat\/ceipreixac\/wp-json\/wp\/v2\/media?parent=18708"}],"wp:term":[{"taxonomy":"category","embeddable":true,"href":"https:\/\/agora.xtec.cat\/ceipreixac\/wp-json\/wp\/v2\/categories?post=18708"},{"taxonomy":"post_tag","embeddable":true,"href":"https:\/\/agora.xtec.cat\/ceipreixac\/wp-json\/wp\/v2\/tags?post=18708"}],"curies":[{"name":"wp","href":"https:\/\/api.w.org\/{rel}","templated":true}]}}