{"id":18651,"date":"2025-07-01T12:36:31","date_gmt":"2025-07-01T10:36:31","guid":{"rendered":"https:\/\/agora.xtec.cat\/ceipreixac\/?p=18651"},"modified":"2025-11-06T06:24:10","modified_gmt":"2025-11-06T05:24:10","slug":"adeu-promocio-2016-2025","status":"publish","type":"post","link":"https:\/\/agora.xtec.cat\/ceipreixac\/portada\/adeu-promocio-2016-2025\/","title":{"rendered":"AD\u00c9U PROMOCI\u00d3 2016-2025"},"content":{"rendered":"<p style=\"text-align: justify;\">Ara ja fa m\u00e9s d&#8217;una setmana que vam acomiadar el curs 24-25. Un dia per recordar, agrair i celebrar tot el que hem compartit durant aquests mesos i anys. Totes les viv\u00e8ncies, tots els aprenentatges, tots els intercanvis, tot all\u00f2 que ens ha perm\u00e8s cr\u00e9ixer i superar-nos.<\/p>\n<p style=\"text-align: justify;\">Arriben les vacances d&#8217;estiu i tots els infants ho viuen amb emoci\u00f3 i, a la vegada, amb una mica d&#8217;incertesa. L&#8217;escola els proporciona rutines, h\u00e0bits, const\u00e0ncia. Ara, sou les fam\u00edlies qui assumiu aquest relleu i desitgem que gaudiu molt d&#8217;aquest temps compartit.<\/p>\n<p style=\"text-align: justify;\">Una menci\u00f3 molt especial als grups de sis\u00e8 que ja tenen un peu a l&#8217;institut. Als companys que marxen, tota la sort del m\u00f3n i als habituals, ens trobarem al setembre amb molta il\u00b7lusi\u00f3 i energies renovades. Gr\u00e0cies per seguir-nos i confiar-nos els vostres fills i filles. BON ESTIU!<\/p>\n<p><a href=\"https:\/\/drive.google.com\/drive\/folders\/1sCFawjnYA4ItaF-q5VEIpAUkTTy7hyo-?usp=sharing\" target=\"_blank\" rel=\"noopener\"><img loading=\"lazy\" decoding=\"async\" class=\"alignleft size-medium wp-image-18659\" src=\"https:\/\/agora.xtec.cat\/ceipreixac\/wp-content\/uploads\/usu1230\/2025\/06\/IMG_20250620_094054279_HDR-300x225.jpg\" alt=\"\" width=\"300\" height=\"225\" srcset=\"https:\/\/agora.xtec.cat\/ceipreixac\/wp-content\/uploads\/usu1230\/2025\/06\/IMG_20250620_094054279_HDR-300x225.jpg 300w, https:\/\/agora.xtec.cat\/ceipreixac\/wp-content\/uploads\/usu1230\/2025\/06\/IMG_20250620_094054279_HDR-768x576.jpg 768w, https:\/\/agora.xtec.cat\/ceipreixac\/wp-content\/uploads\/usu1230\/2025\/06\/IMG_20250620_094054279_HDR-200x150.jpg 200w, https:\/\/agora.xtec.cat\/ceipreixac\/wp-content\/uploads\/usu1230\/2025\/06\/IMG_20250620_094054279_HDR.jpg 820w\" sizes=\"auto, (max-width: 300px) 100vw, 300px\" \/><\/a><\/p>\n<p>&nbsp;<\/p>\n","protected":false},"excerpt":{"rendered":"<p>Us deixem les fotografies del darrer acte conjunt del curs 24-25&hellip;  <a href=\"https:\/\/agora.xtec.cat\/ceipreixac\/portada\/adeu-promocio-2016-2025\/\" title=\"Read AD\u00c9U PROMOCI\u00d3 2016-2025\">Llegeix m\u00e9s\u00bb<\/a><\/p>\n","protected":false},"author":1,"featured_media":18652,"comment_status":"open","ping_status":"open","sticky":false,"template":"","format":"standard","meta":{"_bbp_topic_count":0,"_bbp_reply_count":0,"_bbp_total_topic_count":0,"_bbp_total_reply_count":0,"_bbp_voice_count":0,"_bbp_anonymous_reply_count":0,"_bbp_topic_count_hidden":0,"_bbp_reply_count_hidden":0,"_bbp_forum_subforum_count":0,"footnotes":""},"categories":[62,1],"tags":[222,361],"class_list":["post-18651","post","type-post","status-publish","format-standard","has-post-thumbnail","hentry","category-cicle-superior","category-portada","tag-comiat-6e","tag-final-de-curs"],"post_mailing_queue_ids":[],"_links":{"self":[{"href":"https:\/\/agora.xtec.cat\/ceipreixac\/wp-json\/wp\/v2\/posts\/18651","targetHints":{"allow":["GET"]}}],"collection":[{"href":"https:\/\/agora.xtec.cat\/ceipreixac\/wp-json\/wp\/v2\/posts"}],"about":[{"href":"https:\/\/agora.xtec.cat\/ceipreixac\/wp-json\/wp\/v2\/types\/post"}],"author":[{"embeddable":true,"href":"https:\/\/agora.xtec.cat\/ceipreixac\/wp-json\/wp\/v2\/users\/1"}],"replies":[{"embeddable":true,"href":"https:\/\/agora.xtec.cat\/ceipreixac\/wp-json\/wp\/v2\/comments?post=18651"}],"version-history":[{"count":2,"href":"https:\/\/agora.xtec.cat\/ceipreixac\/wp-json\/wp\/v2\/posts\/18651\/revisions"}],"predecessor-version":[{"id":18660,"href":"https:\/\/agora.xtec.cat\/ceipreixac\/wp-json\/wp\/v2\/posts\/18651\/revisions\/18660"}],"wp:featuredmedia":[{"embeddable":true,"href":"https:\/\/agora.xtec.cat\/ceipreixac\/wp-json\/wp\/v2\/media\/18652"}],"wp:attachment":[{"href":"https:\/\/agora.xtec.cat\/ceipreixac\/wp-json\/wp\/v2\/media?parent=18651"}],"wp:term":[{"taxonomy":"category","embeddable":true,"href":"https:\/\/agora.xtec.cat\/ceipreixac\/wp-json\/wp\/v2\/categories?post=18651"},{"taxonomy":"post_tag","embeddable":true,"href":"https:\/\/agora.xtec.cat\/ceipreixac\/wp-json\/wp\/v2\/tags?post=18651"}],"curies":[{"name":"wp","href":"https:\/\/api.w.org\/{rel}","templated":true}]}}