{"id":18399,"date":"2025-05-05T23:02:06","date_gmt":"2025-05-05T21:02:06","guid":{"rendered":"https:\/\/agora.xtec.cat\/ceipreixac\/?p=18399"},"modified":"2025-06-23T12:04:31","modified_gmt":"2025-06-23T10:04:31","slug":"llengua-de-signes-musicals-a-lescola","status":"publish","type":"post","link":"https:\/\/agora.xtec.cat\/ceipreixac\/portada\/llengua-de-signes-musicals-a-lescola\/","title":{"rendered":"LLENGUA DE SIGNES MUSICALS A L&#8217;ESCOLA!"},"content":{"rendered":"<p>Els grups de 3r van aprendre una can\u00e7\u00f3 &#8220;DO RE MI AL JARDI&#8221; amb les mans. Aix\u00f2 sorgeix del sistema de KODALY on cada m\u00e0 representa una nota musical<\/p>\n<p>Primer la vam aprendre amb les notes, llegint-les de la partitura, i seguidament vam posar-li a cada nota el moviment de m\u00e0 corresponent.<\/p>\n<p>Alguns voluntaris van voler gravar-se cantant i seguidament la van repetir per\u00f2 en silenci, nom\u00e9s mostrant les mans, aix\u00ed vam veure que si vingu\u00e9s algun infant amb una discapacitat auditiva total, igualment podria sentir i llegir la can\u00e7\u00f3.<\/p>\n<p>&nbsp;<\/p>\n<p>CLIQUEU SOBRE LA IMATGE!<\/p>\n<p><a href=\"https:\/\/drive.google.com\/drive\/folders\/1-4z3xdGf0Ti945AVpAAdwIrBI06BUPap?usp=sharing\"><img loading=\"lazy\" decoding=\"async\" class=\"wp-image-18400 alignleft\" src=\"https:\/\/agora.xtec.cat\/ceipreixac\/wp-content\/uploads\/usu1230\/2025\/05\/Blue-Simple-Geometric-Blank-A4-Document-Landscape-1024x724.png\" alt=\"\" width=\"238\" height=\"168\" srcset=\"https:\/\/agora.xtec.cat\/ceipreixac\/wp-content\/uploads\/usu1230\/2025\/05\/Blue-Simple-Geometric-Blank-A4-Document-Landscape-1024x724.png 1024w, https:\/\/agora.xtec.cat\/ceipreixac\/wp-content\/uploads\/usu1230\/2025\/05\/Blue-Simple-Geometric-Blank-A4-Document-Landscape-300x212.png 300w, https:\/\/agora.xtec.cat\/ceipreixac\/wp-content\/uploads\/usu1230\/2025\/05\/Blue-Simple-Geometric-Blank-A4-Document-Landscape-768x543.png 768w, https:\/\/agora.xtec.cat\/ceipreixac\/wp-content\/uploads\/usu1230\/2025\/05\/Blue-Simple-Geometric-Blank-A4-Document-Landscape-1536x1086.png 1536w, https:\/\/agora.xtec.cat\/ceipreixac\/wp-content\/uploads\/usu1230\/2025\/05\/Blue-Simple-Geometric-Blank-A4-Document-Landscape.png 2000w\" sizes=\"auto, (max-width: 238px) 100vw, 238px\" \/><\/a><\/p>\n","protected":false},"excerpt":{"rendered":"<p>Qualsevol can\u00e7\u00f3 \u00e9s adaptable al llenguatge de signes musical&hellip;  <a href=\"https:\/\/agora.xtec.cat\/ceipreixac\/portada\/llengua-de-signes-musicals-a-lescola\/\" title=\"Read LLENGUA DE SIGNES MUSICALS A L&#8217;ESCOLA!\">Llegeix m\u00e9s\u00bb<\/a><\/p>\n","protected":false},"author":9,"featured_media":18400,"comment_status":"open","ping_status":"closed","sticky":false,"template":"","format":"standard","meta":{"_bbp_topic_count":0,"_bbp_reply_count":0,"_bbp_total_topic_count":0,"_bbp_total_reply_count":0,"_bbp_voice_count":0,"_bbp_anonymous_reply_count":0,"_bbp_topic_count_hidden":0,"_bbp_reply_count_hidden":0,"_bbp_forum_subforum_count":0,"footnotes":""},"categories":[61,71,1],"tags":[277,143],"class_list":["post-18399","post","type-post","status-publish","format-standard","has-post-thumbnail","hentry","category-cicle-mitja","category-general","category-portada","tag-inclusio","tag-musica"],"post_mailing_queue_ids":[],"_links":{"self":[{"href":"https:\/\/agora.xtec.cat\/ceipreixac\/wp-json\/wp\/v2\/posts\/18399","targetHints":{"allow":["GET"]}}],"collection":[{"href":"https:\/\/agora.xtec.cat\/ceipreixac\/wp-json\/wp\/v2\/posts"}],"about":[{"href":"https:\/\/agora.xtec.cat\/ceipreixac\/wp-json\/wp\/v2\/types\/post"}],"author":[{"embeddable":true,"href":"https:\/\/agora.xtec.cat\/ceipreixac\/wp-json\/wp\/v2\/users\/9"}],"replies":[{"embeddable":true,"href":"https:\/\/agora.xtec.cat\/ceipreixac\/wp-json\/wp\/v2\/comments?post=18399"}],"version-history":[{"count":2,"href":"https:\/\/agora.xtec.cat\/ceipreixac\/wp-json\/wp\/v2\/posts\/18399\/revisions"}],"predecessor-version":[{"id":18402,"href":"https:\/\/agora.xtec.cat\/ceipreixac\/wp-json\/wp\/v2\/posts\/18399\/revisions\/18402"}],"wp:featuredmedia":[{"embeddable":true,"href":"https:\/\/agora.xtec.cat\/ceipreixac\/wp-json\/wp\/v2\/media\/18400"}],"wp:attachment":[{"href":"https:\/\/agora.xtec.cat\/ceipreixac\/wp-json\/wp\/v2\/media?parent=18399"}],"wp:term":[{"taxonomy":"category","embeddable":true,"href":"https:\/\/agora.xtec.cat\/ceipreixac\/wp-json\/wp\/v2\/categories?post=18399"},{"taxonomy":"post_tag","embeddable":true,"href":"https:\/\/agora.xtec.cat\/ceipreixac\/wp-json\/wp\/v2\/tags?post=18399"}],"curies":[{"name":"wp","href":"https:\/\/api.w.org\/{rel}","templated":true}]}}