{"id":18201,"date":"2025-03-28T17:49:14","date_gmt":"2025-03-28T16:49:14","guid":{"rendered":"https:\/\/agora.xtec.cat\/ceipreixac\/?p=18201"},"modified":"2025-03-28T17:49:33","modified_gmt":"2025-03-28T16:49:33","slug":"la-maestra-teatre-a-cicle-mitja-i-superior","status":"publish","type":"post","link":"https:\/\/agora.xtec.cat\/ceipreixac\/portada\/la-maestra-teatre-a-cicle-mitja-i-superior\/","title":{"rendered":"LA MAESTRA, teatre a Cicle Mitj\u00e0 i Superior"},"content":{"rendered":"<p>El dimarts 25 de mar\u00e7 els Cicles Mitj\u00e0 i Superior van assistir a la representaci\u00f3 de <strong>La Maestra<\/strong> al Teatre Municipal de Montcada, espectacle ofertat per l&#8217;Ajuntament dintre de la promoci\u00f3 ANEM AL TEATRE.<\/p>\n<p><em>&#8220;La mestra \u00e9s valenta, h\u00e0bil i simp\u00e0tica. Creu en les capacitats dels nens i les nenes, en les de tots i totes. La mestra i la seva petita classe han constru\u00eft junts una bella escola, una escola en el bosc amb cabuda per a tots els animals. La paraula m\u00e9s estimada per la nostra mestra \u00e9s la llibertat, per la qual cosa vol que la seva classe creixi lliurement. Desgraciadament, els majors comencen una guerra que obligar\u00e0 els nostres protagonistes a deixar enrere la seva somiada escola, una escola constru\u00efda des de l&#8217;amor i la cura m\u00fatua&#8221;.<\/em><\/p>\n<p>La hist\u00f2ria de &#8220;La Maestra&#8221; \u00e9s un intent boig i bell de ser lliure i feli\u00e7. A trav\u00e9s d&#8217;aquesta hist\u00f2ria viatgen les paraules d&#8217;aquelles valentes mestres i ens murmuren a cau d&#8217;orella que la primera condici\u00f3 per a ser lliure \u00e9s intentar-ho.<br \/>\nLa companyia Anita Maravillas ens va oferir un espectacle tendre i valent que no ens va deixar indiferents.<\/p>\n<p><a href=\"https:\/\/agora.xtec.cat\/ceipreixac\/wp-content\/uploads\/usu1230\/2025\/03\/maestra-2.jpg\"><img loading=\"lazy\" decoding=\"async\" class=\"aligncenter wp-image-18204\" src=\"https:\/\/agora.xtec.cat\/ceipreixac\/wp-content\/uploads\/usu1230\/2025\/03\/maestra-2.jpg\" alt=\"\" width=\"497\" height=\"261\" srcset=\"https:\/\/agora.xtec.cat\/ceipreixac\/wp-content\/uploads\/usu1230\/2025\/03\/maestra-2.jpg 310w, https:\/\/agora.xtec.cat\/ceipreixac\/wp-content\/uploads\/usu1230\/2025\/03\/maestra-2-300x158.jpg 300w\" sizes=\"auto, (max-width: 497px) 100vw, 497px\" \/><\/a><\/p>\n<p>&nbsp;<\/p>\n","protected":false},"excerpt":{"rendered":"<p>Cicle Mitj\u00e0 i Cicle Superior assisteixen a la representaci\u00f3 de La Maestra.&hellip;  <a href=\"https:\/\/agora.xtec.cat\/ceipreixac\/portada\/la-maestra-teatre-a-cicle-mitja-i-superior\/\" title=\"Read LA MAESTRA, teatre a Cicle Mitj\u00e0 i Superior\">Llegeix m\u00e9s\u00bb<\/a><\/p>\n","protected":false},"author":9,"featured_media":18203,"comment_status":"open","ping_status":"closed","sticky":false,"template":"","format":"standard","meta":{"_bbp_topic_count":0,"_bbp_reply_count":0,"_bbp_total_topic_count":0,"_bbp_total_reply_count":0,"_bbp_voice_count":0,"_bbp_anonymous_reply_count":0,"_bbp_topic_count_hidden":0,"_bbp_reply_count_hidden":0,"_bbp_forum_subforum_count":0,"footnotes":""},"categories":[61,62,71,1],"tags":[59,185,122,98,112],"class_list":["post-18201","post","type-post","status-publish","format-standard","has-post-thumbnail","hentry","category-cicle-mitja","category-cicle-superior","category-general","category-portada","tag-activitats-destacades","tag-cicle-mitja","tag-cicle-superior","tag-educacio-en-valors","tag-teatre"],"post_mailing_queue_ids":[],"_links":{"self":[{"href":"https:\/\/agora.xtec.cat\/ceipreixac\/wp-json\/wp\/v2\/posts\/18201","targetHints":{"allow":["GET"]}}],"collection":[{"href":"https:\/\/agora.xtec.cat\/ceipreixac\/wp-json\/wp\/v2\/posts"}],"about":[{"href":"https:\/\/agora.xtec.cat\/ceipreixac\/wp-json\/wp\/v2\/types\/post"}],"author":[{"embeddable":true,"href":"https:\/\/agora.xtec.cat\/ceipreixac\/wp-json\/wp\/v2\/users\/9"}],"replies":[{"embeddable":true,"href":"https:\/\/agora.xtec.cat\/ceipreixac\/wp-json\/wp\/v2\/comments?post=18201"}],"version-history":[{"count":6,"href":"https:\/\/agora.xtec.cat\/ceipreixac\/wp-json\/wp\/v2\/posts\/18201\/revisions"}],"predecessor-version":[{"id":18255,"href":"https:\/\/agora.xtec.cat\/ceipreixac\/wp-json\/wp\/v2\/posts\/18201\/revisions\/18255"}],"wp:featuredmedia":[{"embeddable":true,"href":"https:\/\/agora.xtec.cat\/ceipreixac\/wp-json\/wp\/v2\/media\/18203"}],"wp:attachment":[{"href":"https:\/\/agora.xtec.cat\/ceipreixac\/wp-json\/wp\/v2\/media?parent=18201"}],"wp:term":[{"taxonomy":"category","embeddable":true,"href":"https:\/\/agora.xtec.cat\/ceipreixac\/wp-json\/wp\/v2\/categories?post=18201"},{"taxonomy":"post_tag","embeddable":true,"href":"https:\/\/agora.xtec.cat\/ceipreixac\/wp-json\/wp\/v2\/tags?post=18201"}],"curies":[{"name":"wp","href":"https:\/\/api.w.org\/{rel}","templated":true}]}}