{"id":18063,"date":"2025-01-27T13:14:39","date_gmt":"2025-01-27T12:14:39","guid":{"rendered":"https:\/\/agora.xtec.cat\/ceipreixac\/?p=18063"},"modified":"2025-01-27T13:39:24","modified_gmt":"2025-01-27T12:39:24","slug":"cicle-superior-visita-el-museu-thermalia","status":"publish","type":"post","link":"https:\/\/agora.xtec.cat\/ceipreixac\/portada\/cicle-superior-visita-el-museu-thermalia\/","title":{"rendered":"CICLE SUPERIOR VISITA EL MUSEU THERM\u00c0LIA"},"content":{"rendered":"<p style=\"text-align: justify;\">Els alumnes de Cicle Superior visiten bianualment el <strong>Museu Therm\u00e0lia<\/strong> a <strong>Caldes de Montbui<\/strong>.<\/p>\n<p style=\"text-align: justify;\">Caldes, situat al Vall\u00e8s, paga la pena nom\u00e9s per fer una passejada pels seus carrers. D&#8217; una ullada podem imaginar-nos el seu esplendor\u00f3s passat: des de les termes romanes, que es conserven en molt bon estat i la Font del Lle\u00f3 (que raja a 74 graus cent\u00edgrads!), als edificis medievals, el safareig i el call jueu, per acabar amb tot un seguit d&#8217;edificis modernistes que evidencien la seva import\u00e0ncia en el m\u00f3n dels sanatoris termals.<\/p>\n<p style=\"text-align: justify;\">I \u00e9s que atret pel poder curatiu per a l&#8217; artrosis, que tant li dificultava la seva passi\u00f3, l&#8217;escultura, va arribar en Manolo Hugu\u00e9 al poble de la seva \u00e0via. I all\u00e0 s&#8217;hi va quedar fins la seva mort, amb les estimades Totote i Rosa, dona i filla de l&#8217;artista.<\/p>\n<p style=\"text-align: justify;\">De la hist\u00f2ria i obra del Manolo, dels moviments art\u00edstics on va desenvolupar la seva obra escult\u00f2rica, dels seus amics, en Casagemes i en Picasso, del devenir hist\u00f2ric que va marcar les seves vides&#8230; els nens i nenes de Superior es van &#8220;empapar&#8221; durar la visita al Museu Therm\u00e0lia. Qu\u00e8 interessant!<\/p>\n<p style=\"text-align: justify;\">Com que el Manolo Hugu\u00e9 va ser, sobretot, un escultor, vam voler emular-lo fent un taller d&#8217;escultura amb filferro. Ens va costar bastant, per\u00f2 va ser una mica m\u00e0gic experimentar com brollaven les figures humanes del no res: filferro i aire.<\/p>\n<p style=\"text-align: justify;\">Per acabar, vam dinar i jugar al magn\u00edfic Parc de Can Rius, amb els seus jocs i tirolina tan divertits! Un dia rod\u00f3 que podreu apreciar a les fotos!<\/p>\n<p><strong>AQU\u00cd EN TENIU LES FOTOS DELS 5\u00c8S<\/strong><\/p>\n<p><a href=\"https:\/\/drive.google.com\/drive\/folders\/10VJKk5qSUHQVOKuUqXwHICttKsbY65MF?usp=drive_link\"><img loading=\"lazy\" decoding=\"async\" class=\"aligncenter size-large wp-image-18068\" src=\"https:\/\/agora.xtec.cat\/ceipreixac\/wp-content\/uploads\/usu1230\/2025\/01\/20250122_112854-1-768x1024.jpg\" alt=\"\" width=\"768\" height=\"1024\" srcset=\"https:\/\/agora.xtec.cat\/ceipreixac\/wp-content\/uploads\/usu1230\/2025\/01\/20250122_112854-1-768x1024.jpg 768w, https:\/\/agora.xtec.cat\/ceipreixac\/wp-content\/uploads\/usu1230\/2025\/01\/20250122_112854-1-225x300.jpg 225w, https:\/\/agora.xtec.cat\/ceipreixac\/wp-content\/uploads\/usu1230\/2025\/01\/20250122_112854-1-1152x1536.jpg 1152w, https:\/\/agora.xtec.cat\/ceipreixac\/wp-content\/uploads\/usu1230\/2025\/01\/20250122_112854-1-rotated.jpg 1224w\" sizes=\"auto, (max-width: 768px) 100vw, 768px\" \/><\/a><\/p>\n<p><strong>AQU\u00cd EN TENIU LES FOTOS DELS 6\u00c8S<\/strong><\/p>\n<p><a href=\"https:\/\/drive.google.com\/drive\/folders\/14W4X1AzFWdeb7wriVDSkWo1EgwgauY36?usp=drive_link\"><img loading=\"lazy\" decoding=\"async\" class=\"aligncenter size-full wp-image-18067\" src=\"https:\/\/agora.xtec.cat\/ceipreixac\/wp-content\/uploads\/usu1230\/2025\/01\/1737978853546-1.jpeg\" alt=\"\" width=\"540\" height=\"960\" srcset=\"https:\/\/agora.xtec.cat\/ceipreixac\/wp-content\/uploads\/usu1230\/2025\/01\/1737978853546-1.jpeg 540w, https:\/\/agora.xtec.cat\/ceipreixac\/wp-content\/uploads\/usu1230\/2025\/01\/1737978853546-1-169x300.jpeg 169w\" sizes=\"auto, (max-width: 540px) 100vw, 540px\" \/><\/a><\/p>\n","protected":false},"excerpt":{"rendered":"<p>Una jornada combinada d&#8217;art i natura!&hellip;  <a href=\"https:\/\/agora.xtec.cat\/ceipreixac\/portada\/cicle-superior-visita-el-museu-thermalia\/\" title=\"Read CICLE SUPERIOR VISITA EL MUSEU THERM\u00c0LIA\">Llegeix m\u00e9s\u00bb<\/a><\/p>\n","protected":false},"author":9,"featured_media":18071,"comment_status":"open","ping_status":"closed","sticky":false,"template":"","format":"standard","meta":{"_bbp_topic_count":0,"_bbp_reply_count":0,"_bbp_total_topic_count":0,"_bbp_total_reply_count":0,"_bbp_voice_count":0,"_bbp_anonymous_reply_count":0,"_bbp_topic_count_hidden":0,"_bbp_reply_count_hidden":0,"_bbp_forum_subforum_count":0,"footnotes":""},"categories":[62,71,1],"tags":[122,87,333,16],"class_list":["post-18063","post","type-post","status-publish","format-standard","has-post-thumbnail","hentry","category-cicle-superior","category-general","category-portada","tag-cicle-superior","tag-experimentacio","tag-museus","tag-sortides"],"post_mailing_queue_ids":[],"_links":{"self":[{"href":"https:\/\/agora.xtec.cat\/ceipreixac\/wp-json\/wp\/v2\/posts\/18063","targetHints":{"allow":["GET"]}}],"collection":[{"href":"https:\/\/agora.xtec.cat\/ceipreixac\/wp-json\/wp\/v2\/posts"}],"about":[{"href":"https:\/\/agora.xtec.cat\/ceipreixac\/wp-json\/wp\/v2\/types\/post"}],"author":[{"embeddable":true,"href":"https:\/\/agora.xtec.cat\/ceipreixac\/wp-json\/wp\/v2\/users\/9"}],"replies":[{"embeddable":true,"href":"https:\/\/agora.xtec.cat\/ceipreixac\/wp-json\/wp\/v2\/comments?post=18063"}],"version-history":[{"count":6,"href":"https:\/\/agora.xtec.cat\/ceipreixac\/wp-json\/wp\/v2\/posts\/18063\/revisions"}],"predecessor-version":[{"id":18082,"href":"https:\/\/agora.xtec.cat\/ceipreixac\/wp-json\/wp\/v2\/posts\/18063\/revisions\/18082"}],"wp:featuredmedia":[{"embeddable":true,"href":"https:\/\/agora.xtec.cat\/ceipreixac\/wp-json\/wp\/v2\/media\/18071"}],"wp:attachment":[{"href":"https:\/\/agora.xtec.cat\/ceipreixac\/wp-json\/wp\/v2\/media?parent=18063"}],"wp:term":[{"taxonomy":"category","embeddable":true,"href":"https:\/\/agora.xtec.cat\/ceipreixac\/wp-json\/wp\/v2\/categories?post=18063"},{"taxonomy":"post_tag","embeddable":true,"href":"https:\/\/agora.xtec.cat\/ceipreixac\/wp-json\/wp\/v2\/tags?post=18063"}],"curies":[{"name":"wp","href":"https:\/\/api.w.org\/{rel}","templated":true}]}}