{"id":17622,"date":"2024-07-01T15:18:56","date_gmt":"2024-07-01T13:18:56","guid":{"rendered":"https:\/\/agora.xtec.cat\/ceipreixac\/?p=17622"},"modified":"2024-07-01T15:18:56","modified_gmt":"2024-07-01T13:18:56","slug":"acte-de-graduacio-de-sise-2024","status":"publish","type":"post","link":"https:\/\/agora.xtec.cat\/ceipreixac\/portada\/acte-de-graduacio-de-sise-2024\/","title":{"rendered":"ACTE DE GRADUACI\u00d3 DE SIS\u00c8 2024"},"content":{"rendered":"<p style=\"text-align: justify;\">El dia 21 de juny va ser un dia molt emotiu per a tots els docents i estudiants. Un dia de cloenda per celebrar el curs 23-24. Una jornada m\u00e9s especial encara, per als alumnes de sis\u00e8, que finalitzen la seva traject\u00f2ria a l&#8217;escola de prim\u00e0ria.<\/p>\n<p style=\"text-align: justify;\">Molts dels mestres que els han acompanyat durant aquests anys, els vas dedicar unes sentides paraules. Tamb\u00e9 van rebre l&#8217;afecte i el suport de tots els infants de l&#8217;escola. Una etapa que conclou per\u00f2 que alhora, marca l&#8217;inici de nous viatges. Us desitgem molta sort en aquesta nova etapa que inicieu i ja sabeu que al Reixac sempre us rebrem amb els bra\u00e7os oberts. MOLTA SORT I LLARG VIATGE!<\/p>\n<p><a href=\"https:\/\/drive.google.com\/drive\/folders\/1CHrXqxio-y02QWvdn5GNbUcCkDjYS01R?usp=sharing\" target=\"_blank\" rel=\"noopener\"><img loading=\"lazy\" decoding=\"async\" class=\"alignleft size-medium wp-image-17623\" src=\"https:\/\/agora.xtec.cat\/ceipreixac\/wp-content\/uploads\/usu1230\/2024\/07\/comiat2-300x234.png\" alt=\"\" width=\"300\" height=\"234\" srcset=\"https:\/\/agora.xtec.cat\/ceipreixac\/wp-content\/uploads\/usu1230\/2024\/07\/comiat2-300x234.png 300w, https:\/\/agora.xtec.cat\/ceipreixac\/wp-content\/uploads\/usu1230\/2024\/07\/comiat2.png 762w\" sizes=\"auto, (max-width: 300px) 100vw, 300px\" \/><\/a><\/p>\n","protected":false},"excerpt":{"rendered":"<p>Molta sort i llarg cam\u00ed&hellip;  <a href=\"https:\/\/agora.xtec.cat\/ceipreixac\/portada\/acte-de-graduacio-de-sise-2024\/\" title=\"Read ACTE DE GRADUACI\u00d3 DE SIS\u00c8 2024\">Llegeix m\u00e9s\u00bb<\/a><\/p>\n","protected":false},"author":1,"featured_media":17624,"comment_status":"open","ping_status":"closed","sticky":false,"template":"","format":"standard","meta":{"_bbp_topic_count":0,"_bbp_reply_count":0,"_bbp_total_topic_count":0,"_bbp_total_reply_count":0,"_bbp_voice_count":0,"_bbp_anonymous_reply_count":0,"_bbp_topic_count_hidden":0,"_bbp_reply_count_hidden":0,"_bbp_forum_subforum_count":0,"footnotes":""},"categories":[62,71,1],"tags":[222,361],"class_list":["post-17622","post","type-post","status-publish","format-standard","has-post-thumbnail","hentry","category-cicle-superior","category-general","category-portada","tag-comiat-6e","tag-final-de-curs"],"post_mailing_queue_ids":[],"_links":{"self":[{"href":"https:\/\/agora.xtec.cat\/ceipreixac\/wp-json\/wp\/v2\/posts\/17622","targetHints":{"allow":["GET"]}}],"collection":[{"href":"https:\/\/agora.xtec.cat\/ceipreixac\/wp-json\/wp\/v2\/posts"}],"about":[{"href":"https:\/\/agora.xtec.cat\/ceipreixac\/wp-json\/wp\/v2\/types\/post"}],"author":[{"embeddable":true,"href":"https:\/\/agora.xtec.cat\/ceipreixac\/wp-json\/wp\/v2\/users\/1"}],"replies":[{"embeddable":true,"href":"https:\/\/agora.xtec.cat\/ceipreixac\/wp-json\/wp\/v2\/comments?post=17622"}],"version-history":[{"count":2,"href":"https:\/\/agora.xtec.cat\/ceipreixac\/wp-json\/wp\/v2\/posts\/17622\/revisions"}],"predecessor-version":[{"id":17626,"href":"https:\/\/agora.xtec.cat\/ceipreixac\/wp-json\/wp\/v2\/posts\/17622\/revisions\/17626"}],"wp:featuredmedia":[{"embeddable":true,"href":"https:\/\/agora.xtec.cat\/ceipreixac\/wp-json\/wp\/v2\/media\/17624"}],"wp:attachment":[{"href":"https:\/\/agora.xtec.cat\/ceipreixac\/wp-json\/wp\/v2\/media?parent=17622"}],"wp:term":[{"taxonomy":"category","embeddable":true,"href":"https:\/\/agora.xtec.cat\/ceipreixac\/wp-json\/wp\/v2\/categories?post=17622"},{"taxonomy":"post_tag","embeddable":true,"href":"https:\/\/agora.xtec.cat\/ceipreixac\/wp-json\/wp\/v2\/tags?post=17622"}],"curies":[{"name":"wp","href":"https:\/\/api.w.org\/{rel}","templated":true}]}}