{"id":17522,"date":"2024-06-13T10:07:55","date_gmt":"2024-06-13T08:07:55","guid":{"rendered":"https:\/\/agora.xtec.cat\/ceipreixac\/?p=17522"},"modified":"2024-06-17T13:18:28","modified_gmt":"2024-06-17T11:18:28","slug":"visita-alumnes-ebm-can-casamada","status":"publish","type":"post","link":"https:\/\/agora.xtec.cat\/ceipreixac\/portada\/visita-alumnes-ebm-can-casamada\/","title":{"rendered":"VISITA ALUMNES EBM CAN CASAMADA"},"content":{"rendered":"<p style=\"text-align: justify;\">Ara fa unes jornades, uns quants alumnes de l&#8217;escola Bressol Can Casamada van venir a veure l&#8217;escola dels grans. En poc m\u00e9s de tres mesos faran el salt a l&#8217;escola de prim\u00e0ria. Per fer el despla\u00e7ament v\u00e0rem comptar amb el suport d&#8217;un grup d&#8217;alumnes del cicle superior.<\/p>\n<p style=\"text-align: justify;\">A m\u00e9s a m\u00e9s de compartir l&#8217;esmorzar i una estona de pati, v\u00e0rem preparar diferents propostes per donar a con\u00e8ixer als menuts alguna de les moltes activitats que fem a l&#8217;escola: joc simb\u00f2lic, construccions, treball de dits fins, psicomotricitat, taules d&#8217;experimentaci\u00f3&#8230; Els alumnes inicien aix\u00ed els vincles amb l&#8217;escola que, segurament, els acollir\u00e0 al setembre i tamb\u00e9 ens permet intercanviar experi\u00e8ncies i maneres de fer als diferents professionals que hi intervenim. El moment en qu\u00e8 els germans i familiars m\u00e9s grans van baixar a retrobar-se amb els m\u00e9s petits va ser molt, molt emotiu i tamb\u00e9, la retrobada entre els nostres alumnes d&#8217;I3 i les antigues mestres de la bressol.<\/p>\n<p>Continuem treballant per fian\u00e7ar les vincles, les relacions i els intercanvis entre els diferents centres i estaments del territori. Gr\u00e0cies per visitar-nos un any m\u00e9s, Can Casamada!<\/p>\n<p><a href=\"https:\/\/drive.google.com\/drive\/folders\/1LdvVeZWCogXt9As3kBo5CC6j6_Un5W0o?usp=sharing\" target=\"_blank\" rel=\"noopener\"><img loading=\"lazy\" decoding=\"async\" class=\"alignleft size-medium wp-image-17524\" src=\"https:\/\/agora.xtec.cat\/ceipreixac\/wp-content\/uploads\/usu1230\/2024\/06\/2-300x191.png\" alt=\"\" width=\"300\" height=\"191\" srcset=\"https:\/\/agora.xtec.cat\/ceipreixac\/wp-content\/uploads\/usu1230\/2024\/06\/2-300x191.png 300w, https:\/\/agora.xtec.cat\/ceipreixac\/wp-content\/uploads\/usu1230\/2024\/06\/2-1024x653.png 1024w, https:\/\/agora.xtec.cat\/ceipreixac\/wp-content\/uploads\/usu1230\/2024\/06\/2-768x490.png 768w, https:\/\/agora.xtec.cat\/ceipreixac\/wp-content\/uploads\/usu1230\/2024\/06\/2.png 1206w\" sizes=\"auto, (max-width: 300px) 100vw, 300px\" \/><\/a><\/p>\n","protected":false},"excerpt":{"rendered":"<p>Una visita d&#8217;all\u00f2 m\u00e9s emotiva i especial&hellip;  <a href=\"https:\/\/agora.xtec.cat\/ceipreixac\/portada\/visita-alumnes-ebm-can-casamada\/\" title=\"Read VISITA ALUMNES EBM CAN CASAMADA\">Llegeix m\u00e9s\u00bb<\/a><\/p>\n","protected":false},"author":1,"featured_media":17525,"comment_status":"open","ping_status":"closed","sticky":false,"template":"","format":"standard","meta":{"_bbp_topic_count":0,"_bbp_reply_count":0,"_bbp_total_topic_count":0,"_bbp_total_reply_count":0,"_bbp_voice_count":0,"_bbp_anonymous_reply_count":0,"_bbp_topic_count_hidden":0,"_bbp_reply_count_hidden":0,"_bbp_forum_subforum_count":0,"footnotes":""},"categories":[62,2,1],"tags":[389,387,355,354],"class_list":["post-17522","post","type-post","status-publish","format-standard","has-post-thumbnail","hentry","category-cicle-superior","category-infantil","category-portada","tag-can-casamada","tag-entre-escoles","tag-escola-bressol","tag-transicio-entre-etapes"],"post_mailing_queue_ids":[],"_links":{"self":[{"href":"https:\/\/agora.xtec.cat\/ceipreixac\/wp-json\/wp\/v2\/posts\/17522","targetHints":{"allow":["GET"]}}],"collection":[{"href":"https:\/\/agora.xtec.cat\/ceipreixac\/wp-json\/wp\/v2\/posts"}],"about":[{"href":"https:\/\/agora.xtec.cat\/ceipreixac\/wp-json\/wp\/v2\/types\/post"}],"author":[{"embeddable":true,"href":"https:\/\/agora.xtec.cat\/ceipreixac\/wp-json\/wp\/v2\/users\/1"}],"replies":[{"embeddable":true,"href":"https:\/\/agora.xtec.cat\/ceipreixac\/wp-json\/wp\/v2\/comments?post=17522"}],"version-history":[{"count":2,"href":"https:\/\/agora.xtec.cat\/ceipreixac\/wp-json\/wp\/v2\/posts\/17522\/revisions"}],"predecessor-version":[{"id":17526,"href":"https:\/\/agora.xtec.cat\/ceipreixac\/wp-json\/wp\/v2\/posts\/17522\/revisions\/17526"}],"wp:featuredmedia":[{"embeddable":true,"href":"https:\/\/agora.xtec.cat\/ceipreixac\/wp-json\/wp\/v2\/media\/17525"}],"wp:attachment":[{"href":"https:\/\/agora.xtec.cat\/ceipreixac\/wp-json\/wp\/v2\/media?parent=17522"}],"wp:term":[{"taxonomy":"category","embeddable":true,"href":"https:\/\/agora.xtec.cat\/ceipreixac\/wp-json\/wp\/v2\/categories?post=17522"},{"taxonomy":"post_tag","embeddable":true,"href":"https:\/\/agora.xtec.cat\/ceipreixac\/wp-json\/wp\/v2\/tags?post=17522"}],"curies":[{"name":"wp","href":"https:\/\/api.w.org\/{rel}","templated":true}]}}