{"id":17496,"date":"2024-06-06T20:26:53","date_gmt":"2024-06-06T18:26:53","guid":{"rendered":"https:\/\/agora.xtec.cat\/ceipreixac\/?p=17496"},"modified":"2024-06-06T20:26:53","modified_gmt":"2024-06-06T18:26:53","slug":"sents-els-tambors-al-reixac","status":"publish","type":"post","link":"https:\/\/agora.xtec.cat\/ceipreixac\/portada\/sents-els-tambors-al-reixac\/","title":{"rendered":"SENTS ELS TAMBORS AL REIXAC?"},"content":{"rendered":"<p>El dijous 7 de juny s&#8217;han sentit tambors, parlant amb propietat. <em>djembes,<\/em> durant tot el mat\u00ed a l&#8217;escola!<\/p>\n<p>Per\u00f2 no tambors de guerra, sin\u00f3 de joia i alegria de viure. El tallerista David Egea \u00e9s un m\u00fasic percussionista i enamorat de la cultura africana i de la seva m\u00fasica.\u00a0 A Sabadell desenvolupa el seu project <em>&#8220;<strong>Inuwali ki Fany<\/strong><\/em>&#8220;, <strong>moltes gr\u00e0cies<\/strong> en Susu, llengua de Guinea Conakry, on ha passat temporades estudiant i aprenent. Inuwali ki Fany\u00a0 neix amb l&#8217;objectiu de compartir i divulgar la dansa i la percussi\u00f3 tradicional &#8230; I tant que ho aconsegueix!<\/p>\n<p>Al sentit del ritme i la m\u00fasica africana li devem molts dels estils que ara escoltem i ballem: rock, blues, reggae, jazz, reggaeton, samba i un llarg etc\u00e8tera de ritmes\u00a0 que tenen les seves arrels a \u00c0frica, que van arribar a Europa i Am\u00e8rica de la m\u00e0 de l&#8217;esclavitud, i s&#8217;han anat transformant.<\/p>\n<p>El David, des d&#8217;un profund respecte cap a la cultura del continent ve\u00ed, ens ha ensenyat no nom\u00e9s a tocar el <em>djembe,\u00a0<\/em>sin\u00f3 tamb\u00e9 com sonen el <em>balafon (<\/em>l&#8217;avi del nostre xil\u00f2fon),\u00a0 el <em>dundunba<\/em>, el <em>sambang<\/em>, el <em>kamele n&#8217;goni<\/em>, el <em>kenkeni<\/em> o el <em>krin, <\/em>instruments de pa\u00efsos de l&#8217;oest afric\u00e0.<\/p>\n<p>A cicle superior hem passat un mat\u00ed extraordinari.<\/p>\n<p><strong><em>Inuwali ki Fany <\/em><\/strong>David!<\/p>\n<p><a href=\"https:\/\/drive.google.com\/drive\/folders\/1fDrQ3SNU3Vn6KxnwmRJ72KkJn0Kv1PvL?usp=drive_link\"><img loading=\"lazy\" decoding=\"async\" class=\"aligncenter size-large wp-image-17498\" src=\"https:\/\/agora.xtec.cat\/ceipreixac\/wp-content\/uploads\/usu1230\/2024\/06\/IMG_20240606_093453-1-1024x768.jpg\" alt=\"\" width=\"1024\" height=\"768\" srcset=\"https:\/\/agora.xtec.cat\/ceipreixac\/wp-content\/uploads\/usu1230\/2024\/06\/IMG_20240606_093453-1-1024x768.jpg 1024w, https:\/\/agora.xtec.cat\/ceipreixac\/wp-content\/uploads\/usu1230\/2024\/06\/IMG_20240606_093453-1-300x225.jpg 300w, https:\/\/agora.xtec.cat\/ceipreixac\/wp-content\/uploads\/usu1230\/2024\/06\/IMG_20240606_093453-1-768x576.jpg 768w, https:\/\/agora.xtec.cat\/ceipreixac\/wp-content\/uploads\/usu1230\/2024\/06\/IMG_20240606_093453-1-1536x1152.jpg 1536w, https:\/\/agora.xtec.cat\/ceipreixac\/wp-content\/uploads\/usu1230\/2024\/06\/IMG_20240606_093453-1-200x150.jpg 200w, https:\/\/agora.xtec.cat\/ceipreixac\/wp-content\/uploads\/usu1230\/2024\/06\/IMG_20240606_093453-1.jpg 2000w\" sizes=\"auto, (max-width: 1024px) 100vw, 1024px\" \/><\/a><\/p>\n<p>&nbsp;<\/p>\n","protected":false},"excerpt":{"rendered":"<p>Taller de percussi\u00f3 a CS.&hellip;  <a href=\"https:\/\/agora.xtec.cat\/ceipreixac\/portada\/sents-els-tambors-al-reixac\/\" title=\"Read SENTS ELS TAMBORS AL REIXAC?\">Llegeix m\u00e9s\u00bb<\/a><\/p>\n","protected":false},"author":9,"featured_media":17498,"comment_status":"open","ping_status":"closed","sticky":false,"template":"","format":"standard","meta":{"_bbp_topic_count":0,"_bbp_reply_count":0,"_bbp_total_topic_count":0,"_bbp_total_reply_count":0,"_bbp_voice_count":0,"_bbp_anonymous_reply_count":0,"_bbp_topic_count_hidden":0,"_bbp_reply_count_hidden":0,"_bbp_forum_subforum_count":0,"footnotes":""},"categories":[62,71,1],"tags":[59,122,98,143],"class_list":["post-17496","post","type-post","status-publish","format-standard","has-post-thumbnail","hentry","category-cicle-superior","category-general","category-portada","tag-activitats-destacades","tag-cicle-superior","tag-educacio-en-valors","tag-musica"],"post_mailing_queue_ids":[],"_links":{"self":[{"href":"https:\/\/agora.xtec.cat\/ceipreixac\/wp-json\/wp\/v2\/posts\/17496","targetHints":{"allow":["GET"]}}],"collection":[{"href":"https:\/\/agora.xtec.cat\/ceipreixac\/wp-json\/wp\/v2\/posts"}],"about":[{"href":"https:\/\/agora.xtec.cat\/ceipreixac\/wp-json\/wp\/v2\/types\/post"}],"author":[{"embeddable":true,"href":"https:\/\/agora.xtec.cat\/ceipreixac\/wp-json\/wp\/v2\/users\/9"}],"replies":[{"embeddable":true,"href":"https:\/\/agora.xtec.cat\/ceipreixac\/wp-json\/wp\/v2\/comments?post=17496"}],"version-history":[{"count":3,"href":"https:\/\/agora.xtec.cat\/ceipreixac\/wp-json\/wp\/v2\/posts\/17496\/revisions"}],"predecessor-version":[{"id":17500,"href":"https:\/\/agora.xtec.cat\/ceipreixac\/wp-json\/wp\/v2\/posts\/17496\/revisions\/17500"}],"wp:featuredmedia":[{"embeddable":true,"href":"https:\/\/agora.xtec.cat\/ceipreixac\/wp-json\/wp\/v2\/media\/17498"}],"wp:attachment":[{"href":"https:\/\/agora.xtec.cat\/ceipreixac\/wp-json\/wp\/v2\/media?parent=17496"}],"wp:term":[{"taxonomy":"category","embeddable":true,"href":"https:\/\/agora.xtec.cat\/ceipreixac\/wp-json\/wp\/v2\/categories?post=17496"},{"taxonomy":"post_tag","embeddable":true,"href":"https:\/\/agora.xtec.cat\/ceipreixac\/wp-json\/wp\/v2\/tags?post=17496"}],"curies":[{"name":"wp","href":"https:\/\/api.w.org\/{rel}","templated":true}]}}