{"id":17326,"date":"2024-05-06T16:25:48","date_gmt":"2024-05-06T14:25:48","guid":{"rendered":"https:\/\/agora.xtec.cat\/ceipreixac\/?p=17326"},"modified":"2024-05-06T19:40:40","modified_gmt":"2024-05-06T17:40:40","slug":"una-jornada-per-coneixer-nos-fedac-i-reixac","status":"publish","type":"post","link":"https:\/\/agora.xtec.cat\/ceipreixac\/portada\/una-jornada-per-coneixer-nos-fedac-i-reixac\/","title":{"rendered":"UNA JORNADA PER CONEIXE&#8217;NS: FEDAC I REIXAC"},"content":{"rendered":"<p style=\"text-align: justify;\">El dimarts dia 30 v\u00e0rem viure una sessi\u00f3 del tot extraordin\u00e0ria al centre. Els alumnes delegats i delegades de prim\u00e0ria, van fer d&#8217;amfitrions, rebent als alumnes de l&#8217;escola FEDAC. Aquest curs, les dues escoles hem treballat plegats en un projecte com\u00fa: EL MURAL COL.LABORATIU. L&#8217;Ajuntament, a trav\u00e9s de les Regidories d&#8217;Educaci\u00f3 i Urbanisme, ens van fer l&#8217;enc\u00e0rrec d&#8217;idear les pintures que han de guarnir el pont soterrani per accedir a la Casa de la Vila. Un espai p\u00fablic pel qual passem di\u00e0riament centenars &#8211; sin\u00f3 milers- de persones. Un lloc de pas, de transit i d&#8217;uni\u00f3 entre diferents seccions del territori que volem dignificar, com a espai de pas per a les escoles.<\/p>\n<p style=\"text-align: justify;\">Els infants dels dos centres han ideat m\u00e9s de 800 imatges. D&#8217;entre elles, v\u00e0rem fer una preselecci\u00f3 que v\u00e0rem compartir durant la trobada. A m\u00e9s a m\u00e9s, tamb\u00e9 vam fer diverses din\u00e0miques de coneixen\u00e7a i cooperaci\u00f3, per tal de fer palesa la import\u00e0ncia del treball en equip. Finalment, v\u00e0rem posar a prova els seus coneixements sobre la hist\u00f2ria i els personatges m\u00e9s rellevant de Montcada i Reixac i val a dir, qu\u00e8 van superar el kahoot amb molt d&#8217;encert.<\/p>\n<p style=\"text-align: justify;\">Una jornada que marca una punt d&#8217;inflexi\u00f3 en aquest projecte que ara dep\u00e8n del consistori per tal de poder materialitzar-lo. Gr\u00e0cies, infants! Va ser un dia per al record que esperem, no oblideu mai.<\/p>\n<p><a href=\"https:\/\/drive.google.com\/drive\/folders\/1GDVSoteGmW67JMRxN6tBqw90wGUt9JTK?usp=sharing\" target=\"_blank\" rel=\"noopener\"><img loading=\"lazy\" decoding=\"async\" class=\"size-medium wp-image-17329 aligncenter\" src=\"https:\/\/agora.xtec.cat\/ceipreixac\/wp-content\/uploads\/usu1230\/2024\/05\/IMG_20240430_102216397_HDR-300x225.jpg\" alt=\"\" width=\"300\" height=\"225\" srcset=\"https:\/\/agora.xtec.cat\/ceipreixac\/wp-content\/uploads\/usu1230\/2024\/05\/IMG_20240430_102216397_HDR-300x225.jpg 300w, https:\/\/agora.xtec.cat\/ceipreixac\/wp-content\/uploads\/usu1230\/2024\/05\/IMG_20240430_102216397_HDR-1024x768.jpg 1024w, https:\/\/agora.xtec.cat\/ceipreixac\/wp-content\/uploads\/usu1230\/2024\/05\/IMG_20240430_102216397_HDR-768x576.jpg 768w, https:\/\/agora.xtec.cat\/ceipreixac\/wp-content\/uploads\/usu1230\/2024\/05\/IMG_20240430_102216397_HDR-1536x1152.jpg 1536w, https:\/\/agora.xtec.cat\/ceipreixac\/wp-content\/uploads\/usu1230\/2024\/05\/IMG_20240430_102216397_HDR-200x150.jpg 200w, https:\/\/agora.xtec.cat\/ceipreixac\/wp-content\/uploads\/usu1230\/2024\/05\/IMG_20240430_102216397_HDR.jpg 2048w\" sizes=\"auto, (max-width: 300px) 100vw, 300px\" \/><\/a><\/p>\n","protected":false},"excerpt":{"rendered":"<p>Trobada entre escoles per un treball conjunt&hellip;  <a href=\"https:\/\/agora.xtec.cat\/ceipreixac\/portada\/una-jornada-per-coneixer-nos-fedac-i-reixac\/\" title=\"Read UNA JORNADA PER CONEIXE&#8217;NS: FEDAC I REIXAC\">Llegeix m\u00e9s\u00bb<\/a><\/p>\n","protected":false},"author":1,"featured_media":17328,"comment_status":"open","ping_status":"closed","sticky":false,"template":"","format":"standard","meta":{"_bbp_topic_count":0,"_bbp_reply_count":0,"_bbp_total_topic_count":0,"_bbp_total_reply_count":0,"_bbp_voice_count":0,"_bbp_anonymous_reply_count":0,"_bbp_topic_count_hidden":0,"_bbp_reply_count_hidden":0,"_bbp_forum_subforum_count":0,"footnotes":""},"categories":[71,1],"tags":[387,377,183],"class_list":["post-17326","post","type-post","status-publish","format-standard","has-post-thumbnail","hentry","category-general","category-portada","tag-entre-escoles","tag-mural-col-laboratiu","tag-trobada-de-delegats-es"],"post_mailing_queue_ids":[],"_links":{"self":[{"href":"https:\/\/agora.xtec.cat\/ceipreixac\/wp-json\/wp\/v2\/posts\/17326","targetHints":{"allow":["GET"]}}],"collection":[{"href":"https:\/\/agora.xtec.cat\/ceipreixac\/wp-json\/wp\/v2\/posts"}],"about":[{"href":"https:\/\/agora.xtec.cat\/ceipreixac\/wp-json\/wp\/v2\/types\/post"}],"author":[{"embeddable":true,"href":"https:\/\/agora.xtec.cat\/ceipreixac\/wp-json\/wp\/v2\/users\/1"}],"replies":[{"embeddable":true,"href":"https:\/\/agora.xtec.cat\/ceipreixac\/wp-json\/wp\/v2\/comments?post=17326"}],"version-history":[{"count":5,"href":"https:\/\/agora.xtec.cat\/ceipreixac\/wp-json\/wp\/v2\/posts\/17326\/revisions"}],"predecessor-version":[{"id":17333,"href":"https:\/\/agora.xtec.cat\/ceipreixac\/wp-json\/wp\/v2\/posts\/17326\/revisions\/17333"}],"wp:featuredmedia":[{"embeddable":true,"href":"https:\/\/agora.xtec.cat\/ceipreixac\/wp-json\/wp\/v2\/media\/17328"}],"wp:attachment":[{"href":"https:\/\/agora.xtec.cat\/ceipreixac\/wp-json\/wp\/v2\/media?parent=17326"}],"wp:term":[{"taxonomy":"category","embeddable":true,"href":"https:\/\/agora.xtec.cat\/ceipreixac\/wp-json\/wp\/v2\/categories?post=17326"},{"taxonomy":"post_tag","embeddable":true,"href":"https:\/\/agora.xtec.cat\/ceipreixac\/wp-json\/wp\/v2\/tags?post=17326"}],"curies":[{"name":"wp","href":"https:\/\/api.w.org\/{rel}","templated":true}]}}