{"id":16969,"date":"2024-02-14T14:00:56","date_gmt":"2024-02-14T13:00:56","guid":{"rendered":"https:\/\/agora.xtec.cat\/ceipreixac\/?p=16969"},"modified":"2024-02-22T12:11:53","modified_gmt":"2024-02-22T11:11:53","slug":"dia-internacional-de-la-llengua-materna-2024","status":"publish","type":"post","link":"https:\/\/agora.xtec.cat\/ceipreixac\/portada\/dia-internacional-de-la-llengua-materna-2024\/","title":{"rendered":"DIA INTERNACIONAL DE LA LLENGUA MATERNA 2024"},"content":{"rendered":"<p style=\"text-align: justify;\">El dia 21 de febrer es commemora el <em>Dia Internacional de la llengua materna<\/em>, proclamat per la UNESCO l&#8217;any 1999 en reconeixement a uns joves estudiants que van morir en defensa de la seva llengua, el bangla, originaris del Pakistan.<\/p>\n<p style=\"text-align: justify;\">La llengua \u00e9s l&#8217;instrument m\u00e9s poder\u00f3s per a la conservaci\u00f3 i el desenvolupament del patrimoni cultural que tenim. Per aquest motiu \u00e9s tan important recon\u00e8ixer el valor de la diversitat ling\u00fc\u00edstica i cultural i la promoci\u00f3 del pluriling\u00fcisme a les aules.<\/p>\n<p style=\"text-align: justify;\">Aquest any, novament, ens hem afegit a la proposta encap\u00e7alada pels <em>Serveis Educatius<\/em> a trav\u00e9s del<em> Pla Educatiu d&#8217;Entorn<\/em> per tal de donar visibilitat i posar en valor algunes de les nombroses lleng\u00fces de les diferents fam\u00edlies de l&#8217;escola. Un total de 14 alumnes han participat de manera volunt\u00e0ria en el recull de moixaines o can\u00e7ons d&#8217;infantesa, en diferents lleng\u00fces. Can\u00e7ons en portugu\u00e8s, angl\u00e8s, ghan\u00e8s, marroqu\u00ed, pakistan\u00e8s i polon\u00e8s. Una collita que podria haver estat molt m\u00e9s nombrosa, donada la gran diversitat del centre.<\/p>\n<p style=\"text-align: justify;\">Agra\u00efm enormement la participaci\u00f3 volunt\u00e0ria de l&#8217;alumnat i la imprescindible col\u00b7laboraci\u00f3 de les fam\u00edlies. Podeu veure als infants <a href=\"https:\/\/drive.google.com\/drive\/folders\/16x8qMbLuLZ3H02jtl94wuA-mZXcPW5jS?usp=sharing\" target=\"_blank\" rel=\"noopener\">interpretant les can\u00e7ons<\/a>, i tamb\u00e9 podeu consultar la <a href=\"https:\/\/drive.google.com\/file\/d\/1b5bOSvR_TdTlsYabF3e_F4ArOnaDbrBm\/view?usp=sharing\" target=\"_blank\" rel=\"noopener\">transcripci\u00f3 de les lletres en la llengua original, i en la seva traducci\u00f3 al catal\u00e0.<\/a> Un recorregut que tamb\u00e9 es far\u00e0 a les aules. Una petita mostra de l&#8217;enorme riquesa que les fam\u00edlies aporteu a l&#8217;escola. Unes lleng\u00fces que malgrat i ser molt desconegudes per alguns, avui ja s\u00f3n una mica m\u00e9s properes a tothom.<\/p>\n<p><a href=\"https:\/\/drive.google.com\/drive\/folders\/1prmOxK6Y_s19FnlUVjq-T9_D3XnIyYGs?usp=sharing\" target=\"_blank\" rel=\"noopener\"><img loading=\"lazy\" decoding=\"async\" class=\"size-medium wp-image-16973 aligncenter\" src=\"https:\/\/agora.xtec.cat\/ceipreixac\/wp-content\/uploads\/usu1230\/2024\/02\/gracias-thank-you-spanish-word-600w-1424745953-300x237.webp\" alt=\"\" width=\"300\" height=\"237\" srcset=\"https:\/\/agora.xtec.cat\/ceipreixac\/wp-content\/uploads\/usu1230\/2024\/02\/gracias-thank-you-spanish-word-600w-1424745953-300x237.webp 300w, https:\/\/agora.xtec.cat\/ceipreixac\/wp-content\/uploads\/usu1230\/2024\/02\/gracias-thank-you-spanish-word-600w-1424745953.webp 600w\" sizes=\"auto, (max-width: 300px) 100vw, 300px\" \/><\/a><\/p>\n","protected":false},"excerpt":{"rendered":"<p>Celebrem el Dia Internacional de la llengua materna a trav\u00e9s de can\u00e7ons infantils&hellip;  <a href=\"https:\/\/agora.xtec.cat\/ceipreixac\/portada\/dia-internacional-de-la-llengua-materna-2024\/\" title=\"Read DIA INTERNACIONAL DE LA LLENGUA MATERNA 2024\">Llegeix m\u00e9s\u00bb<\/a><\/p>\n","protected":false},"author":1,"featured_media":16971,"comment_status":"open","ping_status":"closed","sticky":false,"template":"","format":"standard","meta":{"_bbp_topic_count":0,"_bbp_reply_count":0,"_bbp_total_topic_count":0,"_bbp_total_reply_count":0,"_bbp_voice_count":0,"_bbp_anonymous_reply_count":0,"_bbp_topic_count_hidden":0,"_bbp_reply_count_hidden":0,"_bbp_forum_subforum_count":0,"footnotes":""},"categories":[71,1],"tags":[301,305,93,353,358],"class_list":["post-16969","post","type-post","status-publish","format-standard","has-post-thumbnail","hentry","category-general","category-portada","tag-dia-internacional-de-la-llengua-materna","tag-dilm","tag-diversitat","tag-llengua","tag-llengua-oral"],"post_mailing_queue_ids":[],"_links":{"self":[{"href":"https:\/\/agora.xtec.cat\/ceipreixac\/wp-json\/wp\/v2\/posts\/16969","targetHints":{"allow":["GET"]}}],"collection":[{"href":"https:\/\/agora.xtec.cat\/ceipreixac\/wp-json\/wp\/v2\/posts"}],"about":[{"href":"https:\/\/agora.xtec.cat\/ceipreixac\/wp-json\/wp\/v2\/types\/post"}],"author":[{"embeddable":true,"href":"https:\/\/agora.xtec.cat\/ceipreixac\/wp-json\/wp\/v2\/users\/1"}],"replies":[{"embeddable":true,"href":"https:\/\/agora.xtec.cat\/ceipreixac\/wp-json\/wp\/v2\/comments?post=16969"}],"version-history":[{"count":5,"href":"https:\/\/agora.xtec.cat\/ceipreixac\/wp-json\/wp\/v2\/posts\/16969\/revisions"}],"predecessor-version":[{"id":16978,"href":"https:\/\/agora.xtec.cat\/ceipreixac\/wp-json\/wp\/v2\/posts\/16969\/revisions\/16978"}],"wp:featuredmedia":[{"embeddable":true,"href":"https:\/\/agora.xtec.cat\/ceipreixac\/wp-json\/wp\/v2\/media\/16971"}],"wp:attachment":[{"href":"https:\/\/agora.xtec.cat\/ceipreixac\/wp-json\/wp\/v2\/media?parent=16969"}],"wp:term":[{"taxonomy":"category","embeddable":true,"href":"https:\/\/agora.xtec.cat\/ceipreixac\/wp-json\/wp\/v2\/categories?post=16969"},{"taxonomy":"post_tag","embeddable":true,"href":"https:\/\/agora.xtec.cat\/ceipreixac\/wp-json\/wp\/v2\/tags?post=16969"}],"curies":[{"name":"wp","href":"https:\/\/api.w.org\/{rel}","templated":true}]}}