{"id":16743,"date":"2023-12-13T20:18:13","date_gmt":"2023-12-13T19:18:13","guid":{"rendered":"https:\/\/agora.xtec.cat\/ceipreixac\/?p=16743"},"modified":"2023-12-13T20:21:32","modified_gmt":"2023-12-13T19:21:32","slug":"visita-al-parlament","status":"publish","type":"post","link":"https:\/\/agora.xtec.cat\/ceipreixac\/portada\/visita-al-parlament\/","title":{"rendered":"UN DIA AL PARLAMENT"},"content":{"rendered":"<p>El passat dilluns 11 de desembre, els alumnes de sis\u00e8 van agafar el tren per a visitar el <strong><em>Parlament de Catalunya<\/em><\/strong>.\u00a0 Van poder trepitjar la Sala de Plens i la resta de l&#8217;edifici, tamb\u00e9 els van explicar com funciona tot all\u00e0 dins: quina feina fan els pol\u00edtics, com s\u00f3n triats, on seuen o com van les votacions. Aquell mat\u00ed, van coincidir amb alguns mitjans de comunicaci\u00f3 que seguien de ben a prop la trepidant actualitat pol\u00edtica del pa\u00eds i es van creuar amb alguns pol\u00edtics com el Jordi Pujol expresident de Catalunya, l&#8217;Albert Illa del PSC o el Carlos Carrizosa de Ciutadans. Va ser molt interessant i emocionant!<\/p>\n<p>A m\u00e9s a m\u00e9s, van aprofitar per fer una passeig pel barri del Born i van descobrir altres indrets hist\u00f2rics de la ciutat com ara l\u2019<strong><em>Arc de Triomf <\/em><\/strong>entrada a l&#8217;Exposici\u00f3 Universal del 1888, el\u00a0<strong><em>Centre Cultural del Born<\/em><\/strong>, la\u00a0<strong><em>Catedral de Santa Maria del Mar<\/em><\/strong>, el\u00a0<em><strong>Fossar de les Moreres<\/strong>, l&#8217;<strong>estaci\u00f3 de Fran\u00e7a<\/strong><\/em>\u00a0i, com no, el parc de la <strong><em>Ciutadella<\/em><\/strong>. Van descobrir que als carrers del barri de la Ribera hi vivien els diferents gremis que venien all\u00e0 els seus productes: Calderers, Flassaders, Sombrerers, Argenteria, Espaseria, Esparteria, Formatgeria&#8230;I tamb\u00e9 com el\u00a0 carrer Rec, devia el seu nom al canal que abastia d&#8217;aigua a Barcelona i que venia des de Montcada! O com el carrer m\u00e9s elegant i ple de palaus es diu, precisament carrer de Montcada.<\/p>\n<p>Mai una jornada havia aglutinat tanta hist\u00f2ria passada i, a la vegada, tant de futur.<\/p>\n<p>Un dia inoblidable!<\/p>\n<p><a href=\"https:\/\/drive.google.com\/drive\/folders\/1jh4lXb4ig2Meix5Tu70tMQN92FRZ9ROp?usp=sharing\"><img loading=\"lazy\" decoding=\"async\" class=\"aligncenter size-full wp-image-16750\" src=\"https:\/\/agora.xtec.cat\/ceipreixac\/wp-content\/uploads\/usu1230\/2023\/12\/IMG_20231211_124740-1.jpg\" alt=\"\" width=\"1824\" height=\"1368\" srcset=\"https:\/\/agora.xtec.cat\/ceipreixac\/wp-content\/uploads\/usu1230\/2023\/12\/IMG_20231211_124740-1.jpg 1824w, https:\/\/agora.xtec.cat\/ceipreixac\/wp-content\/uploads\/usu1230\/2023\/12\/IMG_20231211_124740-1-300x225.jpg 300w, https:\/\/agora.xtec.cat\/ceipreixac\/wp-content\/uploads\/usu1230\/2023\/12\/IMG_20231211_124740-1-1024x768.jpg 1024w, https:\/\/agora.xtec.cat\/ceipreixac\/wp-content\/uploads\/usu1230\/2023\/12\/IMG_20231211_124740-1-768x576.jpg 768w, https:\/\/agora.xtec.cat\/ceipreixac\/wp-content\/uploads\/usu1230\/2023\/12\/IMG_20231211_124740-1-1536x1152.jpg 1536w, https:\/\/agora.xtec.cat\/ceipreixac\/wp-content\/uploads\/usu1230\/2023\/12\/IMG_20231211_124740-1-200x150.jpg 200w\" sizes=\"auto, (max-width: 1824px) 100vw, 1824px\" \/><\/a><\/p>\n","protected":false},"excerpt":{"rendered":"<p>6\u00e8 al Parlament de Catalunya i el barri de la Ribera a Barcelona.&hellip;  <a href=\"https:\/\/agora.xtec.cat\/ceipreixac\/portada\/visita-al-parlament\/\" title=\"Read UN DIA AL PARLAMENT\">Llegeix m\u00e9s\u00bb<\/a><\/p>\n","protected":false},"author":9,"featured_media":16749,"comment_status":"open","ping_status":"closed","sticky":false,"template":"","format":"standard","meta":{"_bbp_topic_count":0,"_bbp_reply_count":0,"_bbp_total_topic_count":0,"_bbp_total_reply_count":0,"_bbp_voice_count":0,"_bbp_anonymous_reply_count":0,"_bbp_topic_count_hidden":0,"_bbp_reply_count_hidden":0,"_bbp_forum_subforum_count":0,"footnotes":""},"categories":[62,71,1],"tags":[59,122,98,16],"class_list":["post-16743","post","type-post","status-publish","format-standard","has-post-thumbnail","hentry","category-cicle-superior","category-general","category-portada","tag-activitats-destacades","tag-cicle-superior","tag-educacio-en-valors","tag-sortides"],"post_mailing_queue_ids":[],"_links":{"self":[{"href":"https:\/\/agora.xtec.cat\/ceipreixac\/wp-json\/wp\/v2\/posts\/16743","targetHints":{"allow":["GET"]}}],"collection":[{"href":"https:\/\/agora.xtec.cat\/ceipreixac\/wp-json\/wp\/v2\/posts"}],"about":[{"href":"https:\/\/agora.xtec.cat\/ceipreixac\/wp-json\/wp\/v2\/types\/post"}],"author":[{"embeddable":true,"href":"https:\/\/agora.xtec.cat\/ceipreixac\/wp-json\/wp\/v2\/users\/9"}],"replies":[{"embeddable":true,"href":"https:\/\/agora.xtec.cat\/ceipreixac\/wp-json\/wp\/v2\/comments?post=16743"}],"version-history":[{"count":6,"href":"https:\/\/agora.xtec.cat\/ceipreixac\/wp-json\/wp\/v2\/posts\/16743\/revisions"}],"predecessor-version":[{"id":16757,"href":"https:\/\/agora.xtec.cat\/ceipreixac\/wp-json\/wp\/v2\/posts\/16743\/revisions\/16757"}],"wp:featuredmedia":[{"embeddable":true,"href":"https:\/\/agora.xtec.cat\/ceipreixac\/wp-json\/wp\/v2\/media\/16749"}],"wp:attachment":[{"href":"https:\/\/agora.xtec.cat\/ceipreixac\/wp-json\/wp\/v2\/media?parent=16743"}],"wp:term":[{"taxonomy":"category","embeddable":true,"href":"https:\/\/agora.xtec.cat\/ceipreixac\/wp-json\/wp\/v2\/categories?post=16743"},{"taxonomy":"post_tag","embeddable":true,"href":"https:\/\/agora.xtec.cat\/ceipreixac\/wp-json\/wp\/v2\/tags?post=16743"}],"curies":[{"name":"wp","href":"https:\/\/api.w.org\/{rel}","templated":true}]}}