{"id":16626,"date":"2023-10-29T11:35:11","date_gmt":"2023-10-29T10:35:11","guid":{"rendered":"https:\/\/agora.xtec.cat\/ceipreixac\/?p=16626"},"modified":"2023-11-08T11:41:36","modified_gmt":"2023-11-08T10:41:36","slug":"danses-de-la-castanyada-2023","status":"publish","type":"post","link":"https:\/\/agora.xtec.cat\/ceipreixac\/portada\/danses-de-la-castanyada-2023\/","title":{"rendered":"DANSES DE LA CASTANYADA 2023"},"content":{"rendered":"<p style=\"text-align: justify;\">El divendres dia 27 va ser un dia de celebraci\u00f3 al centre. El mat\u00ed va estar ple d&#8217;activitats espec\u00edfiques i singulars relacionades amb la Castanyada. Els m\u00e9s petits van rebre a les castanyeres i, els alumnes de 5\u00e8 van passar per les diferents aules recollint les paperines per emplenar de castanyes. A la tarda, v\u00e0rem obrir el centre a les fam\u00edlies i calculem que l&#8217;assist\u00e8ncia va superar les 500 persones. Us compartim les<a href=\"https:\/\/drive.google.com\/drive\/folders\/14s5mgfO4hPeqCCi18UdvL7_hZG1hgNWG?usp=sharing\" target=\"_blank\" rel=\"noopener\"> fotografies<\/a> de les danses, amb un recull de m\u00e9s de 200 imatges, i tamb\u00e9 un tastet de les danses amb <a href=\"https:\/\/drive.google.com\/drive\/folders\/1Q5nU-qyNzPvoaJhxko7lJ4MjAhd1MqnD?usp=sharing\" target=\"_blank\" rel=\"noopener\">fragments de v\u00eddeo<\/a>. Gr\u00e0cies a tots per venir a compartir una de les tardes m\u00e9s especials del curs i MOLTES FELICITATS als dansaires.A l&#8217;Alba Sospedra, la nostra mestra de m\u00fasica, gr\u00e0cies i felicitats per fer-nos <a href=\"https:\/\/drive.google.com\/file\/d\/1fjytYPaZcQX-QUPuXiEmm-wgFfSs8WDh\/view?usp=sharing\" target=\"_blank\" rel=\"noopener\">ballar un any m\u00e9s a tota l&#8217;escola<\/a>!<\/p>\n<p><strong>Per accedir tan a les imatges com als v\u00eddeos, heu de fer-ho a partir del correu dels alumnes amb el domini @escolareixac<\/strong><\/p>\n<p>Us recordem les actuacions:<\/p>\n<p><a href=\"https:\/\/drive.google.com\/file\/d\/1hACGqGf7V-nzYccwRC6p1MsBRvKWJvcr\/view?usp=sharing\" target=\"_blank\" rel=\"noopener\">I3: LA TARDOR<\/a><\/p>\n<p><a href=\"https:\/\/drive.google.com\/file\/d\/1gzV901N2oj36zmr7Zd2objGYqtS_FVLt\/view?usp=sharing\" target=\"_blank\" rel=\"noopener\">I4: EL RAP DE LA CASTANYA<\/a><a href=\"https:\/\/drive.google.com\/drive\/folders\/14s5mgfO4hPeqCCi18UdvL7_hZG1hgNWG?usp=sharing\" target=\"_blank\" rel=\"noopener\"><img loading=\"lazy\" decoding=\"async\" class=\"size-medium wp-image-16628 alignright\" src=\"https:\/\/agora.xtec.cat\/ceipreixac\/wp-content\/uploads\/usu1230\/2023\/10\/P1190418-300x169.jpg\" alt=\"\" width=\"300\" height=\"169\" srcset=\"https:\/\/agora.xtec.cat\/ceipreixac\/wp-content\/uploads\/usu1230\/2023\/10\/P1190418-300x169.jpg 300w, https:\/\/agora.xtec.cat\/ceipreixac\/wp-content\/uploads\/usu1230\/2023\/10\/P1190418-1024x576.jpg 1024w, https:\/\/agora.xtec.cat\/ceipreixac\/wp-content\/uploads\/usu1230\/2023\/10\/P1190418-768x432.jpg 768w, https:\/\/agora.xtec.cat\/ceipreixac\/wp-content\/uploads\/usu1230\/2023\/10\/P1190418.jpg 1152w\" sizes=\"auto, (max-width: 300px) 100vw, 300px\" \/><\/a><\/p>\n<p><a href=\"https:\/\/drive.google.com\/file\/d\/1gxicBESzwxpHRR58O3_jUgfOkAggBOLX\/view?usp=sharing\" target=\"_blank\" rel=\"noopener\">I5: LA CASTANYERA ROCKERA<\/a><\/p>\n<p><a href=\"https:\/\/drive.google.com\/file\/d\/1gwA7rQDLQgPlYqBZRG6e_OsnqDG1k14Z\/view?usp=sharing\" target=\"_blank\" rel=\"noopener\">1r: LA RUMBA DE LES CASTANYES<\/a><\/p>\n<p><a href=\"https:\/\/drive.google.com\/file\/d\/1gtAxyUyfbybzMnCBCvVkQ0nQ69n4kaKq\/view?usp=sharing\" target=\"_blank\" rel=\"noopener\">2n: LA MASOVERA<\/a><\/p>\n<p><a href=\"https:\/\/drive.google.com\/file\/d\/1gkWzCH3qO6RVISkjg3WGCrlPYCDEGEQY\/view?usp=sharing\" target=\"_blank\" rel=\"noopener\">3r: DANSA DE L&#8217;INDIOT<\/a><\/p>\n<p><a href=\"https:\/\/drive.google.com\/file\/d\/1gUfYgLr8C3WNgUzP1dEgMY4k0wHaVmQK\/view?usp=sharing\" target=\"_blank\" rel=\"noopener\">4t: BALL DE CASCAVELLS<\/a><\/p>\n<p><a href=\"https:\/\/drive.google.com\/file\/d\/1gSRmGiC0AxwQ1O795Zws8ZqXTi8Hgrcl\/view?usp=sharing\" target=\"_blank\" rel=\"noopener\">5\u00e8: BALL DE BASTONS<\/a><\/p>\n<p><a href=\"https:\/\/drive.google.com\/file\/d\/1gO1gknm9u4Ik6bfENR_r2WuU_iCUdmKw\/view?usp=sharing\" target=\"_blank\" rel=\"noopener\">6\u00e8: BALL DE CINTES<\/a><\/p>\n<p>&nbsp;<\/p>\n","protected":false},"excerpt":{"rendered":"<p>Ja teniu disponible el recull de les danses de la castanyada d&#8217;enguany.&hellip;  <a href=\"https:\/\/agora.xtec.cat\/ceipreixac\/portada\/danses-de-la-castanyada-2023\/\" title=\"Read DANSES DE LA CASTANYADA 2023\">Llegeix m\u00e9s\u00bb<\/a><\/p>\n","protected":false},"author":1,"featured_media":16629,"comment_status":"open","ping_status":"closed","sticky":false,"template":"","format":"standard","meta":{"_bbp_topic_count":0,"_bbp_reply_count":0,"_bbp_total_topic_count":0,"_bbp_total_reply_count":0,"_bbp_voice_count":0,"_bbp_anonymous_reply_count":0,"_bbp_topic_count_hidden":0,"_bbp_reply_count_hidden":0,"_bbp_forum_subforum_count":0,"footnotes":""},"categories":[71,1],"tags":[92,159,227],"class_list":["post-16626","post","type-post","status-publish","format-standard","has-post-thumbnail","hentry","category-general","category-portada","tag-castanyada","tag-festa-castanyada","tag-festa-de-la-dansa"],"post_mailing_queue_ids":[],"_links":{"self":[{"href":"https:\/\/agora.xtec.cat\/ceipreixac\/wp-json\/wp\/v2\/posts\/16626","targetHints":{"allow":["GET"]}}],"collection":[{"href":"https:\/\/agora.xtec.cat\/ceipreixac\/wp-json\/wp\/v2\/posts"}],"about":[{"href":"https:\/\/agora.xtec.cat\/ceipreixac\/wp-json\/wp\/v2\/types\/post"}],"author":[{"embeddable":true,"href":"https:\/\/agora.xtec.cat\/ceipreixac\/wp-json\/wp\/v2\/users\/1"}],"replies":[{"embeddable":true,"href":"https:\/\/agora.xtec.cat\/ceipreixac\/wp-json\/wp\/v2\/comments?post=16626"}],"version-history":[{"count":4,"href":"https:\/\/agora.xtec.cat\/ceipreixac\/wp-json\/wp\/v2\/posts\/16626\/revisions"}],"predecessor-version":[{"id":16635,"href":"https:\/\/agora.xtec.cat\/ceipreixac\/wp-json\/wp\/v2\/posts\/16626\/revisions\/16635"}],"wp:featuredmedia":[{"embeddable":true,"href":"https:\/\/agora.xtec.cat\/ceipreixac\/wp-json\/wp\/v2\/media\/16629"}],"wp:attachment":[{"href":"https:\/\/agora.xtec.cat\/ceipreixac\/wp-json\/wp\/v2\/media?parent=16626"}],"wp:term":[{"taxonomy":"category","embeddable":true,"href":"https:\/\/agora.xtec.cat\/ceipreixac\/wp-json\/wp\/v2\/categories?post=16626"},{"taxonomy":"post_tag","embeddable":true,"href":"https:\/\/agora.xtec.cat\/ceipreixac\/wp-json\/wp\/v2\/tags?post=16626"}],"curies":[{"name":"wp","href":"https:\/\/api.w.org\/{rel}","templated":true}]}}