{"id":16624,"date":"2023-11-03T06:20:38","date_gmt":"2023-11-03T05:20:38","guid":{"rendered":"https:\/\/agora.xtec.cat\/ceipreixac\/?p=16624"},"modified":"2023-11-03T06:20:38","modified_gmt":"2023-11-03T05:20:38","slug":"trobada-del-consell-dalumnes-delegats-i-delegades","status":"publish","type":"post","link":"https:\/\/agora.xtec.cat\/ceipreixac\/portada\/trobada-del-consell-dalumnes-delegats-i-delegades\/","title":{"rendered":"TROBADA DEL CONSELL D&#8217;ALUMNES DELEGATS I DELEGADES"},"content":{"rendered":"<p>El passat dijous dia 26 v\u00e0rem celebrar la primera trobada de delegats i delegades d&#8217;enguany. A m\u00e9s a m\u00e9s de felicitar als alumnes que han estat seleccionats com a representants de les seves classes, v\u00e0rem idear un lema i un logo com\u00fa, que ser\u00e0 el que definir\u00e0 aquest \u00f2rgan durant el curs. Amb l&#8217;ajuda de tots els components i de manera consensuada, &#8220;Fem pinya per un escola millor&#8221;.<\/p>\n<p>Tamb\u00e9 v\u00e0rem raonar sobre altres q\u00fcestions que afecten a la vida al centre, com ara la m\u00fasica que escoltarem per la megafonia, el primer concurs proposat des de la biblioteca i, tamb\u00e9 els jocs de pati.<\/p>\n<p><a href=\"https:\/\/drive.google.com\/drive\/folders\/1eJ2w5VQXWL2rj7kQqrtPr-bnJJJ3Sq1w?usp=sharing\" target=\"_blank\" rel=\"noopener\"><img loading=\"lazy\" decoding=\"async\" class=\"size-medium wp-image-16651 aligncenter\" src=\"https:\/\/agora.xtec.cat\/ceipreixac\/wp-content\/uploads\/usu1230\/2023\/11\/1698509034003-300x199.jpg\" alt=\"\" width=\"300\" height=\"199\" srcset=\"https:\/\/agora.xtec.cat\/ceipreixac\/wp-content\/uploads\/usu1230\/2023\/11\/1698509034003-300x199.jpg 300w, https:\/\/agora.xtec.cat\/ceipreixac\/wp-content\/uploads\/usu1230\/2023\/11\/1698509034003-768x509.jpg 768w, https:\/\/agora.xtec.cat\/ceipreixac\/wp-content\/uploads\/usu1230\/2023\/11\/1698509034003.jpg 927w\" sizes=\"auto, (max-width: 300px) 100vw, 300px\" \/><\/a><\/p>\n","protected":false},"excerpt":{"rendered":"<p>Ja hem celebrat la primera reuni\u00f3 del consell d&#8217;alumnes delegats i delegades&hellip;  <a href=\"https:\/\/agora.xtec.cat\/ceipreixac\/portada\/trobada-del-consell-dalumnes-delegats-i-delegades\/\" title=\"Read TROBADA DEL CONSELL D&#8217;ALUMNES DELEGATS I DELEGADES\">Llegeix m\u00e9s\u00bb<\/a><\/p>\n","protected":false},"author":1,"featured_media":16650,"comment_status":"open","ping_status":"closed","sticky":false,"template":"","format":"standard","meta":{"_bbp_topic_count":0,"_bbp_reply_count":0,"_bbp_total_topic_count":0,"_bbp_total_reply_count":0,"_bbp_voice_count":0,"_bbp_anonymous_reply_count":0,"_bbp_topic_count_hidden":0,"_bbp_reply_count_hidden":0,"_bbp_forum_subforum_count":0,"footnotes":""},"categories":[71,1],"tags":[79,155,183],"class_list":["post-16624","post","type-post","status-publish","format-standard","has-post-thumbnail","hentry","category-general","category-portada","tag-delegats-i-delegades","tag-delegats-des","tag-trobada-de-delegats-es"],"post_mailing_queue_ids":[],"_links":{"self":[{"href":"https:\/\/agora.xtec.cat\/ceipreixac\/wp-json\/wp\/v2\/posts\/16624","targetHints":{"allow":["GET"]}}],"collection":[{"href":"https:\/\/agora.xtec.cat\/ceipreixac\/wp-json\/wp\/v2\/posts"}],"about":[{"href":"https:\/\/agora.xtec.cat\/ceipreixac\/wp-json\/wp\/v2\/types\/post"}],"author":[{"embeddable":true,"href":"https:\/\/agora.xtec.cat\/ceipreixac\/wp-json\/wp\/v2\/users\/1"}],"replies":[{"embeddable":true,"href":"https:\/\/agora.xtec.cat\/ceipreixac\/wp-json\/wp\/v2\/comments?post=16624"}],"version-history":[{"count":3,"href":"https:\/\/agora.xtec.cat\/ceipreixac\/wp-json\/wp\/v2\/posts\/16624\/revisions"}],"predecessor-version":[{"id":16653,"href":"https:\/\/agora.xtec.cat\/ceipreixac\/wp-json\/wp\/v2\/posts\/16624\/revisions\/16653"}],"wp:featuredmedia":[{"embeddable":true,"href":"https:\/\/agora.xtec.cat\/ceipreixac\/wp-json\/wp\/v2\/media\/16650"}],"wp:attachment":[{"href":"https:\/\/agora.xtec.cat\/ceipreixac\/wp-json\/wp\/v2\/media?parent=16624"}],"wp:term":[{"taxonomy":"category","embeddable":true,"href":"https:\/\/agora.xtec.cat\/ceipreixac\/wp-json\/wp\/v2\/categories?post=16624"},{"taxonomy":"post_tag","embeddable":true,"href":"https:\/\/agora.xtec.cat\/ceipreixac\/wp-json\/wp\/v2\/tags?post=16624"}],"curies":[{"name":"wp","href":"https:\/\/api.w.org\/{rel}","templated":true}]}}