{"id":16533,"date":"2023-10-16T11:37:15","date_gmt":"2023-10-16T09:37:15","guid":{"rendered":"https:\/\/agora.xtec.cat\/ceipreixac\/?p=16533"},"modified":"2023-10-16T11:37:15","modified_gmt":"2023-10-16T09:37:15","slug":"jocs-compartits-a-la-llacuna","status":"publish","type":"post","link":"https:\/\/agora.xtec.cat\/ceipreixac\/portada\/jocs-compartits-a-la-llacuna\/","title":{"rendered":"JOCS COMPARTITS A LA LLACUNA"},"content":{"rendered":"<p>El passat 11 d&#8217;octubre, a mig mat\u00ed, els alumnes de 5\u00e8 i 6\u00e8 de l&#8217;escola vam anar al Parc de la LLacuna a acabar de passar el dia, dinar, establir lligams i jugar tots junts.<\/p>\n<p>I \u00e9s que aquest era l&#8217;objectiu: alumnes i mestres de Cicle Superior compartint un dia de jocs, riures i bon temps. De pas, vam redescobrir el Parc de la Llacuna que, com veureu a les fotos, ofereix tot un ventall de possibiltats: jocs de parc, m\u00e0quines d&#8217;exercicis, molt d&#8217;espai per a c\u00f2rrer, amagar-se, fer cabanes, inventar-nos jocs o xerrar i passejar tranquil\u00b7lament envoltats d&#8217;arbres, que poc a poc i malgrat la sequera i la calor, es van apropant a la tardor.<\/p>\n<p>Un dia perfecte! Cliqueu la imatge per a veure&#8217;n la resta.<\/p>\n<p><a href=\"https:\/\/drive.google.com\/drive\/folders\/1bXhJ4smM1Mp2L0np61B4xmN74MHAV1a3?usp=drive_link\"><img loading=\"lazy\" decoding=\"async\" class=\"aligncenter size-full wp-image-16536\" src=\"https:\/\/agora.xtec.cat\/ceipreixac\/wp-content\/uploads\/usu1230\/2023\/10\/IMG_20231011_114223-3-1.jpg\" alt=\"\" width=\"750\" height=\"1000\" srcset=\"https:\/\/agora.xtec.cat\/ceipreixac\/wp-content\/uploads\/usu1230\/2023\/10\/IMG_20231011_114223-3-1.jpg 750w, https:\/\/agora.xtec.cat\/ceipreixac\/wp-content\/uploads\/usu1230\/2023\/10\/IMG_20231011_114223-3-1-225x300.jpg 225w\" sizes=\"auto, (max-width: 750px) 100vw, 750px\" \/><\/a><\/p>\n<p>&nbsp;<\/p>\n","protected":false},"excerpt":{"rendered":"<p>Cicle Superior passa un dia de jocs a la LLacuna&hellip;  <a href=\"https:\/\/agora.xtec.cat\/ceipreixac\/portada\/jocs-compartits-a-la-llacuna\/\" title=\"Read JOCS COMPARTITS A LA LLACUNA\">Llegeix m\u00e9s\u00bb<\/a><\/p>\n","protected":false},"author":9,"featured_media":16534,"comment_status":"open","ping_status":"closed","sticky":false,"template":"","format":"standard","meta":{"_bbp_topic_count":0,"_bbp_reply_count":0,"_bbp_total_topic_count":0,"_bbp_total_reply_count":0,"_bbp_voice_count":0,"_bbp_anonymous_reply_count":0,"_bbp_topic_count_hidden":0,"_bbp_reply_count_hidden":0,"_bbp_forum_subforum_count":0,"footnotes":""},"categories":[62,71,1],"tags":[122,98,87],"class_list":["post-16533","post","type-post","status-publish","format-standard","has-post-thumbnail","hentry","category-cicle-superior","category-general","category-portada","tag-cicle-superior","tag-educacio-en-valors","tag-experimentacio"],"post_mailing_queue_ids":[],"_links":{"self":[{"href":"https:\/\/agora.xtec.cat\/ceipreixac\/wp-json\/wp\/v2\/posts\/16533","targetHints":{"allow":["GET"]}}],"collection":[{"href":"https:\/\/agora.xtec.cat\/ceipreixac\/wp-json\/wp\/v2\/posts"}],"about":[{"href":"https:\/\/agora.xtec.cat\/ceipreixac\/wp-json\/wp\/v2\/types\/post"}],"author":[{"embeddable":true,"href":"https:\/\/agora.xtec.cat\/ceipreixac\/wp-json\/wp\/v2\/users\/9"}],"replies":[{"embeddable":true,"href":"https:\/\/agora.xtec.cat\/ceipreixac\/wp-json\/wp\/v2\/comments?post=16533"}],"version-history":[{"count":4,"href":"https:\/\/agora.xtec.cat\/ceipreixac\/wp-json\/wp\/v2\/posts\/16533\/revisions"}],"predecessor-version":[{"id":16578,"href":"https:\/\/agora.xtec.cat\/ceipreixac\/wp-json\/wp\/v2\/posts\/16533\/revisions\/16578"}],"wp:featuredmedia":[{"embeddable":true,"href":"https:\/\/agora.xtec.cat\/ceipreixac\/wp-json\/wp\/v2\/media\/16534"}],"wp:attachment":[{"href":"https:\/\/agora.xtec.cat\/ceipreixac\/wp-json\/wp\/v2\/media?parent=16533"}],"wp:term":[{"taxonomy":"category","embeddable":true,"href":"https:\/\/agora.xtec.cat\/ceipreixac\/wp-json\/wp\/v2\/categories?post=16533"},{"taxonomy":"post_tag","embeddable":true,"href":"https:\/\/agora.xtec.cat\/ceipreixac\/wp-json\/wp\/v2\/tags?post=16533"}],"curies":[{"name":"wp","href":"https:\/\/api.w.org\/{rel}","templated":true}]}}