{"id":15824,"date":"2023-03-06T09:48:15","date_gmt":"2023-03-06T08:48:15","guid":{"rendered":"https:\/\/agora.xtec.cat\/ceipreixac\/?p=15824"},"modified":"2023-03-06T09:48:15","modified_gmt":"2023-03-06T08:48:15","slug":"aprenem-a-llegir-millor-apadrinament-6e-i-2n","status":"publish","type":"post","link":"https:\/\/agora.xtec.cat\/ceipreixac\/portada\/aprenem-a-llegir-millor-apadrinament-6e-i-2n\/","title":{"rendered":"APRENEM A LLEGIR MILLOR! APADRINAMENT 6\u00e8 i 2n"},"content":{"rendered":"<p>Com ja sabeu aquest any els nois i les noies de 6\u00e8 tornem a fer de padrins de lectura dels infants de 2n i aix\u00f2 ens fa molt feli\u00e7os!!!<\/p>\n<p>Aquest cop ens hem trobat amb els fillols per ajudar-los a fer una comprensi\u00f3 lectora i ens ho hem passat genial. Els i les\u00a0 grans ens la vam preparar molt b\u00e9. Vam treballar el vocabulari per poder-lo explicar i fer-lo entenedor als nostres fillols i filloles i vam practicar com ho hav\u00edem d&#8217;explicar perqu\u00e8&#8230;. dir all\u00f2 de: &#8220;aix\u00f2 es pinta de color blau&#8221; no podia ser de cap de les maneres.<\/p>\n<p>Aix\u00ed que despr\u00e9s de tanta preparaci\u00f3 va arribar el dia esperat i ens vam reunir amb ells i elles. Van treballar de valent i ens sentim molt orgulloses de tots i totes. Quan vam acabar els hi vam llegir algun llibre que hav\u00edem portat a la classe per ells o ens van ensenyar els que llegien ells.<\/p>\n<p>Ja estem esperant i desitjant que arribi la propera trobada<a href=\"https:\/\/drive.google.com\/drive\/folders\/1-O8t3kdHOKaYaF1Sxmk9WQt93Mvfn2Md?usp=share_link\"><img loading=\"lazy\" decoding=\"async\" class=\"size-large wp-image-15825\" src=\"https:\/\/agora.xtec.cat\/ceipreixac\/wp-content\/uploads\/usu1230\/2023\/02\/WhatsApp-Image-2023-02-23-at-20.44.21-1024x577.jpeg\" alt=\"\" width=\"1024\" height=\"577\" srcset=\"https:\/\/agora.xtec.cat\/ceipreixac\/wp-content\/uploads\/usu1230\/2023\/02\/WhatsApp-Image-2023-02-23-at-20.44.21-1024x577.jpeg 1024w, https:\/\/agora.xtec.cat\/ceipreixac\/wp-content\/uploads\/usu1230\/2023\/02\/WhatsApp-Image-2023-02-23-at-20.44.21-300x169.jpeg 300w, https:\/\/agora.xtec.cat\/ceipreixac\/wp-content\/uploads\/usu1230\/2023\/02\/WhatsApp-Image-2023-02-23-at-20.44.21-768x432.jpeg 768w, https:\/\/agora.xtec.cat\/ceipreixac\/wp-content\/uploads\/usu1230\/2023\/02\/WhatsApp-Image-2023-02-23-at-20.44.21-1536x865.jpeg 1536w, https:\/\/agora.xtec.cat\/ceipreixac\/wp-content\/uploads\/usu1230\/2023\/02\/WhatsApp-Image-2023-02-23-at-20.44.21.jpeg 2048w\" sizes=\"auto, (max-width: 1024px) 100vw, 1024px\" \/><\/a><\/p>\n","protected":false},"excerpt":{"rendered":"<p>Els padrins i les padrines de 6\u00e8 ajuden als fillols a llegir cada cop millor i comprendre el que llegeixen per poder gaudir cada cop m\u00e9s de la lectura&hellip;  <a href=\"https:\/\/agora.xtec.cat\/ceipreixac\/portada\/aprenem-a-llegir-millor-apadrinament-6e-i-2n\/\" title=\"Read APRENEM A LLEGIR MILLOR! APADRINAMENT 6\u00e8 i 2n\">Llegeix m\u00e9s\u00bb<\/a><\/p>\n","protected":false},"author":9,"featured_media":15825,"comment_status":"open","ping_status":"closed","sticky":false,"template":"","format":"standard","meta":{"_bbp_topic_count":0,"_bbp_reply_count":0,"_bbp_total_topic_count":0,"_bbp_total_reply_count":0,"_bbp_voice_count":0,"_bbp_anonymous_reply_count":0,"_bbp_topic_count_hidden":0,"_bbp_reply_count_hidden":0,"_bbp_forum_subforum_count":0,"footnotes":""},"categories":[60,62,1],"tags":[59,74,169,122],"class_list":["post-15824","post","type-post","status-publish","format-standard","has-post-thumbnail","hentry","category-cicle-inicial","category-cicle-superior","category-portada","tag-activitats-destacades","tag-apadrinament-lector","tag-cicle-inicial","tag-cicle-superior"],"post_mailing_queue_ids":[],"_links":{"self":[{"href":"https:\/\/agora.xtec.cat\/ceipreixac\/wp-json\/wp\/v2\/posts\/15824","targetHints":{"allow":["GET"]}}],"collection":[{"href":"https:\/\/agora.xtec.cat\/ceipreixac\/wp-json\/wp\/v2\/posts"}],"about":[{"href":"https:\/\/agora.xtec.cat\/ceipreixac\/wp-json\/wp\/v2\/types\/post"}],"author":[{"embeddable":true,"href":"https:\/\/agora.xtec.cat\/ceipreixac\/wp-json\/wp\/v2\/users\/9"}],"replies":[{"embeddable":true,"href":"https:\/\/agora.xtec.cat\/ceipreixac\/wp-json\/wp\/v2\/comments?post=15824"}],"version-history":[{"count":3,"href":"https:\/\/agora.xtec.cat\/ceipreixac\/wp-json\/wp\/v2\/posts\/15824\/revisions"}],"predecessor-version":[{"id":15890,"href":"https:\/\/agora.xtec.cat\/ceipreixac\/wp-json\/wp\/v2\/posts\/15824\/revisions\/15890"}],"wp:featuredmedia":[{"embeddable":true,"href":"https:\/\/agora.xtec.cat\/ceipreixac\/wp-json\/wp\/v2\/media\/15825"}],"wp:attachment":[{"href":"https:\/\/agora.xtec.cat\/ceipreixac\/wp-json\/wp\/v2\/media?parent=15824"}],"wp:term":[{"taxonomy":"category","embeddable":true,"href":"https:\/\/agora.xtec.cat\/ceipreixac\/wp-json\/wp\/v2\/categories?post=15824"},{"taxonomy":"post_tag","embeddable":true,"href":"https:\/\/agora.xtec.cat\/ceipreixac\/wp-json\/wp\/v2\/tags?post=15824"}],"curies":[{"name":"wp","href":"https:\/\/api.w.org\/{rel}","templated":true}]}}